{"id":2476,"date":"2026-01-10T11:48:53","date_gmt":"2026-01-10T10:48:53","guid":{"rendered":"https:\/\/droitemoderniste.be\/?p=2476"},"modified":"2026-01-10T11:48:53","modified_gmt":"2026-01-10T10:48:53","slug":"mieux-vaut-un-pays-dans-la-rue-quun-pays-a-la-rue","status":"publish","type":"post","link":"https:\/\/droitemoderniste.be\/index.php\/2026\/01\/10\/mieux-vaut-un-pays-dans-la-rue-quun-pays-a-la-rue\/","title":{"rendered":"\u00ab\u00a0Mieux vaut un pays dans la rue qu&rsquo;un pays \u00e0 la rue!\u00a0\u00bb"},"content":{"rendered":"\n<figure class=\"wp-block-image size-full\"><img loading=\"lazy\" decoding=\"async\" width=\"768\" height=\"512\" src=\"https:\/\/droitemoderniste.be\/wp-content\/uploads\/2026\/01\/colere1.jpg\" alt=\"\" class=\"wp-image-2477\" srcset=\"https:\/\/droitemoderniste.be\/wp-content\/uploads\/2026\/01\/colere1.jpg 768w, https:\/\/droitemoderniste.be\/wp-content\/uploads\/2026\/01\/colere1-300x200.jpg 300w\" sizes=\"auto, (max-width: 768px) 100vw, 768px\" \/><\/figure>\n\n\n\n<p class=\"wp-block-paragraph\">On entend toujours la m\u00eame rengaine. \u00ab\u00a0<em>Si on fait des r\u00e9formes pour r\u00e9duire les d\u00e9penses publiques, le pays sera \u00e0 feu et \u00e0 sang<\/em>\u00a0\u00bb. <\/p>\n\n\n\n<p class=\"wp-block-paragraph\">Ou encore\u00a0: \u00ab\u00a0<em>Mais quelles mesures doit-on prendre\u00a0?<\/em>\u00a0\u00bb, \u00ab\u00a0<em>Par o\u00f9 commencer\u00a0?<\/em>\u00a0\u00bb. Cette derni\u00e8re remarque est absurde. On sait exactement ce qu\u2019il faut faire. Car tous les pays d\u2019Europe ou presque l\u2019ont ait avant nous.<\/p>\n\n\n\n<p class=\"wp-block-paragraph\"><strong>Voici\u00a0 10 mesures prioritaires pour r\u00e9duire le d\u00e9ficit public.<\/strong><\/p>\n\n\n\n<ol class=\"wp-block-list\">\n<li>R\u00e9vision des d\u00e9penses fiscales\u00a0: identifier les niches fiscales inefficaces ou peu contributives et les supprimer ou les r\u00e9former.<\/li>\n\n\n\n<li>Lutte contre l\u2019\u00e9vasion et la fraude fiscale\u00a0: renforcer les contr\u00f4les et les sanctions, am\u00e9liorer l\u2019\u00e9change d\u2019informations internationales et investir dans les outils num\u00e9riques.<\/li>\n\n\n\n<li>Optimisation des administrations publiques\u00a0: rationaliser les structures, supprimer les doublons et r\u00e9duire les co\u00fbts de fonctionnement.<\/li>\n\n\n\n<li>R\u00e9forme du syst\u00e8me de retraite\u00a0: augmenter progressivement l\u2019\u00e2ge l\u00e9gal de d\u00e9part \u00e0 la retraite et\/ou ajuster les pensions en fonction de l\u2019esp\u00e9rance de vie.<\/li>\n\n\n\n<li>Ma\u00eetrise des d\u00e9penses de sant\u00e9\u00a0: am\u00e9liorer l\u2019efficience du syst\u00e8me de sant\u00e9 par la digitalisation, la coordination des soins et la responsabilisation des acteurs.<\/li>\n\n\n\n<li>Modernisation du syst\u00e8me de pr\u00e9l\u00e8vements obligatoires\u00a0: simplifier et rationaliser le syst\u00e8me fiscal et social pour en am\u00e9liorer la lisibilit\u00e9 et l\u2019\u00e9quit\u00e9.<\/li>\n\n\n\n<li>D\u00e9veloppement de l\u2019\u00e9conomie num\u00e9rique\u00a0: stimuler la croissance \u00e9conomique et l\u2019innovation en investissant dans les infrastructures num\u00e9riques et en favorisant l\u2019entrepreneuriat.<\/li>\n\n\n\n<li>Am\u00e9lioration de l\u2019insertion professionnelle\u00a0: renforcer les politiques d\u2019emploi et de formation pour r\u00e9duire le ch\u00f4mage et augmenter la participation au march\u00e9 du travail.<\/li>\n\n\n\n<li>Promotion d\u2019une fiscalit\u00e9 verte\u00a0: instaurer des taxes environnementales pour inciter \u00e0 des comportements plus durables et financer la transition \u00e9cologique.<\/li>\n\n\n\n<li>Gouvernance transparente et responsable\u00a0: renforcer la transparence des finances publiques, (mais aussi la transparence des finances des partis politiques) et la responsabilisation des administrations.<\/li>\n<\/ol>\n\n\n\n<p class=\"wp-block-paragraph\">Voil\u00e0, nous savons ce qu\u2019il faut faire. Il ne reste plus qu\u2019\u00e0 l\u2019ex\u00e9cuter. Et pour cela il faut du courage.<\/p>\n","protected":false},"excerpt":{"rendered":"<p>On entend toujours la m\u00eame rengaine. \u00ab\u00a0Si on fait des r\u00e9formes pour r\u00e9duire les d\u00e9penses publiques, le pays sera \u00e0 feu et \u00e0 sang\u00a0\u00bb. Ou encore\u00a0: \u00ab\u00a0Mais quelles mesures doit-on prendre\u00a0?\u00a0\u00bb, \u00ab\u00a0Par o\u00f9 commencer\u00a0?\u00a0\u00bb. Cette derni\u00e8re remarque est absurde. On sait exactement ce qu\u2019il faut faire. Car tous les pays d\u2019Europe ou presque l\u2019ont ait [&hellip;]<\/p>\n","protected":false},"author":1,"featured_media":0,"comment_status":"open","ping_status":"open","sticky":false,"template":"","format":"standard","meta":{"_monsterinsights_skip_tracking":false,"_uf_show_specific_survey":0,"_uf_disable_surveys":false,"footnotes":""},"categories":[50],"tags":[],"class_list":["post-2476","post","type-post","status-publish","format-standard","hentry","category-deficit-public"],"_links":{"self":[{"href":"https:\/\/droitemoderniste.be\/index.php\/wp-json\/wp\/v2\/posts\/2476","targetHints":{"allow":["GET"]}}],"collection":[{"href":"https:\/\/droitemoderniste.be\/index.php\/wp-json\/wp\/v2\/posts"}],"about":[{"href":"https:\/\/droitemoderniste.be\/index.php\/wp-json\/wp\/v2\/types\/post"}],"author":[{"embeddable":true,"href":"https:\/\/droitemoderniste.be\/index.php\/wp-json\/wp\/v2\/users\/1"}],"replies":[{"embeddable":true,"href":"https:\/\/droitemoderniste.be\/index.php\/wp-json\/wp\/v2\/comments?post=2476"}],"version-history":[{"count":1,"href":"https:\/\/droitemoderniste.be\/index.php\/wp-json\/wp\/v2\/posts\/2476\/revisions"}],"predecessor-version":[{"id":2478,"href":"https:\/\/droitemoderniste.be\/index.php\/wp-json\/wp\/v2\/posts\/2476\/revisions\/2478"}],"wp:attachment":[{"href":"https:\/\/droitemoderniste.be\/index.php\/wp-json\/wp\/v2\/media?parent=2476"}],"wp:term":[{"taxonomy":"category","embeddable":true,"href":"https:\/\/droitemoderniste.be\/index.php\/wp-json\/wp\/v2\/categories?post=2476"},{"taxonomy":"post_tag","embeddable":true,"href":"https:\/\/droitemoderniste.be\/index.php\/wp-json\/wp\/v2\/tags?post=2476"}],"curies":[{"name":"wp","href":"https:\/\/api.w.org\/{rel}","templated":true}]}}