{"id":2473,"date":"2026-01-09T14:47:54","date_gmt":"2026-01-09T13:47:54","guid":{"rendered":"https:\/\/droitemoderniste.be\/?p=2473"},"modified":"2026-01-09T14:47:54","modified_gmt":"2026-01-09T13:47:54","slug":"10-mesures-prioritaires-pour-augmenter-la-securite-dans-les-villes-et-villages-belges","status":"publish","type":"post","link":"https:\/\/droitemoderniste.be\/index.php\/2026\/01\/09\/10-mesures-prioritaires-pour-augmenter-la-securite-dans-les-villes-et-villages-belges\/","title":{"rendered":"10 mesures prioritaires pour augmenter la s\u00e9curit\u00e9 dans les villes et villages belges"},"content":{"rendered":"\n<figure class=\"wp-block-image size-full\"><img loading=\"lazy\" decoding=\"async\" width=\"275\" height=\"183\" src=\"https:\/\/droitemoderniste.be\/wp-content\/uploads\/2026\/01\/police-belge1.jpg\" alt=\"\" class=\"wp-image-2474\"\/><\/figure>\n\n\n\n<p class=\"wp-block-paragraph\"><strong>1. Renforcer la pr\u00e9sence polici\u00e8re visible:<\/strong> Augmenter le nombre de patrouilles polici\u00e8res dans les quartiers, en particulier dans les zones sensibles et \u00e0 forte criminalit\u00e9. Cela peut inclure des patrouilles \u00e0 pied, \u00e0 v\u00e9lo, en voiture et en moto.<\/p>\n\n\n\n<p class=\"wp-block-paragraph\"><strong>2. Cibler les crimes sp\u00e9cifiques:<\/strong> Identifier les types de crimes les plus courants dans chaque communaut\u00e9 et mener des actions cibl\u00e9es pour les r\u00e9duire. Cela peut inclure des op\u00e9rations de r\u00e9pression contre les gangs de rue, les trafiquants de drogue et les cambrioleurs.<\/p>\n\n\n\n<p class=\"wp-block-paragraph\"><strong>3. Am\u00e9liorer l&rsquo;\u00e9clairage public:<\/strong> Installer un \u00e9clairage public ad\u00e9quat dans les rues, les parcs et les autres espaces publics pour dissuader les criminels et am\u00e9liorer la visibilit\u00e9.<\/p>\n\n\n\n<p class=\"wp-block-paragraph\"><strong>4. Investir dans la vid\u00e9osurveillance:<\/strong> Installer des cam\u00e9ras de vid\u00e9osurveillance dans les zones strat\u00e9giques pour dissuader la criminalit\u00e9 et aider \u00e0 identifier les auteurs d&rsquo;infractions.<\/p>\n\n\n\n<p class=\"wp-block-paragraph\"><strong>5. Soutenir les programmes de pr\u00e9vention de la criminalit\u00e9:<\/strong> Financer des programmes visant \u00e0 r\u00e9duire les facteurs de risque de la criminalit\u00e9, tels que la pauvret\u00e9, le d\u00e9crochage scolaire et la toxicomanie.<\/p>\n\n\n\n<p class=\"wp-block-paragraph\"><strong>6. Impliquer la communaut\u00e9:<\/strong> Encourager la collaboration entre la police, les citoyens et les organisations locales pour identifier les probl\u00e8mes de s\u00e9curit\u00e9 et d\u00e9velopper des solutions conjointes.<\/p>\n\n\n\n<p class=\"wp-block-paragraph\"><strong>7. Soutenir les victimes de crimes:<\/strong> Offrir des services de soutien aux victimes de crimes, tels que des conseils psychologiques et une aide juridique.<\/p>\n\n\n\n<p class=\"wp-block-paragraph\"><strong>8. Lutter contre la violence domestique:<\/strong> Mettre en place des mesures pour prot\u00e9ger les victimes de violence domestique et poursuivre les auteurs.<\/p>\n\n\n\n<p class=\"wp-block-paragraph\"><strong>9. S&rsquo;attaquer aux probl\u00e8mes de sant\u00e9 mentale:<\/strong> Am\u00e9liorer l&rsquo;acc\u00e8s aux services de sant\u00e9 mentale pour pr\u00e9venir les crimes commis par des personnes souffrant de troubles mentaux.<\/p>\n\n\n\n<p class=\"wp-block-paragraph\"><strong>10. Adapter les strat\u00e9gies aux besoins locaux:<\/strong> D\u00e9velopper des strat\u00e9gies de s\u00e9curit\u00e9 adapt\u00e9es aux besoins sp\u00e9cifiques de chaque ville et village, en tenant compte des facteurs locaux tels que la d\u00e9mographie, la g\u00e9ographie et les tendances de la criminalit\u00e9.<\/p>\n\n\n\n<p class=\"wp-block-paragraph\">Il est important de noter que ces mesures doivent s&rsquo;inscrire dans une approche globale de la s\u00e9curit\u00e9 publique qui s&rsquo;attaque aux causes profondes de la criminalit\u00e9 et favorise la coh\u00e9sion sociale. La collaboration entre les autorit\u00e9s, les citoyens et les organisations locales est essentielle pour cr\u00e9er des communaut\u00e9s plus s\u00fbres et plus r\u00e9silientes.<\/p>\n","protected":false},"excerpt":{"rendered":"<p>1. Renforcer la pr\u00e9sence polici\u00e8re visible: Augmenter le nombre de patrouilles polici\u00e8res dans les quartiers, en particulier dans les zones sensibles et \u00e0 forte criminalit\u00e9. Cela peut inclure des patrouilles \u00e0 pied, \u00e0 v\u00e9lo, en voiture et en moto. 2. Cibler les crimes sp\u00e9cifiques: Identifier les types de crimes les plus courants dans chaque communaut\u00e9 [&hellip;]<\/p>\n","protected":false},"author":1,"featured_media":0,"comment_status":"open","ping_status":"open","sticky":false,"template":"","format":"standard","meta":{"_monsterinsights_skip_tracking":false,"_uf_show_specific_survey":0,"_uf_disable_surveys":false,"footnotes":""},"categories":[32],"tags":[],"class_list":["post-2473","post","type-post","status-publish","format-standard","hentry","category-securite-publique"],"_links":{"self":[{"href":"https:\/\/droitemoderniste.be\/index.php\/wp-json\/wp\/v2\/posts\/2473","targetHints":{"allow":["GET"]}}],"collection":[{"href":"https:\/\/droitemoderniste.be\/index.php\/wp-json\/wp\/v2\/posts"}],"about":[{"href":"https:\/\/droitemoderniste.be\/index.php\/wp-json\/wp\/v2\/types\/post"}],"author":[{"embeddable":true,"href":"https:\/\/droitemoderniste.be\/index.php\/wp-json\/wp\/v2\/users\/1"}],"replies":[{"embeddable":true,"href":"https:\/\/droitemoderniste.be\/index.php\/wp-json\/wp\/v2\/comments?post=2473"}],"version-history":[{"count":1,"href":"https:\/\/droitemoderniste.be\/index.php\/wp-json\/wp\/v2\/posts\/2473\/revisions"}],"predecessor-version":[{"id":2475,"href":"https:\/\/droitemoderniste.be\/index.php\/wp-json\/wp\/v2\/posts\/2473\/revisions\/2475"}],"wp:attachment":[{"href":"https:\/\/droitemoderniste.be\/index.php\/wp-json\/wp\/v2\/media?parent=2473"}],"wp:term":[{"taxonomy":"category","embeddable":true,"href":"https:\/\/droitemoderniste.be\/index.php\/wp-json\/wp\/v2\/categories?post=2473"},{"taxonomy":"post_tag","embeddable":true,"href":"https:\/\/droitemoderniste.be\/index.php\/wp-json\/wp\/v2\/tags?post=2473"}],"curies":[{"name":"wp","href":"https:\/\/api.w.org\/{rel}","templated":true}]}}