{"id":2470,"date":"2026-01-09T12:05:16","date_gmt":"2026-01-09T11:05:16","guid":{"rendered":"https:\/\/droitemoderniste.be\/?p=2470"},"modified":"2026-01-09T12:05:16","modified_gmt":"2026-01-09T11:05:16","slug":"le-programme-du-mdm-sur-les-valeurs-chretiennes-et-la-morale-civique","status":"publish","type":"post","link":"https:\/\/droitemoderniste.be\/index.php\/2026\/01\/09\/le-programme-du-mdm-sur-les-valeurs-chretiennes-et-la-morale-civique\/","title":{"rendered":"Le programme du MDM sur les valeurs chr\u00e9tiennes et la morale civique"},"content":{"rendered":"\n<figure class=\"wp-block-image size-full\"><img loading=\"lazy\" decoding=\"async\" width=\"618\" height=\"391\" src=\"https:\/\/droitemoderniste.be\/wp-content\/uploads\/2026\/01\/XVMe5682770-8f29-11e7-b660-ef712dd9935a.jpg\" alt=\"\" class=\"wp-image-2471\" srcset=\"https:\/\/droitemoderniste.be\/wp-content\/uploads\/2026\/01\/XVMe5682770-8f29-11e7-b660-ef712dd9935a.jpg 618w, https:\/\/droitemoderniste.be\/wp-content\/uploads\/2026\/01\/XVMe5682770-8f29-11e7-b660-ef712dd9935a-300x190.jpg 300w\" sizes=\"auto, (max-width: 618px) 100vw, 618px\" \/><\/figure>\n\n\n\n<p class=\"wp-block-paragraph\"><strong>Le programme du<mark style=\"background-color:rgba(0, 0, 0, 0);color:#ff6900\" class=\"has-inline-color\"> MDM<\/mark> sur les valeurs chr\u00e9tiennes et la morale civique<\/strong> s&rsquo;ancre dans un humanisme jud\u00e9o-chr\u00e9tien modernis\u00e9, promouvant fraternit\u00e9, \u00e9quit\u00e9 et libert\u00e9, tout en refusant l&rsquo;instrumentalisation religieuse pour imposer des dogmes ou hi\u00e9rarchies sociales.<\/p>\n\n\n\n<p class=\"wp-block-paragraph\">\u200b<\/p>\n\n\n\n<p class=\"wp-block-paragraph\"><strong>Valeurs chr\u00e9tiennes modernis\u00e9es<\/strong><\/p>\n\n\n\n<p class=\"wp-block-paragraph\">Le <mark style=\"background-color:rgba(0, 0, 0, 0);color:#ff6900\" class=\"has-inline-color\">MDM<\/mark> puise dans la tradition de l&rsquo;humanisme chr\u00e9tien pour d\u00e9fendre une identit\u00e9 belge et europ\u00e9enne chr\u00e9tienne revisit\u00e9e par une ex\u00e9g\u00e8se moderne, priorisant la dignit\u00e9 humaine et la priorit\u00e9 aux valeurs jud\u00e9o-chr\u00e9tiennes rajeunies dans des domaines comme la justice sociale, \u00e9conomique et environnementale.<\/p>\n\n\n\n<p class=\"wp-block-paragraph\">Il adopte un personnalisme \u00e9clair\u00e9, o\u00f9 une action est jug\u00e9e bonne si elle respecte et favorise l&rsquo;\u00e9panouissement de la personne humaine, rejetant capitalisme lib\u00e9ral et fascismes au profit d&rsquo;une voie humaniste inclusive.<\/p>\n\n\n\n<p class=\"wp-block-paragraph\">\u200b<\/p>\n\n\n\n<p class=\"wp-block-paragraph\"><strong>Morale civique et \u00e9thique partag\u00e9e<\/strong><\/p>\n\n\n\n<p class=\"wp-block-paragraph\">Le parti valorise une morale civique fond\u00e9e sur le m\u00e9rite, l&rsquo;innovation et la responsabilit\u00e9, avec un pluralisme spirituel la\u00efc respectant diversit\u00e9 des convictions, la\u00efcit\u00e9 et agnosticisme, sans transcendance religieuse impos\u00e9e au politique.<\/p>\n\n\n\n<p class=\"wp-block-paragraph\">Cette \u00e9thique commune, inspir\u00e9e des Lumi\u00e8res et ouverte aux traditions spirituelles d\u00e9mocratiques, encourage dialogue entre modernit\u00e9 et qu\u00eate de sens, participation citoyenne et civisme pour une soci\u00e9t\u00e9 solidaire et responsable.<\/p>\n\n\n\n<p class=\"wp-block-paragraph\">\u200b<\/p>\n\n\n\n<p class=\"wp-block-paragraph\"><strong>Mesures concr\u00e8tes<\/strong><\/p>\n\n\n\n<ul class=\"wp-block-list\">\n<li>Renforcement de la participation citoyenne via un contrat social rajeuni et partage du pouvoir.<\/li>\n\n\n\n<li>\u00c9tat r\u00e9gulant intransigeant sur justice sociale, immigration et souverainet\u00e9, avec priorit\u00e9 aux valeurs jud\u00e9o-chr\u00e9tiennes modernis\u00e9es.<\/li>\n\n\n\n<li>Promotion d&rsquo;une spiritualit\u00e9 adapt\u00e9e, source d&rsquo;inspiration \u00e9thique sans dogmatisme, pour une neutralit\u00e9 bienveillante.<\/li>\n<\/ul>\n","protected":false},"excerpt":{"rendered":"<p>Le programme du MDM sur les valeurs chr\u00e9tiennes et la morale civique s&rsquo;ancre dans un humanisme jud\u00e9o-chr\u00e9tien modernis\u00e9, promouvant fraternit\u00e9, \u00e9quit\u00e9 et libert\u00e9, tout en refusant l&rsquo;instrumentalisation religieuse pour imposer des dogmes ou hi\u00e9rarchies sociales. \u200b Valeurs chr\u00e9tiennes modernis\u00e9es Le MDM puise dans la tradition de l&rsquo;humanisme chr\u00e9tien pour d\u00e9fendre une identit\u00e9 belge et europ\u00e9enne [&hellip;]<\/p>\n","protected":false},"author":1,"featured_media":0,"comment_status":"open","ping_status":"open","sticky":false,"template":"","format":"standard","meta":{"_monsterinsights_skip_tracking":false,"_uf_show_specific_survey":0,"_uf_disable_surveys":false,"footnotes":""},"categories":[34,9,44],"tags":[],"class_list":["post-2470","post","type-post","status-publish","format-standard","hentry","category-mouvement-droite-moderniste","category-spiritualisme","category-valeurs"],"_links":{"self":[{"href":"https:\/\/droitemoderniste.be\/index.php\/wp-json\/wp\/v2\/posts\/2470","targetHints":{"allow":["GET"]}}],"collection":[{"href":"https:\/\/droitemoderniste.be\/index.php\/wp-json\/wp\/v2\/posts"}],"about":[{"href":"https:\/\/droitemoderniste.be\/index.php\/wp-json\/wp\/v2\/types\/post"}],"author":[{"embeddable":true,"href":"https:\/\/droitemoderniste.be\/index.php\/wp-json\/wp\/v2\/users\/1"}],"replies":[{"embeddable":true,"href":"https:\/\/droitemoderniste.be\/index.php\/wp-json\/wp\/v2\/comments?post=2470"}],"version-history":[{"count":1,"href":"https:\/\/droitemoderniste.be\/index.php\/wp-json\/wp\/v2\/posts\/2470\/revisions"}],"predecessor-version":[{"id":2472,"href":"https:\/\/droitemoderniste.be\/index.php\/wp-json\/wp\/v2\/posts\/2470\/revisions\/2472"}],"wp:attachment":[{"href":"https:\/\/droitemoderniste.be\/index.php\/wp-json\/wp\/v2\/media?parent=2470"}],"wp:term":[{"taxonomy":"category","embeddable":true,"href":"https:\/\/droitemoderniste.be\/index.php\/wp-json\/wp\/v2\/categories?post=2470"},{"taxonomy":"post_tag","embeddable":true,"href":"https:\/\/droitemoderniste.be\/index.php\/wp-json\/wp\/v2\/tags?post=2470"}],"curies":[{"name":"wp","href":"https:\/\/api.w.org\/{rel}","templated":true}]}}