{"id":2467,"date":"2026-01-08T14:33:13","date_gmt":"2026-01-08T13:33:13","guid":{"rendered":"https:\/\/droitemoderniste.be\/?p=2467"},"modified":"2026-01-08T14:33:13","modified_gmt":"2026-01-08T13:33:13","slug":"voici-une-analyse-claire-du-modernisme-de-droite-dans-le-paysage-politique-belge-et-europeen","status":"publish","type":"post","link":"https:\/\/droitemoderniste.be\/index.php\/2026\/01\/08\/voici-une-analyse-claire-du-modernisme-de-droite-dans-le-paysage-politique-belge-et-europeen\/","title":{"rendered":"Voici une analyse claire du modernisme de droite dans le paysage politique belge et europ\u00e9en"},"content":{"rendered":"\n<figure class=\"wp-block-image size-full\"><img loading=\"lazy\" decoding=\"async\" width=\"912\" height=\"608\" src=\"https:\/\/droitemoderniste.be\/wp-content\/uploads\/2026\/01\/oiseau-jaune.webp\" alt=\"\" class=\"wp-image-2468\" srcset=\"https:\/\/droitemoderniste.be\/wp-content\/uploads\/2026\/01\/oiseau-jaune.webp 912w, https:\/\/droitemoderniste.be\/wp-content\/uploads\/2026\/01\/oiseau-jaune-300x200.webp 300w, https:\/\/droitemoderniste.be\/wp-content\/uploads\/2026\/01\/oiseau-jaune-768x512.webp 768w\" sizes=\"auto, (max-width: 912px) 100vw, 912px\" \/><\/figure>\n\n\n\n<h5 class=\"wp-block-heading\"><strong>1. En Belgique : un espace politique encore peu occup\u00e9<\/strong><\/h5>\n\n\n\n<p class=\"wp-block-paragraph\">Le \u00ab modernisme de droite \u00bb est une cat\u00e9gorie rare en Belgique, o\u00f9 la droite s\u2019articule surtout autour de deux axes classiques :<\/p>\n\n\n\n<h6 class=\"wp-block-heading\"><strong>A. Droite lib\u00e9rale (MR, Open VLD)<\/strong><\/h6>\n\n\n\n<ul class=\"wp-block-list\">\n<li>Pro-march\u00e9, pro-UE, soci\u00e9talement plut\u00f4t progressiste ces derni\u00e8res ann\u00e9es.<\/li>\n\n\n\n<li>Mais pas \u00ab moderniste \u00bb au sens de projet de soci\u00e9t\u00e9 structur\u00e9.<\/li>\n\n\n\n<li>Vision \u00e9conomique lib\u00e9rale, mais manque parfois de colonne id\u00e9ologique.<\/li>\n<\/ul>\n\n\n\n<h6 class=\"wp-block-heading\"><strong>B. Droite national-conservatrice (N-VA, VB)<\/strong><\/h6>\n\n\n\n<ul class=\"wp-block-list\">\n<li>Orientation identitaire ou conf\u00e9d\u00e9raliste.<\/li>\n\n\n\n<li>Modernisation \u00e9conomique mais <strong>modernisme soci\u00e9tal limit\u00e9<\/strong>.<\/li>\n\n\n\n<li>Certaines postures environnementales et soci\u00e9tales restent conservatrices.<\/li>\n<\/ul>\n\n\n\n<h6 class=\"wp-block-heading\"><strong>Conclusion pour la Belgique<\/strong><\/h6>\n\n\n\n<p class=\"wp-block-paragraph\">Le modernisme de droite repr\u00e9sente un <strong>espace interm\u00e9diaire et encore vierge<\/strong> :<\/p>\n\n\n\n<p class=\"wp-block-paragraph\">\u27a1<strong>ni lib\u00e9ral progressiste<\/strong>,<br>\u27a1<strong>ni conservateur identitaire<\/strong>,<br>\u27a1mais une <strong>droite r\u00e9formatrice, modernisatrice, civique<\/strong>, pro-r\u00e9formes et pro-innovation, sans d\u00e9rive id\u00e9ologique extr\u00eame.<\/p>\n\n\n\n<p class=\"wp-block-paragraph\">Ce cr\u00e9neau n\u2019est actuellement occup\u00e9 par aucun autre parti que le<strong> <mark style=\"background-color:rgba(0, 0, 0, 0);color:#ff6900\" class=\"has-inline-color\">MDM<\/mark><\/strong>.<\/p>\n\n\n\n<hr class=\"wp-block-separator has-alpha-channel-opacity\"\/>\n\n\n\n<h5 class=\"wp-block-heading\"><strong>2. En Europe : un courant \u00e9mergent mais dispers\u00e9<\/strong><\/h5>\n\n\n\n<p class=\"wp-block-paragraph\">Le modernisme de droite a des \u00e9quivalents partiels dans plusieurs pays :<\/p>\n\n\n\n<h6 class=\"wp-block-heading\"><strong>A. France<\/strong><\/h6>\n\n\n\n<ul class=\"wp-block-list\">\n<li>Une partie de Renaissance (ex-LREM) : r\u00e9formisme \u00e9conomique + soci\u00e9tal progressiste + europ\u00e9isme.<\/li>\n\n\n\n<li>Une partie des R\u00e9publicains r\u00e9formateurs.<br>Mais aucun ne rev\u00eat une identit\u00e9 propre de \u00ab droite moderniste \u00bb.<\/li>\n<\/ul>\n\n\n\n<h6 class=\"wp-block-heading\"><strong>B. Pays nordiques (Danemark, Su\u00e8de, Finlande)<\/strong><\/h6>\n\n\n\n<ul class=\"wp-block-list\">\n<li>Certaines droites gouvernent avec une vision <strong>pro-innovation<\/strong>, <strong>\u00e9cologique pragmatique<\/strong>, <strong>lib\u00e9rale-sociale<\/strong>.<\/li>\n\n\n\n<li>C\u2019est probablement l\u2019exemple le plus proche d\u2019une <em>droite moderniste<\/em> coh\u00e9rente.<\/li>\n<\/ul>\n\n\n\n<h6 class=\"wp-block-heading\"><strong>C. Royaume-Uni<\/strong><\/h6>\n\n\n\n<ul class=\"wp-block-list\">\n<li>Les Tories de la p\u00e9riode Cameron (2010\u20132016) ont flirt\u00e9 avec un modernisme conservateur (green conservatism, r\u00e9formes de soci\u00e9t\u00e9).<\/li>\n\n\n\n<li>Mais cela a disparu depuis le Brexit.<\/li>\n<\/ul>\n\n\n\n<h6 class=\"wp-block-heading\"><strong>D. Allemagne<\/strong><\/h6>\n\n\n\n<ul class=\"wp-block-list\">\n<li>La CDU\/CSU contient un courant \u00ab modernisateur \u00bb (num\u00e9rique, \u00e9nergie, industrie verte)<\/li>\n\n\n\n<li>Mais il reste mod\u00e9r\u00e9 et parfois frein\u00e9 par l\u2019aile conservatrice.<\/li>\n<\/ul>\n\n\n\n<h6 class=\"wp-block-heading\"><strong>E. Espagne \/ Italie \/ Europe du sud<\/strong><\/h6>\n\n\n\n<ul class=\"wp-block-list\">\n<li>Les droites tendent \u00e0 \u00eatre soit lib\u00e9rales-conservatrices (PP, Forza), soit nationalistes.<\/li>\n\n\n\n<li>Peu d\u2019espace pour un modernisme de droite coh\u00e9rent.<\/li>\n<\/ul>\n\n\n\n<hr class=\"wp-block-separator has-alpha-channel-opacity\"\/>\n\n\n\n<h5 class=\"wp-block-heading\"><strong>3. Positionnement id\u00e9ologique du modernisme de droite<\/strong><\/h5>\n\n\n\n<p class=\"wp-block-paragraph\">Le modernisme de droite se distingue par cinq axes :<\/p>\n\n\n\n<h6 class=\"wp-block-heading\"><strong>1. \u00c9conomiquement : r\u00e9formiste, agile, pro-innovation<\/strong><\/h6>\n\n\n\n<ul class=\"wp-block-list\">\n<li>Pas ultra-lib\u00e9ral, mais pro-entreprise.<\/li>\n\n\n\n<li>Favorise la modernisation, l\u2019investissement, la transition \u00e9nerg\u00e9tique pragmatique.<\/li>\n<\/ul>\n\n\n\n<h6 class=\"wp-block-heading\"><strong>2. Soci\u00e9talement : progressiste mais encadr\u00e9<\/strong><\/h6>\n\n\n\n<ul class=\"wp-block-list\">\n<li>Ouverture contr\u00f4l\u00e9e, d\u00e9fense des libert\u00e9s individuelles,<\/li>\n\n\n\n<li>Pas de conservatisme moral classique.<\/li>\n<\/ul>\n\n\n\n<h6 class=\"wp-block-heading\"><strong>3. Identit\u00e9 : patriotisme civique non identitaire<\/strong><\/h6>\n\n\n\n<ul class=\"wp-block-list\">\n<li>Valorisation de la culture nationale et des symboles civiques.<\/li>\n\n\n\n<li>Pas de nationalisme ethnique.<\/li>\n<\/ul>\n\n\n\n<h6 class=\"wp-block-heading\"><strong>4. \u00c9cologie : environnementalisme optimiste<\/strong><\/h6>\n\n\n\n<ul class=\"wp-block-list\">\n<li>Croire que la technologie + l\u2019\u00e9conomie peuvent r\u00e9soudre les d\u00e9fis climatiques.<\/li>\n\n\n\n<li>Refus du catastrophisme.<\/li>\n<\/ul>\n\n\n\n<h6 class=\"wp-block-heading\"><strong>5. Gouvernance : \u00c9tat agile, efficace, protecteur mais non tentaculaire<\/strong><\/h6>\n\n\n\n<ul class=\"wp-block-list\">\n<li>Ni bureaucratique, ni minimaliste.<\/li>\n\n\n\n<li>\u00c9tat fort dans ses missions r\u00e9galiennes et strat\u00e9giques.<\/li>\n<\/ul>\n\n\n\n<hr class=\"wp-block-separator has-alpha-channel-opacity\"\/>\n\n\n\n<h5 class=\"wp-block-heading\"><strong>4. Pourquoi ce cr\u00e9neau reste largement inoccup\u00e9 ?<\/strong><\/h5>\n\n\n\n<ul class=\"wp-block-list\">\n<li>Trop r\u00e9formiste pour une droite conservatrice.<\/li>\n\n\n\n<li>Trop pro-innovation et pro-Europe pour une droite nationaliste.<\/li>\n\n\n\n<li>Trop attach\u00e9 \u00e0 l\u2019ordre, \u00e0 la souverainet\u00e9 et \u00e0 la responsabilit\u00e9 individuelle pour la gauche.<\/li>\n\n\n\n<li>Trop structur\u00e9 et id\u00e9ologiquement coh\u00e9rent pour les partis \u00ab attrape-tout \u00bb.<\/li>\n<\/ul>\n\n\n\n<p class=\"wp-block-paragraph\"><strong>R\u00e9sultat :<\/strong> un espace politique r\u00e9el mais non exploit\u00e9.<\/p>\n\n\n\n<hr class=\"wp-block-separator has-alpha-channel-opacity\"\/>\n\n\n\n<h5 class=\"wp-block-heading\"><strong>5. Dans le paysage belge, o\u00f9 cela se situe concr\u00e8tement ?<\/strong><\/h5>\n\n\n\n<p class=\"wp-block-paragraph\">Le modernisme de droite est :<\/p>\n\n\n\n<p class=\"wp-block-paragraph\">\u27a1<strong>\u00c0 droite du MR sur le plan du m\u00e9rite, de l\u2019ordre, de l\u2019autorit\u00e9 et de la souverainet\u00e9<\/strong>,<br>\u27a1<strong>\u00c0 gauche de la N-VA et tr\u00e8s loin du VB sur le plan soci\u00e9tal, europ\u00e9en et \u00e9cologiste<\/strong>,<br>\u27a1<strong>Plus r\u00e9formiste, modernisateur, technophile, \u00e9cologiquement optimiste et civique<\/strong> que les droites existantes.<\/p>\n\n\n\n<p class=\"wp-block-paragraph\">Ce courant peut attirer :<\/p>\n\n\n\n<ul class=\"wp-block-list\">\n<li>classes moyennes actives,<\/li>\n\n\n\n<li>entrepreneurs, ind\u00e9pendants, cadres,<\/li>\n\n\n\n<li>jeunes urbains conservateurs mod\u00e9r\u00e9s,<\/li>\n\n\n\n<li>\u00e9lecteurs d\u00e9\u00e7us des partis traditionnels,<\/li>\n\n\n\n<li>r\u00e9formistes lass\u00e9s du clivage gauche-droite classique.<\/li>\n<\/ul>\n\n\n\n<hr class=\"wp-block-separator has-alpha-channel-opacity\"\/>\n\n\n\n<h5 class=\"wp-block-heading\"><strong>Conclusion<\/strong><\/h5>\n\n\n\n<p class=\"wp-block-paragraph\">Le modernisme de droite est <strong>un courant \u00e9mergent<\/strong>, mais encore peu structur\u00e9 politiquement.<br>En Belgique, <strong>il n\u2019existe pas r\u00e9ellement<\/strong> sous une forme claire, ce qui en fait un <strong>cr\u00e9neau politiquement viable<\/strong> pour un parti comme le <mark style=\"background-color:rgba(0, 0, 0, 0);color:#ff6900\" class=\"has-inline-color\">MDM<\/mark> qui a d\u00e9cid\u00e9 de s\u2019y ancrer de mani\u00e8re coh\u00e9rente, moderne et non identitaire.<\/p>\n","protected":false},"excerpt":{"rendered":"<p>1. En Belgique : un espace politique encore peu occup\u00e9 Le \u00ab modernisme de droite \u00bb est une cat\u00e9gorie rare en Belgique, o\u00f9 la droite s\u2019articule surtout autour de deux axes classiques : A. Droite lib\u00e9rale (MR, Open VLD) B. Droite national-conservatrice (N-VA, VB) Conclusion pour la Belgique Le modernisme de droite repr\u00e9sente un espace [&hellip;]<\/p>\n","protected":false},"author":1,"featured_media":0,"comment_status":"open","ping_status":"open","sticky":false,"template":"","format":"standard","meta":{"_monsterinsights_skip_tracking":false,"_uf_show_specific_survey":0,"_uf_disable_surveys":false,"footnotes":""},"categories":[43,34,8],"tags":[],"class_list":["post-2467","post","type-post","status-publish","format-standard","hentry","category-modernisme-politique","category-mouvement-droite-moderniste","category-positionnement"],"_links":{"self":[{"href":"https:\/\/droitemoderniste.be\/index.php\/wp-json\/wp\/v2\/posts\/2467","targetHints":{"allow":["GET"]}}],"collection":[{"href":"https:\/\/droitemoderniste.be\/index.php\/wp-json\/wp\/v2\/posts"}],"about":[{"href":"https:\/\/droitemoderniste.be\/index.php\/wp-json\/wp\/v2\/types\/post"}],"author":[{"embeddable":true,"href":"https:\/\/droitemoderniste.be\/index.php\/wp-json\/wp\/v2\/users\/1"}],"replies":[{"embeddable":true,"href":"https:\/\/droitemoderniste.be\/index.php\/wp-json\/wp\/v2\/comments?post=2467"}],"version-history":[{"count":1,"href":"https:\/\/droitemoderniste.be\/index.php\/wp-json\/wp\/v2\/posts\/2467\/revisions"}],"predecessor-version":[{"id":2469,"href":"https:\/\/droitemoderniste.be\/index.php\/wp-json\/wp\/v2\/posts\/2467\/revisions\/2469"}],"wp:attachment":[{"href":"https:\/\/droitemoderniste.be\/index.php\/wp-json\/wp\/v2\/media?parent=2467"}],"wp:term":[{"taxonomy":"category","embeddable":true,"href":"https:\/\/droitemoderniste.be\/index.php\/wp-json\/wp\/v2\/categories?post=2467"},{"taxonomy":"post_tag","embeddable":true,"href":"https:\/\/droitemoderniste.be\/index.php\/wp-json\/wp\/v2\/tags?post=2467"}],"curies":[{"name":"wp","href":"https:\/\/api.w.org\/{rel}","templated":true}]}}