{"id":2464,"date":"2026-01-08T11:41:05","date_gmt":"2026-01-08T10:41:05","guid":{"rendered":"https:\/\/droitemoderniste.be\/?p=2464"},"modified":"2026-01-08T11:41:05","modified_gmt":"2026-01-08T10:41:05","slug":"positionnement-spirituel-du-mdm","status":"publish","type":"post","link":"https:\/\/droitemoderniste.be\/index.php\/2026\/01\/08\/positionnement-spirituel-du-mdm\/","title":{"rendered":"Positionnement spirituel du MDM"},"content":{"rendered":"\n<figure class=\"wp-block-image size-full\"><img loading=\"lazy\" decoding=\"async\" width=\"620\" height=\"310\" src=\"https:\/\/droitemoderniste.be\/wp-content\/uploads\/2026\/01\/58258547cd70fb896a683fec.jpg\" alt=\"\" class=\"wp-image-2465\" srcset=\"https:\/\/droitemoderniste.be\/wp-content\/uploads\/2026\/01\/58258547cd70fb896a683fec.jpg 620w, https:\/\/droitemoderniste.be\/wp-content\/uploads\/2026\/01\/58258547cd70fb896a683fec-300x150.jpg 300w\" sizes=\"auto, (max-width: 620px) 100vw, 620px\" \/><\/figure>\n\n\n\n<p class=\"wp-block-paragraph\">Le <mark style=\"background-color:rgba(0, 0, 0, 0);color:#ff6900\" class=\"has-inline-color\">MDM<\/mark> se pr\u00e9sente comme l&rsquo;avant-garde d&rsquo;un christianisme moderniste en \u00ab\u00a0mode reconquista\u00a0\u00bb, valorisant les racines jud\u00e9o-chr\u00e9tiennes de la civilisation occidentale tout en rejetant l&rsquo;instrumentalisation religieuse pour justifier des hi\u00e9rarchies sociales ou une identit\u00e9 exclusive.<\/p>\n\n\n\n<p class=\"wp-block-paragraph\">Il critique les partis traditionnels comme Les Engag\u00e9s ou le MR pour avoir dilu\u00e9 leurs r\u00e9f\u00e9rences chr\u00e9tiennes dans un syncr\u00e9tisme confus, et les droites r\u00e9actionnaires pour leur archa\u00efsme sur des enjeux comme l&rsquo;avortement ou les droits LGBTQ+. <\/p>\n\n\n\n<p class=\"wp-block-paragraph\">Cette approche inclusive promeut une \u00e9thique la\u00efque commune inspir\u00e9e par les Lumi\u00e8res et ouverte aux spiritualit\u00e9s non dogmatiques, sans imposer une transcendance religieuse au politique.<\/p>\n\n\n\n<p class=\"wp-block-paragraph\">\u200b<\/p>\n\n\n\n<p class=\"wp-block-paragraph\"><strong>Attractivit\u00e9 limit\u00e9e pour les chr\u00e9tiens<\/strong><\/p>\n\n\n\n<p class=\"wp-block-paragraph\">Les \u00e9lecteurs chr\u00e9tiens d\u00e9\u00e7us par les clivages classiques pourraient initialement se reconna\u00eetre dans l&rsquo;ancrage du <mark style=\"background-color:rgba(0, 0, 0, 0);color:#ff6900\" class=\"has-inline-color\">MDM<\/mark> aupr\u00e8s d&rsquo;institutions comme le Mouvement Ouvrier Chr\u00e9tien ou la Mutualit\u00e9 Chr\u00e9tienne, influentes en Belgique.<\/p>\n\n\n\n<p class=\"wp-block-paragraph\">Cependant, son refus du spiritualisme dogmatique et son dialogue entre modernit\u00e9 et spiritualit\u00e9 le distinguent des droites conservatrices, qui opposent croyants et ath\u00e9es dans une \u00ab\u00a0guerre culturelle\u00a0\u00bb.<\/p>\n\n\n\n<p class=\"wp-block-paragraph\">Le <mark style=\"background-color:rgba(0, 0, 0, 0);color:#ff6900\" class=\"has-inline-color\">MDM<\/mark> cible plut\u00f4t un \u00e9lectorat mod\u00e9r\u00e9 en qu\u00eate de renouveau, m\u00ealant souverainisme \u00e9clair\u00e9 et humanisme civique, sans prioriser une identit\u00e9 chr\u00e9tienne stricte.<\/p>\n\n\n\n<p class=\"wp-block-paragraph\">\u200b<\/p>\n\n\n\n<p class=\"wp-block-paragraph\"><strong>Comparaison avec d&rsquo;autres partis<\/strong><\/p>\n\n\n\n<figure class=\"wp-block-table\"><table class=\"has-fixed-layout\"><thead><tr><td><strong>Courant politique<\/strong><\/td><td colspan=\"2\"><strong>Rapport \u00e0 la spiritualit\u00e9 chr\u00e9tienne<\/strong><\/td><td colspan=\"2\"><strong>Positionnement vis-\u00e0-vis des \u00e9lecteurs chr\u00e9tiens<\/strong><\/td><\/tr><tr><td colspan=\"2\"><strong>\u200b<\/strong><\/td><\/tr><\/thead><tbody><tr><td colspan=\"2\">Droite conservatrice<\/td><td colspan=\"2\">R\u00e9f\u00e9rence centrale \u00e0 Dieu pour l&rsquo;ordre social<\/td><td>Hi\u00e9rarchie et tradition, attractif pour conservateurs stricts<\/td><\/tr><tr><td colspan=\"2\">Droite lib\u00e9rale (ex. MR)<\/td><td colspan=\"2\">Spiritualit\u00e9 priv\u00e9e, la\u00efcit\u00e9<\/td><td>Individualisme, peu engageant pour chr\u00e9tiens engag\u00e9s<\/td><\/tr><tr><td colspan=\"2\">Droite moderniste (<mark style=\"background-color:rgba(0, 0, 0, 0);color:#ff6900\" class=\"has-inline-color\">MDM<\/mark>)<\/td><td colspan=\"2\">Pluralisme spirituel la\u00efc, \u00e9thique commune<\/td><td>Ouverture moderne, havre partiel pour chr\u00e9tiens progressistes<\/td><\/tr><tr><td colspan=\"2\">Centristes (ex. Les Engag\u00e9s)<\/td><td colspan=\"2\">Syncr\u00e9tisme dilu\u00e9 par calcul \u00e9lectoral<\/td><td>Identit\u00e9 confuse, perte d&rsquo;attrait chr\u00e9tien traditionnel<\/td><\/tr><\/tbody><\/table><\/figure>\n","protected":false},"excerpt":{"rendered":"<p>Le MDM se pr\u00e9sente comme l&rsquo;avant-garde d&rsquo;un christianisme moderniste en \u00ab\u00a0mode reconquista\u00a0\u00bb, valorisant les racines jud\u00e9o-chr\u00e9tiennes de la civilisation occidentale tout en rejetant l&rsquo;instrumentalisation religieuse pour justifier des hi\u00e9rarchies sociales ou une identit\u00e9 exclusive. Il critique les partis traditionnels comme Les Engag\u00e9s ou le MR pour avoir dilu\u00e9 leurs r\u00e9f\u00e9rences chr\u00e9tiennes dans un syncr\u00e9tisme confus, [&hellip;]<\/p>\n","protected":false},"author":1,"featured_media":0,"comment_status":"open","ping_status":"open","sticky":false,"template":"","format":"standard","meta":{"_monsterinsights_skip_tracking":false,"_uf_show_specific_survey":0,"_uf_disable_surveys":false,"footnotes":""},"categories":[9],"tags":[],"class_list":["post-2464","post","type-post","status-publish","format-standard","hentry","category-spiritualisme"],"_links":{"self":[{"href":"https:\/\/droitemoderniste.be\/index.php\/wp-json\/wp\/v2\/posts\/2464","targetHints":{"allow":["GET"]}}],"collection":[{"href":"https:\/\/droitemoderniste.be\/index.php\/wp-json\/wp\/v2\/posts"}],"about":[{"href":"https:\/\/droitemoderniste.be\/index.php\/wp-json\/wp\/v2\/types\/post"}],"author":[{"embeddable":true,"href":"https:\/\/droitemoderniste.be\/index.php\/wp-json\/wp\/v2\/users\/1"}],"replies":[{"embeddable":true,"href":"https:\/\/droitemoderniste.be\/index.php\/wp-json\/wp\/v2\/comments?post=2464"}],"version-history":[{"count":1,"href":"https:\/\/droitemoderniste.be\/index.php\/wp-json\/wp\/v2\/posts\/2464\/revisions"}],"predecessor-version":[{"id":2466,"href":"https:\/\/droitemoderniste.be\/index.php\/wp-json\/wp\/v2\/posts\/2464\/revisions\/2466"}],"wp:attachment":[{"href":"https:\/\/droitemoderniste.be\/index.php\/wp-json\/wp\/v2\/media?parent=2464"}],"wp:term":[{"taxonomy":"category","embeddable":true,"href":"https:\/\/droitemoderniste.be\/index.php\/wp-json\/wp\/v2\/categories?post=2464"},{"taxonomy":"post_tag","embeddable":true,"href":"https:\/\/droitemoderniste.be\/index.php\/wp-json\/wp\/v2\/tags?post=2464"}],"curies":[{"name":"wp","href":"https:\/\/api.w.org\/{rel}","templated":true}]}}