{"id":2458,"date":"2026-01-06T13:56:59","date_gmt":"2026-01-06T12:56:59","guid":{"rendered":"https:\/\/droitemoderniste.be\/?p=2458"},"modified":"2026-01-06T13:56:59","modified_gmt":"2026-01-06T12:56:59","slug":"voici-le-positionnement-electoral-du-mdm","status":"publish","type":"post","link":"https:\/\/droitemoderniste.be\/index.php\/2026\/01\/06\/voici-le-positionnement-electoral-du-mdm\/","title":{"rendered":"Voici le positionnement \u00e9lectoral du MDM"},"content":{"rendered":"\n<figure class=\"wp-block-image size-full\"><img loading=\"lazy\" decoding=\"async\" width=\"1024\" height=\"768\" src=\"https:\/\/droitemoderniste.be\/wp-content\/uploads\/2026\/01\/toucher-sa-cible.jpg\" alt=\"\" class=\"wp-image-2459\" srcset=\"https:\/\/droitemoderniste.be\/wp-content\/uploads\/2026\/01\/toucher-sa-cible.jpg 1024w, https:\/\/droitemoderniste.be\/wp-content\/uploads\/2026\/01\/toucher-sa-cible-300x225.jpg 300w, https:\/\/droitemoderniste.be\/wp-content\/uploads\/2026\/01\/toucher-sa-cible-768x576.jpg 768w\" sizes=\"auto, (max-width: 1024px) 100vw, 1024px\" \/><\/figure>\n\n\n\n<h5 class=\"wp-block-heading\"><strong>1. L\u2019espace politique du MDM : le \u00ab triangle moderniste \u00bb<\/strong><\/h5>\n\n\n\n<p class=\"wp-block-paragraph\">Le <mark style=\"background-color:rgba(0, 0, 0, 0);color:#ff6900\" class=\"has-inline-color\">MDM<\/mark> occupe un espace quasi vide en Belgique francophone, entre :<\/p>\n\n\n\n<ul class=\"wp-block-list\">\n<li><strong>la droite classique (MR)<\/strong>, jug\u00e9e trop lib\u00e9rale et vieillissante,<\/li>\n\n\n\n<li><strong>la droite radicale (VLB\/partis identitaires)<\/strong>, jug\u00e9e excessive ou peu cr\u00e9dible,<\/li>\n\n\n\n<li><strong>le centre (Les Engag\u00e9s)<\/strong>, per\u00e7u comme h\u00e9sitant ou flou.<\/li>\n<\/ul>\n\n\n\n<p class=\"wp-block-paragraph\">Cet espace est celui d\u2019une :<\/p>\n\n\n\n<h6 class=\"wp-block-heading\"><strong>Droite sociale + moderniste + patriotique civique + europ\u00e9enne + souverainiste \u00e9clair\u00e9e.<\/strong><\/h6>\n\n\n\n<p class=\"wp-block-paragraph\"><strong>Positionnement central :<\/strong><strong><br>\u00ab Une droite qui prot\u00e8ge, r\u00e9forme et rassemble. \u00bb<\/strong><\/p>\n\n\n\n<hr class=\"wp-block-separator has-alpha-channel-opacity\"\/>\n\n\n\n<h5 class=\"wp-block-heading\"><strong>2. Le noyau id\u00e9ologique \u00e9lectoral : ce qui vous distingue durablement<\/strong><\/h5>\n\n\n\n<p class=\"wp-block-paragraph\">Le <mark style=\"background-color:rgba(0, 0, 0, 0);color:#ff6900\" class=\"has-inline-color\">MDM<\/mark> repose sur <strong>5 piliers \u00e9lectoralement porteurs<\/strong> :<\/p>\n\n\n\n<ol class=\"wp-block-list\">\n<li><strong>Protection sociale sans assistanat<\/strong><br>\u2192 pour les travailleurs, les familles, les ind\u00e9pendants.<\/li>\n\n\n\n<li><strong>Patriotisme civique, non identitaire<\/strong><br>\u2192 rassembleur, positif, d\u00e9mocratique.<\/li>\n\n\n\n<li><strong>Souverainisme \u00e9clair\u00e9 et europ\u00e9en<\/strong><br>\u2192 reprendre du contr\u00f4le sans provoquer une rupture.<\/li>\n\n\n\n<li><strong>Modernisme soci\u00e9tal, \u00e9conomique et \u00e9cologique<\/strong><br>\u2192 innovation, progr\u00e8s, num\u00e9risation, \u00e9cologie non punitive.<\/li>\n\n\n\n<li><strong>\u00c9tat efficace et juste<\/strong><br>\u2192 simplification, responsabilisation, justice sociale et s\u00e9curit\u00e9.<\/li>\n<\/ol>\n\n\n\n<hr class=\"wp-block-separator has-alpha-channel-opacity\"\/>\n\n\n\n<h5 class=\"wp-block-heading\"><strong>3. N<\/strong><strong>otre coalition \u00e9lectorale cible (les 4 publics \u00e0 s\u00e9duire)<\/strong><\/h5>\n\n\n\n<h6 class=\"wp-block-heading\">1. <strong>Les classes populaires mod\u00e9r\u00e9es (40 % du potentiel <mark style=\"background-color:rgba(0, 0, 0, 0);color:#ff6900\" class=\"has-inline-color\">MDM<\/mark>)<\/strong><\/h6>\n\n\n\n<ul class=\"wp-block-list\">\n<li>Travailleurs pauvres, ouvriers, petits employ\u00e9s.<\/li>\n\n\n\n<li>Attentes : s\u00e9curit\u00e9, ordre, justice sociale, co\u00fbt de la vie.<\/li>\n<\/ul>\n\n\n\n<p class=\"wp-block-paragraph\">Le <mark style=\"background-color:rgba(0, 0, 0, 0);color:#ff6900\" class=\"has-inline-color\">MDM<\/mark> leur offre : protection, fermet\u00e9 non extr\u00eame, prix de l\u2019\u00e9nergie + salaires nets.<\/p>\n\n\n\n<h6 class=\"wp-block-heading\">2. <strong>La classe moyenne urbaine et p\u00e9riurbaine (35 % du potentiel)<\/strong><\/h6>\n\n\n\n<ul class=\"wp-block-list\">\n<li>Ind\u00e9pendants, PME, professions interm\u00e9diaires.<\/li>\n\n\n\n<li>Attentes : stabilit\u00e9, fiscalit\u00e9 simple, mobilit\u00e9 moderne.<\/li>\n<\/ul>\n\n\n\n<p class=\"wp-block-paragraph\">Le <mark style=\"background-color:rgba(0, 0, 0, 0);color:#ff6900\" class=\"has-inline-color\">MDM<\/mark> leur offre : modernisation, innovation, r\u00e9forme fiscale, Vision Mobilit\u00e9 2040.<\/p>\n\n\n\n<h6 class=\"wp-block-heading\">3. <strong>Les jeunes actifs (10\u201315 % du potentiel)<\/strong><\/h6>\n\n\n\n<ul class=\"wp-block-list\">\n<li>\u00c9tudiants, 25\u201340 ans dipl\u00f4m\u00e9s.<\/li>\n\n\n\n<li>Attentes : m\u00e9ritocratie, environnement r\u00e9aliste, mobilit\u00e9, opportunit\u00e9s.<\/li>\n<\/ul>\n\n\n\n<p class=\"wp-block-paragraph\">Le <mark style=\"background-color:rgba(0, 0, 0, 0);color:#ff6900\" class=\"has-inline-color\">MDM<\/mark> leur offre : modernisme, \u00e9cologie optimiste, num\u00e9risation.<\/p>\n\n\n\n<h6 class=\"wp-block-heading\">4. <strong>Les \u00e9lecteurs orphelins des droites mod\u00e9r\u00e9es (10 % du potentiel)<\/strong><\/h6>\n\n\n\n<ul class=\"wp-block-list\">\n<li>D\u00e9\u00e7us du MR, hostiles aux extr\u00eames.<\/li>\n\n\n\n<li>Attentes : une droite \u00ab solide mais non radicale \u00bb.<\/li>\n<\/ul>\n\n\n\n<p class=\"wp-block-paragraph\">Le <mark style=\"background-color:rgba(0, 0, 0, 0);color:#ff6900\" class=\"has-inline-color\">MDM<\/mark> leur offre : raison + fermet\u00e9 + modernisme.<\/p>\n\n\n\n<hr class=\"wp-block-separator has-alpha-channel-opacity\"\/>\n\n\n\n<h5 class=\"wp-block-heading\"><strong>4. Face aux concurrents : la diff\u00e9rence <mark style=\"background-color:rgba(0, 0, 0, 0);color:#ff6900\" class=\"has-inline-color\">MDM<\/mark> en une phrase<\/strong><\/h5>\n\n\n\n<h6 class=\"wp-block-heading\"><strong>MR<\/strong><\/h6>\n\n\n\n<p class=\"wp-block-paragraph\">\u00ab Trop lib\u00e9ral, trop ambigu, trop vieux. Le <mark style=\"background-color:rgba(0, 0, 0, 0);color:#ff6900\" class=\"has-inline-color\">MDM<\/mark> : la droite qui prot\u00e8ge. \u00bb<\/p>\n\n\n\n<h6 class=\"wp-block-heading\"><strong>Les Engag\u00e9s<\/strong><\/h6>\n\n\n\n<p class=\"wp-block-paragraph\">\u00ab Trop centristes, trop consensuels. Le <mark style=\"background-color:rgba(0, 0, 0, 0);color:#ff6900\" class=\"has-inline-color\">MDM<\/mark> : clair, ferme, moderne. \u00bb<\/p>\n\n\n\n<h6 class=\"wp-block-heading\"><strong>PS<\/strong><\/h6>\n\n\n\n<p class=\"wp-block-paragraph\">\u00ab D\u00e9fend l\u2019assistanat plus que le travail. Le <mark style=\"background-color:rgba(0, 0, 0, 0);color:#ff6900\" class=\"has-inline-color\">MDM<\/mark> : justice + m\u00e9rite. \u00bb<\/p>\n\n\n\n<h6 class=\"wp-block-heading\"><strong>\u00c9colo<\/strong><\/h6>\n\n\n\n<p class=\"wp-block-paragraph\">\u00ab \u00c9cologie punitive vs environnementalisme utile. \u00bb<\/p>\n\n\n\n<h6 class=\"wp-block-heading\"><strong>D\u00e9fi<\/strong><\/h6>\n\n\n\n<p class=\"wp-block-paragraph\">\u00ab Vieux logiciel, pas de cap. Nous : souverainet\u00e9 et modernisation. \u00bb<\/p>\n\n\n\n<h6 class=\"wp-block-heading\"><strong>Extr\u00eame droite<\/strong><\/h6>\n\n\n\n<p class=\"wp-block-paragraph\">\u00ab Le chaos n\u2019est pas un programme. Nous sommes fermes ET d\u00e9mocrates. \u00bb<\/p>\n\n\n\n<hr class=\"wp-block-separator has-alpha-channel-opacity\"\/>\n\n\n\n<h5 class=\"wp-block-heading\"><strong>5. Notre <\/strong><strong>r\u00e9cit \u00e9lectoral :<\/strong><\/h5>\n\n\n\n<h6 class=\"wp-block-heading\"><strong>Narratif central :<\/strong><\/h6>\n\n\n\n<p class=\"wp-block-paragraph\"><strong>\u00ab Remettre la Belgique debout : forte, juste, moderne. \u00bb<\/strong><\/p>\n\n\n\n<h6 class=\"wp-block-heading\">3 r\u00e9cits compl\u00e9mentaires :<\/h6>\n\n\n\n<ol class=\"wp-block-list\">\n<li><strong>R\u00e9cit social<\/strong> \u2013 <em>\u00ab La Belgique prot\u00e8ge ceux qui travaillent. \u00bb<\/em><\/li>\n\n\n\n<li><strong>R\u00e9cit moderniste<\/strong> \u2013 <em>\u00ab Le futur doit se construire, pas se subir. \u00bb<\/em><\/li>\n\n\n\n<li><strong>R\u00e9cit souverainiste \u00e9clair\u00e9<\/strong> \u2013 <em>\u00ab D\u00e9cider chez nous, pour nous. \u00bb<\/em><\/li>\n<\/ol>\n\n\n\n<hr class=\"wp-block-separator has-alpha-channel-opacity\"\/>\n\n\n\n<h5 class=\"wp-block-heading\"><strong>6. Les propositions phares mises <\/strong><strong>en avant en campagne<\/strong><\/h5>\n\n\n\n<h6 class=\"wp-block-heading\">1. <strong>Baisse du co\u00fbt de la vie<\/strong><\/h6>\n\n\n\n<ul class=\"wp-block-list\">\n<li>Baisse des taxes \u00e9nergie.<\/li>\n\n\n\n<li>+150 \u20ac de net\/mois pour les travailleurs.<\/li>\n\n\n\n<li>Bouclier \u00e9nergie belge.<\/li>\n<\/ul>\n\n\n\n<h6 class=\"wp-block-heading\">2. <strong>S\u00e9curit\u00e9 et coh\u00e9sion<\/strong><\/h6>\n\n\n\n<ul class=\"wp-block-list\">\n<li>Police de proximit\u00e9 modernis\u00e9e.<\/li>\n\n\n\n<li>Immigrations ma\u00eetris\u00e9e et efficace.<\/li>\n<\/ul>\n\n\n\n<h6 class=\"wp-block-heading\">3. <strong>Vision Mobilit\u00e9 2040<\/strong><\/h6>\n\n\n\n<ul class=\"wp-block-list\">\n<li>Transports fiables, num\u00e9ris\u00e9s, moins de congestion.<\/li>\n\n\n\n<li>Mobilit\u00e9 \u00e9lectrique, partag\u00e9e, propre, sans contrainte punitive.<\/li>\n<\/ul>\n\n\n\n<h6 class=\"wp-block-heading\">4. <strong>Justice sociale et m\u00e9ritocratie<\/strong><\/h6>\n\n\n\n<ul class=\"wp-block-list\">\n<li>L\u2019\u00e9cole redevient un moteur d\u2019ascension sociale.<\/li>\n\n\n\n<li>Fin du renoncement scolaire.<\/li>\n<\/ul>\n\n\n\n<h6 class=\"wp-block-heading\">5. <strong>PME, ind\u00e9pendants, entrepreneuriat<\/strong><\/h6>\n\n\n\n<ul class=\"wp-block-list\">\n<li>Simplification radicale.<\/li>\n\n\n\n<li>Fiscalit\u00e9 intelligente.<\/li>\n\n\n\n<li>Soutien innovation.<\/li>\n<\/ul>\n\n\n\n<h6 class=\"wp-block-heading\">6. <strong>\u00c9cologie optimiste<\/strong><\/h6>\n\n\n\n<ul class=\"wp-block-list\">\n<li>Propre + prosp\u00e8re, sans interdictions absurdes.<\/li>\n\n\n\n<li>\u00c9nergie belge, souveraine, moins ch\u00e8re.<\/li>\n<\/ul>\n\n\n\n<h6 class=\"wp-block-heading\">7. <strong>Vision New Space 2035<\/strong><\/h6>\n\n\n\n<hr class=\"wp-block-separator has-alpha-channel-opacity\"\/>\n\n\n\n<h5 class=\"wp-block-heading\"><strong>7. La matrice des messages (selon public)<\/strong><\/h5>\n\n\n\n<figure class=\"wp-block-table\"><table class=\"has-fixed-layout\"><thead><tr><td><strong>Public<\/strong><strong><\/strong><\/td><td><strong>Message \u00e9motionnel<\/strong><strong><\/strong><\/td><td><strong>Message rationnel<\/strong><strong><\/strong><\/td><\/tr><\/thead><tbody><tr><td>Populaire<\/td><td>\u00ab On vous prot\u00e8ge \u00bb<\/td><td>Baisse du co\u00fbt de la vie + s\u00e9curit\u00e9<\/td><\/tr><tr><td>Classe moyenne<\/td><td>\u00ab On modernise pour vous \u00bb<\/td><td>Fiscalit\u00e9 simple, mobilit\u00e9, innovation<\/td><\/tr><tr><td>Jeunes<\/td><td>\u00ab Ton avenir compte vraiment \u00bb<\/td><td>\u00c9cologie optimiste + num\u00e9rique<\/td><\/tr><tr><td>Droite mod\u00e9r\u00e9e<\/td><td>\u00ab La fermet\u00e9 sans la folie \u00bb<\/td><td>Souverainisme \u00e9clair\u00e9 + r\u00e9formes<\/td><\/tr><\/tbody><\/table><\/figure>\n\n\n\n<h5 class=\"wp-block-heading\"><strong>8. Image \u00e9lectorale <\/strong><strong>projet\u00e9e<\/strong><\/h5>\n\n\n\n<h6 class=\"wp-block-heading\">Ton g\u00e9n\u00e9ral :<\/h6>\n\n\n\n<p class=\"wp-block-paragraph\"><strong>S\u00e9rieux, moderne, protecteur, pragmatique, rassembleur.<\/strong><\/p>\n\n\n\n<h6 class=\"wp-block-heading\">Visuels :<\/h6>\n\n\n\n<ul class=\"wp-block-list\">\n<li>bleu \/ blanc \/ orange (d\u00e9j\u00e0 valid\u00e9s),<\/li>\n\n\n\n<li>typographie nette,<\/li>\n<\/ul>\n\n\n\n<h6 class=\"wp-block-heading\">Style :<\/h6>\n\n\n\n<p class=\"wp-block-paragraph\"><strong>professionnalisme<\/strong>, pas populisme.<br><strong>fermet\u00e9<\/strong>, pas agressivit\u00e9.<br><strong>fiert\u00e9 belge<\/strong>, pas nationalisme ferm\u00e9.<br><strong>modernit\u00e9<\/strong>, pas techno-\u00e9litisme.<\/p>\n\n\n\n<hr class=\"wp-block-separator has-alpha-channel-opacity\"\/>\n\n\n\n<h5 class=\"wp-block-heading\"><strong>9. La promesse \u00e9lectorale du <mark style=\"background-color:rgba(0, 0, 0, 0);color:#ff6900\" class=\"has-inline-color\">MDM<\/mark><\/strong><\/h5>\n\n\n\n<h6 class=\"wp-block-heading\">\u2714 <strong>Aux classes <\/strong><strong>populaires<\/strong>: \u00ab On vous d\u00e9fend. \u00bb<\/h6>\n\n\n\n<h6 class=\"wp-block-heading\">\u2714 <strong>\u00c0 la classe <\/strong><strong>moyenne<\/strong>: \u00ab On vous lib\u00e8re. \u00bb<\/h6>\n\n\n\n<h6 class=\"wp-block-heading\">\u2714 <strong>\u00c0 la <\/strong><strong>jeunesse<\/strong>: \u00ab On vous pr\u00e9pare un pays \u00e0 hauteur de votre talent. \u00bb<\/h6>\n\n\n\n<h6 class=\"wp-block-heading\">\u2714 <strong>\u00c0 <\/strong><strong>tous<\/strong>: \u00ab Une Belgique qui ne s\u2019excuse plus d\u2019exister. \u00bb<\/h6>\n\n\n\n<hr class=\"wp-block-separator has-alpha-channel-opacity\"\/>\n\n\n\n<h5 class=\"wp-block-heading\"><strong>10. L\u2019objectif \u00e9lectoral chiffr\u00e9<\/strong><\/h5>\n\n\n\n<p class=\"wp-block-paragraph\">Pour un mouvement nouveau, r\u00e9aliste :<\/p>\n\n\n\n<ul class=\"wp-block-list\">\n<li><strong>1\u00e8re \u00e9lection : 4 % \u00e0 8 %<\/strong> (perc\u00e9e cr\u00e9dible).<\/li>\n\n\n\n<li><strong>2e \u00e9lection : 10 % \u00e0 15 %<\/strong> (installation durable).<\/li>\n\n\n\n<li><strong>Objectif long terme : devenir la 1\u00e8re droite mod\u00e9r\u00e9e en Belgique francophone.<\/strong><\/li>\n<\/ul>\n","protected":false},"excerpt":{"rendered":"<p>1. L\u2019espace politique du MDM : le \u00ab triangle moderniste \u00bb Le MDM occupe un espace quasi vide en Belgique francophone, entre : Cet espace est celui d\u2019une : Droite sociale + moderniste + patriotique civique + europ\u00e9enne + souverainiste \u00e9clair\u00e9e. Positionnement central :\u00ab Une droite qui prot\u00e8ge, r\u00e9forme et rassemble. \u00bb 2. Le noyau [&hellip;]<\/p>\n","protected":false},"author":1,"featured_media":0,"comment_status":"open","ping_status":"open","sticky":false,"template":"","format":"standard","meta":{"_monsterinsights_skip_tracking":false,"_uf_show_specific_survey":0,"_uf_disable_surveys":false,"footnotes":""},"categories":[8],"tags":[],"class_list":["post-2458","post","type-post","status-publish","format-standard","hentry","category-positionnement"],"_links":{"self":[{"href":"https:\/\/droitemoderniste.be\/index.php\/wp-json\/wp\/v2\/posts\/2458","targetHints":{"allow":["GET"]}}],"collection":[{"href":"https:\/\/droitemoderniste.be\/index.php\/wp-json\/wp\/v2\/posts"}],"about":[{"href":"https:\/\/droitemoderniste.be\/index.php\/wp-json\/wp\/v2\/types\/post"}],"author":[{"embeddable":true,"href":"https:\/\/droitemoderniste.be\/index.php\/wp-json\/wp\/v2\/users\/1"}],"replies":[{"embeddable":true,"href":"https:\/\/droitemoderniste.be\/index.php\/wp-json\/wp\/v2\/comments?post=2458"}],"version-history":[{"count":1,"href":"https:\/\/droitemoderniste.be\/index.php\/wp-json\/wp\/v2\/posts\/2458\/revisions"}],"predecessor-version":[{"id":2460,"href":"https:\/\/droitemoderniste.be\/index.php\/wp-json\/wp\/v2\/posts\/2458\/revisions\/2460"}],"wp:attachment":[{"href":"https:\/\/droitemoderniste.be\/index.php\/wp-json\/wp\/v2\/media?parent=2458"}],"wp:term":[{"taxonomy":"category","embeddable":true,"href":"https:\/\/droitemoderniste.be\/index.php\/wp-json\/wp\/v2\/categories?post=2458"},{"taxonomy":"post_tag","embeddable":true,"href":"https:\/\/droitemoderniste.be\/index.php\/wp-json\/wp\/v2\/tags?post=2458"}],"curies":[{"name":"wp","href":"https:\/\/api.w.org\/{rel}","templated":true}]}}