{"id":2449,"date":"2026-01-04T11:40:33","date_gmt":"2026-01-04T10:40:33","guid":{"rendered":"https:\/\/droitemoderniste.be\/?p=2449"},"modified":"2026-01-04T11:40:33","modified_gmt":"2026-01-04T10:40:33","slug":"mdm-pret-pour-le-debat","status":"publish","type":"post","link":"https:\/\/droitemoderniste.be\/index.php\/2026\/01\/04\/mdm-pret-pour-le-debat\/","title":{"rendered":"MDM pr\u00eat pour le d\u00e9bat !"},"content":{"rendered":"\n<figure class=\"wp-block-image size-large\"><img loading=\"lazy\" decoding=\"async\" width=\"1024\" height=\"576\" src=\"https:\/\/droitemoderniste.be\/wp-content\/uploads\/2026\/01\/pitch-femmes-1024x576.webp\" alt=\"\" class=\"wp-image-2450\" srcset=\"https:\/\/droitemoderniste.be\/wp-content\/uploads\/2026\/01\/pitch-femmes-1024x576.webp 1024w, https:\/\/droitemoderniste.be\/wp-content\/uploads\/2026\/01\/pitch-femmes-300x169.webp 300w, https:\/\/droitemoderniste.be\/wp-content\/uploads\/2026\/01\/pitch-femmes-768x432.webp 768w, https:\/\/droitemoderniste.be\/wp-content\/uploads\/2026\/01\/pitch-femmes.webp 1280w\" sizes=\"auto, (max-width: 1024px) 100vw, 1024px\" \/><\/figure>\n\n\n\n<p class=\"wp-block-paragraph\"><strong>Question journaliste :<\/strong> \u00ab\u00a0<em>Quelle est la doctrine du programme \u00ab\u00a0Fiscalit\u00e9 <mark style=\"background-color:rgba(0, 0, 0, 0);color:#ff6900\" class=\"has-inline-color\">MDM<\/mark>\u00a0\u00bb<\/em>\u00a0\u00bb\u00a0? <\/p>\n\n\n\n<p class=\"wp-block-paragraph\"><strong>R\u00e9ponse <mark style=\"background-color:rgba(0, 0, 0, 0);color:#ff6900\" class=\"has-inline-color\">MDM<\/mark> :<\/strong> \u00ab\u00a0<em>Redresser la Belgique sans punir ceux qui travaillent<\/em>.\u00a0\u00bb<\/p>\n\n\n\n<p class=\"wp-block-paragraph\">Notre message central : <strong>\u00ab <em>Le d\u00e9ficit belge n\u2019est pas un manque d\u2019imp\u00f4ts, c\u2019est un manque de justice et d\u2019efficacit\u00e9 fiscale.<\/em> \u00bb<\/strong><\/p>\n\n\n\n<p class=\"wp-block-paragraph\">Notre positionnement g\u00e9n\u00e9ral :<strong> <\/strong>\u00ab <em>Le <mark style=\"background-color:rgba(0, 0, 0, 0);color:#ff6900\" class=\"has-inline-color\">MDM<\/mark> refuse deux impasses : l\u2019aust\u00e9rit\u00e9 brutale et l\u2019augmentation aveugle des imp\u00f4ts. Nous proposons une fiscalit\u00e9 moderne : cibl\u00e9e, juste et efficace<\/em>. \u00bb<\/p>\n\n\n\n<ul class=\"wp-block-list\">\n<li>Pas d\u2019imp\u00f4t g\u00e9n\u00e9ralis\u00e9<\/li>\n\n\n\n<li>Protection des classes moyennes actives<\/li>\n\n\n\n<li>Contribution accrue des rentes, abus et superprofits<\/li>\n\n\n\n<li>Objectif : <strong>\u2013 d\u00e9ficit, + souverainet\u00e9<\/strong><\/li>\n<\/ul>\n\n\n\n<p class=\"wp-block-paragraph\"><\/p>\n\n\n\n<p class=\"wp-block-paragraph\"><strong>Question journaliste :<\/strong> \u00ab <em>Vous voulez taxer les entreprises<\/em>. \u00bb<\/p>\n\n\n\n<p class=\"wp-block-paragraph\"><strong>R\u00e9ponse <mark style=\"background-color:rgba(0, 0, 0, 0);color:#ff6900\" class=\"has-inline-color\">MDM<\/mark> :<\/strong> \u00ab <em>Non. Nous taxons les <strong>profits exceptionnels non m\u00e9rit\u00e9s<\/strong>, et nous exon\u00e9rons ceux qui r\u00e9investissent en Belgique. C\u2019est pro-\u00e9conomie r\u00e9elle<\/em>. \u00bb<\/p>\n\n\n\n<p class=\"wp-block-paragraph\">Punchline <strong>:<\/strong> \u00ab <em>Le <mark style=\"background-color:rgba(0, 0, 0, 0);color:#ff6900\" class=\"has-inline-color\">MDM<\/mark> r\u00e9compense l\u2019investissement, pas la rente de crise<\/em>. \u00bb<\/p>\n\n\n\n<p class=\"wp-block-paragraph\"><\/p>\n\n\n\n<p class=\"wp-block-paragraph\"><strong>Question journaliste\u00a0: <\/strong>\u00ab\u00a0<em>Pourquoi un imp\u00f4t minimum effectif concernant les grandes entreprises\u00a0?<\/em>\u00a0\u00bb<\/p>\n\n\n\n<p class=\"wp-block-paragraph\"><strong>R\u00e9ponse <mark style=\"background-color:rgba(0, 0, 0, 0);color:#ff6900\" class=\"has-inline-color\">MDM<\/mark> :<\/strong> \u00ab <em>Une PME paie souvent plus d\u2019imp\u00f4ts qu\u2019un g\u00e9ant multinational. Ce n\u2019est pas de l\u2019attractivit\u00e9, c\u2019est une injustice<\/em>. \u00bb<\/p>\n\n\n\n<p class=\"wp-block-paragraph\"><strong>Argument choc :<\/strong><\/p>\n\n\n\n<ul class=\"wp-block-list\">\n<li>M\u00eame r\u00e8gle pour tous<\/li>\n\n\n\n<li>Compatible OCDE<\/li>\n\n\n\n<li>Concurrence loyale<\/li>\n<\/ul>\n\n\n\n<p class=\"wp-block-paragraph\">Punchline<strong> :<\/strong> \u00ab <em>L\u2019optimisation agressive n\u2019est pas un talent \u00e9conomique<\/em>. \u00bb<\/p>\n\n\n\n<p class=\"wp-block-paragraph\"><\/p>\n\n\n\n<p class=\"wp-block-paragraph\">Concernant les plateformes GAFAM et notre souverainet\u00e9 num\u00e9rique, nous clamons : \u00ab <em>Quand une plateforme gagne de l\u2019argent gr\u00e2ce aux Belges, elle doit contribuer en Belgique. <\/em>\u00bb<\/p>\n\n\n\n<p class=\"wp-block-paragraph\"><strong>Objection du journaliste :<\/strong> \u00ab Impossible \u00e0 appliquer. \u00bb<\/p>\n\n\n\n<p class=\"wp-block-paragraph\"><strong>R\u00e9ponse <mark style=\"background-color:rgba(0, 0, 0, 0);color:#ff6900\" class=\"has-inline-color\">MDM<\/mark> :<\/strong> \u00ab <em>D\u2019autres pays le font d\u00e9j\u00e0. Le probl\u00e8me n\u2019est pas technique, il est politique.<\/em> \u00bb<\/p>\n\n\n\n<p class=\"wp-block-paragraph\"><\/p>\n\n\n\n<p class=\"wp-block-paragraph\">Concernant les successions et comment d\u00e9samorcer la peur<\/p>\n\n\n\n<p class=\"wp-block-paragraph\"><strong>Attaque du journaliste :<\/strong> \u00ab <em>Vous allez taxer les familles<\/em>. \u00bb<\/p>\n\n\n\n<p class=\"wp-block-paragraph\"><strong>R\u00e9ponse <mark style=\"background-color:rgba(0, 0, 0, 0);color:#ff6900\" class=\"has-inline-color\">MDM<\/mark> :<\/strong> \u00ab <em>Faux. Nous all\u00e9geons la transmission familiale et les PME. Nous taxons l\u2019accumulation dormante extr\u00eame<\/em>. \u00bb<\/p>\n\n\n\n<p class=\"wp-block-paragraph\">Punchline<strong> :<\/strong> \u00ab <em>Le <mark style=\"background-color:rgba(0, 0, 0, 0);color:#ff6900\" class=\"has-inline-color\">MDM<\/mark> prot\u00e8ge l\u2019h\u00e9ritage du travail, pas l\u2019h\u00e9ritage de l\u2019inaction<\/em>. \u00bb<\/p>\n\n\n\n<p class=\"wp-block-paragraph\"><\/p>\n\n\n\n<p class=\"wp-block-paragraph\"><strong>Question journaliste\u00a0: <\/strong>\u00ab\u00a0<em>concernant votre \u00ab\u00a0TVA diff\u00e9renci\u00e9e\u00a0\u00bb, \u00eates-vous s\u00fbr que le consommateur sera gagnant\u00a0?<\/em>\u00a0\u00bb<\/p>\n\n\n\n<p class=\"wp-block-paragraph\"><strong>R\u00e9ponse <mark style=\"background-color:rgba(0, 0, 0, 0);color:#ff6900\" class=\"has-inline-color\">MDM<\/mark>:<\/strong> \u00ab <em>Acheter durable, local et r\u00e9parable doit co\u00fbter moins cher que jeter et importer.<\/em> \u00bb<\/p>\n\n\n\n<p class=\"wp-block-paragraph\"><strong>Angle positif :<\/strong><\/p>\n\n\n\n<ul class=\"wp-block-list\">\n<li>Incitatif, pas punitif<\/li>\n\n\n\n<li>Bon pour le portefeuille<\/li>\n\n\n\n<li>Bon pour l\u2019emploi local<\/li>\n<\/ul>\n\n\n\n<p class=\"wp-block-paragraph\"><\/p>\n\n\n\n<p class=\"wp-block-paragraph\"><strong>Attaque journaliste concernant nos mesures fiscales \u00ab\u00a0sant\u00e9\u00a0\u00bb\u00a0 :<\/strong> \u00ab <em>Vous p\u00e9nalisez les m\u00e9nages modestes.<\/em> \u00bb<\/p>\n\n\n\n<p class=\"wp-block-paragraph\"><strong>R\u00e9ponse <mark style=\"background-color:rgba(0, 0, 0, 0);color:#ff6900\" class=\"has-inline-color\">MDM<\/mark> :<\/strong> \u00ab <em>Faux. Nous compensons les m\u00e9nages modestes et finan\u00e7ons la pr\u00e9vention. Moins de maladies, moins de d\u00e9penses publiques.<\/em> \u00bb<\/p>\n\n\n\n<p class=\"wp-block-paragraph\">Punchline<strong> :<\/strong> \u00ab <em>Pr\u00e9venir co\u00fbte toujours moins cher que gu\u00e9rir<\/em>. \u00bb<\/p>\n\n\n\n<p class=\"wp-block-paragraph\"><\/p>\n\n\n\n<p class=\"wp-block-paragraph\"><strong>Question journaliste\u00a0: <\/strong>\u00ab\u00a0<em>l\u2019axe central du <mark style=\"background-color:rgba(0, 0, 0, 0);color:#ff6900\" class=\"has-inline-color\">MDM<\/mark>\u00a0est-il travail versus rente\u00a0?<\/em>\u00a0\u00bb<\/p>\n\n\n\n<p class=\"wp-block-paragraph\"><strong>R\u00e9ponse <mark style=\"background-color:rgba(0, 0, 0, 0);color:#ff6900\" class=\"has-inline-color\">MDM<\/mark> :<\/strong> \u00ab <em>Aujourd\u2019hui, travailler est parfois plus tax\u00e9 que sp\u00e9culer. Le MDM corrige cette absurdit\u00e9.<\/em> \u00bb<\/p>\n\n\n\n<p class=\"wp-block-paragraph\"><strong>Message clair :<\/strong><\/p>\n\n\n\n<ul class=\"wp-block-list\">\n<li>Travail r\u00e9compens\u00e9<\/li>\n\n\n\n<li>Rente passive davantage contributive<\/li>\n<\/ul>\n\n\n\n<p class=\"wp-block-paragraph\">Punchline<strong> :<\/strong> \u00ab <em>La Belgique doit redevenir un pays o\u00f9 l\u2019effort paie<\/em>. \u00bb<\/p>\n\n\n\n<p class=\"wp-block-paragraph\"><\/p>\n\n\n\n<p class=\"wp-block-paragraph\"><strong>Attaque journaliste :<\/strong> \u00ab <em>Vous attaquez les propri\u00e9taires<\/em>. \u00bb<\/p>\n\n\n\n<p class=\"wp-block-paragraph\"><strong>R\u00e9ponse <mark style=\"background-color:rgba(0, 0, 0, 0);color:#ff6900\" class=\"has-inline-color\">MDM <\/mark>:<\/strong> \u00ab <em>Faux. Nous ciblons la sp\u00e9culation rapide, pas l\u2019habitat familial<\/em>. \u00bb<\/p>\n\n\n\n<p class=\"wp-block-paragraph\">Punchline<strong> :<\/strong> \u00ab <em>Se loger n\u2019est pas sp\u00e9culer<\/em>. \u00bb<\/p>\n\n\n\n<p class=\"wp-block-paragraph\"><\/p>\n\n\n\n<p class=\"wp-block-paragraph\"><strong>Question journaliste\u00a0: <\/strong>\u00ab\u00a0<em>quelle est votre position concernant la fraude\u00a0?<\/em>\u00a0\u00bb<\/p>\n\n\n\n<p class=\"wp-block-paragraph\"><strong>R\u00e9ponse <mark style=\"background-color:rgba(0, 0, 0, 0);color:#ff6900\" class=\"has-inline-color\">MDM<\/mark> :<\/strong> \u00ab <em>Chaque euro fraud\u00e9 est un euro pay\u00e9 en trop par un travailleur honn\u00eate.<\/em> \u00bb<\/p>\n\n\n\n<p class=\"wp-block-paragraph\"><strong>Argument d\u00e9cisif :<\/strong><\/p>\n\n\n\n<ul class=\"wp-block-list\">\n<li>IA cibl\u00e9e<\/li>\n\n\n\n<li>Grandes fraudes en priorit\u00e9<\/li>\n\n\n\n<li>Respect des libert\u00e9s<\/li>\n<\/ul>\n\n\n\n<p class=\"wp-block-paragraph\">Punchline finale <strong>:<\/strong> \u00ab <em>La fraude n\u2019est pas une fatalit\u00e9, c\u2019est un choix politique<\/em>. \u00bb<\/p>\n\n\n\n<p class=\"wp-block-paragraph\"><strong>Conclusion\u00a0: \u00ab\u00a0<em>Le MDM propose une fiscalit\u00e9 adulte : moins d\u2019id\u00e9ologie, plus d\u2019efficacit\u00e9. Redresser la Belgique, c\u2019est possible \u2014 si on a le courage de la justice fiscale.<\/em> \u00bb<\/strong><\/p>\n\n\n\n<p class=\"wp-block-paragraph\"><strong>\u00ab <em>Ces mesures peuvent rapporter entre 9 et 12 milliards d\u2019euros par an, sans hausse g\u00e9n\u00e9rale d\u2019imp\u00f4ts<\/em>. \u00bb<\/strong><\/p>\n\n\n\n<p class=\"wp-block-paragraph\"><\/p>\n","protected":false},"excerpt":{"rendered":"<p>Question journaliste : \u00ab\u00a0Quelle est la doctrine du programme \u00ab\u00a0Fiscalit\u00e9 MDM\u00a0\u00bb\u00a0\u00bb\u00a0? R\u00e9ponse MDM : \u00ab\u00a0Redresser la Belgique sans punir ceux qui travaillent.\u00a0\u00bb Notre message central : \u00ab Le d\u00e9ficit belge n\u2019est pas un manque d\u2019imp\u00f4ts, c\u2019est un manque de justice et d\u2019efficacit\u00e9 fiscale. \u00bb Notre positionnement g\u00e9n\u00e9ral : \u00ab Le MDM refuse deux impasses : [&hellip;]<\/p>\n","protected":false},"author":1,"featured_media":0,"comment_status":"open","ping_status":"open","sticky":false,"template":"","format":"standard","meta":{"_monsterinsights_skip_tracking":false,"_uf_show_specific_survey":0,"_uf_disable_surveys":false,"footnotes":""},"categories":[17],"tags":[],"class_list":["post-2449","post","type-post","status-publish","format-standard","hentry","category-fiscalite"],"_links":{"self":[{"href":"https:\/\/droitemoderniste.be\/index.php\/wp-json\/wp\/v2\/posts\/2449","targetHints":{"allow":["GET"]}}],"collection":[{"href":"https:\/\/droitemoderniste.be\/index.php\/wp-json\/wp\/v2\/posts"}],"about":[{"href":"https:\/\/droitemoderniste.be\/index.php\/wp-json\/wp\/v2\/types\/post"}],"author":[{"embeddable":true,"href":"https:\/\/droitemoderniste.be\/index.php\/wp-json\/wp\/v2\/users\/1"}],"replies":[{"embeddable":true,"href":"https:\/\/droitemoderniste.be\/index.php\/wp-json\/wp\/v2\/comments?post=2449"}],"version-history":[{"count":1,"href":"https:\/\/droitemoderniste.be\/index.php\/wp-json\/wp\/v2\/posts\/2449\/revisions"}],"predecessor-version":[{"id":2451,"href":"https:\/\/droitemoderniste.be\/index.php\/wp-json\/wp\/v2\/posts\/2449\/revisions\/2451"}],"wp:attachment":[{"href":"https:\/\/droitemoderniste.be\/index.php\/wp-json\/wp\/v2\/media?parent=2449"}],"wp:term":[{"taxonomy":"category","embeddable":true,"href":"https:\/\/droitemoderniste.be\/index.php\/wp-json\/wp\/v2\/categories?post=2449"},{"taxonomy":"post_tag","embeddable":true,"href":"https:\/\/droitemoderniste.be\/index.php\/wp-json\/wp\/v2\/tags?post=2449"}],"curies":[{"name":"wp","href":"https:\/\/api.w.org\/{rel}","templated":true}]}}