{"id":2435,"date":"2026-01-03T11:36:34","date_gmt":"2026-01-03T10:36:34","guid":{"rendered":"https:\/\/droitemoderniste.be\/?p=2435"},"modified":"2026-01-03T11:36:34","modified_gmt":"2026-01-03T10:36:34","slug":"racines-fortes-regard-neuf","status":"publish","type":"post","link":"https:\/\/droitemoderniste.be\/index.php\/2026\/01\/03\/racines-fortes-regard-neuf\/","title":{"rendered":"\u00ab\u00a0Racines fortes, regard neuf\u00a0\u00bb"},"content":{"rendered":"\n<figure class=\"wp-block-image size-full\"><img loading=\"lazy\" decoding=\"async\" width=\"239\" height=\"211\" src=\"https:\/\/droitemoderniste.be\/wp-content\/uploads\/2026\/01\/racines-fortes.jpg\" alt=\"\" class=\"wp-image-2436\"\/><\/figure>\n\n\n\n<p class=\"wp-block-paragraph\">Mesdames et Messieurs,<br>Chers amis,<br>Chers compatriotes,<\/p>\n\n\n\n<p class=\"wp-block-paragraph\">Merci de croire, comme nous, qu\u2019un pays vaut mieux que sa r\u00e9signation. Merci de refuser l\u2019id\u00e9e que la Belgique serait condamn\u00e9e \u00e0 la stagnation, au d\u00e9clin, \u00e0 l\u2019impuissance.<\/p>\n\n\n\n<p class=\"wp-block-paragraph\">Car nous sommes ici pour dire autre chose : <strong>la Belgique peut redevenir forte, juste et moderne<\/strong>.<br>Et c\u2019est tout le sens du <strong><mark style=\"background-color:rgba(0, 0, 0, 0);color:#ff6900\" class=\"has-inline-color\">Mouvement Droite Moderniste<\/mark><\/strong>.<\/p>\n\n\n\n<hr class=\"wp-block-separator has-alpha-channel-opacity\"\/>\n\n\n\n<h5 class=\"wp-block-heading\"><strong>I. La Belgique m\u00e9rite mieux \u2014 et nous allons le lui offrir<\/strong><\/h5>\n\n\n\n<p class=\"wp-block-paragraph\">Pendant trop longtemps, notre pays a v\u00e9cu au rythme des compromis mous, des demi-mesures, des reculs masqu\u00e9s.<br>Trop longtemps, les Belges ont demand\u00e9 des r\u00e9ponses claires\u2026 et re\u00e7u des discours vides.<br>Trop longtemps, on a oppos\u00e9 les travailleurs aux ind\u00e9pendants, les familles aux entreprises, la campagne \u00e0 la ville.<\/p>\n\n\n\n<p class=\"wp-block-paragraph\">Le <mark style=\"background-color:rgba(0, 0, 0, 0);color:#ff6900\" class=\"has-inline-color\">MDM<\/mark> dit stop \u00e0 tout cela.<br>Nous sommes <strong>la droite qui prot\u00e8ge et qui modernise<\/strong>.<br>La droite qui croit au m\u00e9rite, mais aussi \u00e0 la justice.<br>La droite qui croit \u00e0 la libert\u00e9, mais aussi \u00e0 la responsabilit\u00e9.<\/p>\n\n\n\n<p class=\"wp-block-paragraph\">Nous refusons les extr\u00eames, nous refusons la na\u00efvet\u00e9, nous refusons l\u2019impuissance.<br>Ce que nous voulons, c\u2019est <strong>r\u00e9parer, transformer, reconstruire<\/strong>.<\/p>\n\n\n\n<hr class=\"wp-block-separator has-alpha-channel-opacity\"\/>\n\n\n\n<h5 class=\"wp-block-heading\"><strong>II. Prot\u00e9ger les Belges : notre premi\u00e8re mission<\/strong><\/h5>\n\n\n\n<p class=\"wp-block-paragraph\">Prot\u00e9ger, ce n\u2019est pas un gros mot.<br>Prot\u00e9ger, c\u2019est <strong>notre devoir d\u00e9mocratique<\/strong>.<\/p>\n\n\n\n<p class=\"wp-block-paragraph\">Prot\u00e9ger les salaires.<br>Prot\u00e9ger le pouvoir d\u2019achat.<br>Prot\u00e9ger la s\u00e9curit\u00e9 dans les rues, dans les transports, dans les quartiers.<br>Prot\u00e9ger les familles qui travaillent, qui se l\u00e8vent t\u00f4t, qui n\u2019ont pas le temps pour les promesses vides.<\/p>\n\n\n\n<p class=\"wp-block-paragraph\">Cela veut dire des factures d\u2019\u00e9nergie plus basses, des transports plus fiables, un syst\u00e8me social \u00e9quitable o\u00f9 l\u2019on <strong>r\u00e9compense ceux qui contribuent<\/strong>, et o\u00f9 l\u2019on prot\u00e8ge ceux qui en ont vraiment besoin.<\/p>\n\n\n\n<p class=\"wp-block-paragraph\">Le <mark style=\"background-color:rgba(0, 0, 0, 0);color:#ff6900\" class=\"has-inline-color\">MDM<\/mark> n\u2019est pas la droite des privil\u00e8ges.<br>Nous sommes la droite <strong>de la justice sociale<\/strong>, de ce <strong>justicialisme<\/strong> qui garantit que chaque Belge puisse avancer, dignement.<\/p>\n\n\n\n<hr class=\"wp-block-separator has-alpha-channel-opacity\"\/>\n\n\n\n<h5 class=\"wp-block-heading\"><strong>III. Moderniser la Belgique : enfin un cap<\/strong><\/h5>\n\n\n\n<p class=\"wp-block-paragraph\">Notre pays souffre d\u2019un manque de direction.<br>Nous, nous en avons un : <strong>un cap clair, assum\u00e9 et ambitieux<\/strong>.<\/p>\n\n\n\n<p class=\"wp-block-paragraph\">Moderniser notre mobilit\u00e9 avec notre vision <strong>Mobilit\u00e9 2040<\/strong>.<br>Moderniser notre \u00e9conomie en soutenant les PME, les ind\u00e9pendants, l\u2019innovation.<br>Moderniser notre \u00e9cole pour en faire le moteur de l\u2019excellence, du m\u00e9rite, de l\u2019avenir.<\/p>\n\n\n\n<p class=\"wp-block-paragraph\">Nous voulons une \u00e9cologie <strong>optimiste<\/strong>, pas punitive.<br>Une Belgique <strong>productive<\/strong>, pas d\u00e9fensive.<br>Une administration <strong>simple<\/strong>, pas labyrinthique.<\/p>\n\n\n\n<p class=\"wp-block-paragraph\">Notre projet est simple :<br>\ud83d\udc49 rendre le pays plus efficace, plus lisible, plus agile.<br>\ud83d\udc49 rendre l\u2019\u00c9tat capable, et rendre les citoyens libres.<\/p>\n\n\n\n<hr class=\"wp-block-separator has-alpha-channel-opacity\"\/>\n\n\n\n<h5 class=\"wp-block-heading\"><strong>IV. Retrouver notre souverainet\u00e9 : calmement, fermement, lucidement<\/strong><\/h5>\n\n\n\n<p class=\"wp-block-paragraph\">Nous parlons de <strong>souverainisme \u00e9clair\u00e9<\/strong>.<br>Pas de slogans creux.<br>Pas de replis identitaires.<br>Mais la volont\u00e9 simple et l\u00e9gitime de d\u00e9cider chez nous, pour nous.<\/p>\n\n\n\n<p class=\"wp-block-paragraph\">Cela signifie ma\u00eetriser notre politique migratoire avec humanit\u00e9 mais avec fermet\u00e9.<br>Cela signifie garantir notre s\u00e9curit\u00e9 \u00e9nerg\u00e9tique.<br>Cela signifie d\u00e9fendre nos int\u00e9r\u00eats au sein de l\u2019Union europ\u00e9enne, au lieu de suivre le courant par habitude.<\/p>\n\n\n\n<p class=\"wp-block-paragraph\">Nous sommes europ\u00e9ens.<br>Nous sommes ouverts.<br>Mais nous sommes Belges, et nous n\u2019avons pas \u00e0 nous excuser de l\u2019\u00eatre.<\/p>\n\n\n\n<hr class=\"wp-block-separator has-alpha-channel-opacity\"\/>\n\n\n\n<h5 class=\"wp-block-heading\"><strong>V. Une identit\u00e9 qui rassemble, un horizon qui inspire<\/strong><\/h5>\n\n\n\n<p class=\"wp-block-paragraph\">La Belgique a besoin d\u2019un r\u00e9cit positif.<br>Pas d\u2019un r\u00e9cit de peur, ni d\u2019un r\u00e9cit de moralisation.<br><strong>Un r\u00e9cit de confiance.<\/strong><\/p>\n\n\n\n<p class=\"wp-block-paragraph\">Le <mark style=\"background-color:rgba(0, 0, 0, 0);color:#ff6900\" class=\"has-inline-color\">MDM<\/mark>, c\u2019est :<\/p>\n\n\n\n<ul class=\"wp-block-list\">\n<li>un patriotisme civique,<\/li>\n\n\n\n<li>un modernisme serein,<\/li>\n\n\n\n<li>un humanisme enracin\u00e9,<\/li>\n\n\n\n<li>un engagement environnemental responsable,<\/li>\n\n\n\n<li>et la conviction que le progr\u00e8s n\u2019est pas une menace, mais un choix.<\/li>\n<\/ul>\n\n\n\n<p class=\"wp-block-paragraph\">Notre slogan dit tout :<\/p>\n\n\n\n<h5 class=\"wp-block-heading\"><strong>\u00ab Racines fortes, regard neuf \u00bb<\/strong><\/h5>\n\n\n\n<p class=\"wp-block-paragraph\">Parce qu\u2019un pays ne se construit pas dans l\u2019oubli de ce qu\u2019il est,<br>mais encore moins dans la peur de ce qu\u2019il peut devenir.<\/p>\n\n\n\n<hr class=\"wp-block-separator has-alpha-channel-opacity\"\/>\n\n\n\n<h5 class=\"wp-block-heading\"><strong>VI. Un mouvement qui vous ressemble<\/strong><\/h5>\n\n\n\n<p class=\"wp-block-paragraph\">Le <mark style=\"background-color:rgba(0, 0, 0, 0);color:#ff6900\" class=\"has-inline-color\">MDM<\/mark> n\u2019est pas un parti de professionnels de la politique.<br>C\u2019est un mouvement de Belges qui veulent remettre leur pays en marche.<\/p>\n\n\n\n<p class=\"wp-block-paragraph\">Des travailleurs.<br>Des entrepreneurs.<br>Des \u00e9tudiants.<br>Des familles.<br>Des ruraux et des urbains.<br>Des gens r\u00e9alistes, courageux, optimistes.<\/p>\n\n\n\n<p class=\"wp-block-paragraph\">Nous ne promettons pas la lune.<br>Nous promettons <strong>le s\u00e9rieux, le courage et la coh\u00e9rence<\/strong>.<\/p>\n\n\n\n<hr class=\"wp-block-separator has-alpha-channel-opacity\"\/>\n\n\n\n<h5 class=\"wp-block-heading\"><strong>VII. Conclusion : Maintenant, c\u2019est \u00e0 nous<\/strong><\/h5>\n\n\n\n<p class=\"wp-block-paragraph\">Mesdames et Messieurs,<br>La Belgique n\u2019a pas besoin d\u2019attendre un miracle.<br>Elle a besoin de volont\u00e9.<br>De clart\u00e9.<br>De force.<br>De c\u0153ur.<\/p>\n\n\n\n<p class=\"wp-block-paragraph\">Le <mark style=\"background-color:rgba(0, 0, 0, 0);color:#ff6900\" class=\"has-inline-color\">MDM<\/mark> est pr\u00eat.<br>Pr\u00eat \u00e0 prot\u00e9ger.<br>Pr\u00eat \u00e0 moderniser.<br>Pr\u00eat \u00e0 r\u00e9concilier ce pays avec lui-m\u00eame.<\/p>\n\n\n\n<p class=\"wp-block-paragraph\">Rejoignez-nous.<br>Construisons ensemble une Belgique forte, juste et moderne.<\/p>\n\n\n\n<p class=\"wp-block-paragraph\"><strong>L\u2019audace d\u2019une droite moderne<\/strong> \u2014 c\u2019est maintenant.<\/p>\n\n\n\n<p class=\"wp-block-paragraph\">Merci.<br>Vive la Belgique, et vive le <mark style=\"background-color:rgba(0, 0, 0, 0);color:#ff6900\" class=\"has-inline-color\">Mouvement Droite Moderniste<\/mark>.<\/p>\n\n\n\n<p class=\"wp-block-paragraph\"><\/p>\n","protected":false},"excerpt":{"rendered":"<p>Mesdames et Messieurs,Chers amis,Chers compatriotes, Merci de croire, comme nous, qu\u2019un pays vaut mieux que sa r\u00e9signation. Merci de refuser l\u2019id\u00e9e que la Belgique serait condamn\u00e9e \u00e0 la stagnation, au d\u00e9clin, \u00e0 l\u2019impuissance. Car nous sommes ici pour dire autre chose : la Belgique peut redevenir forte, juste et moderne.Et c\u2019est tout le sens du [&hellip;]<\/p>\n","protected":false},"author":1,"featured_media":0,"comment_status":"open","ping_status":"open","sticky":false,"template":"","format":"standard","meta":{"_monsterinsights_skip_tracking":false,"_uf_show_specific_survey":0,"_uf_disable_surveys":false,"footnotes":""},"categories":[42],"tags":[],"class_list":["post-2435","post","type-post","status-publish","format-standard","hentry","category-discours"],"_links":{"self":[{"href":"https:\/\/droitemoderniste.be\/index.php\/wp-json\/wp\/v2\/posts\/2435","targetHints":{"allow":["GET"]}}],"collection":[{"href":"https:\/\/droitemoderniste.be\/index.php\/wp-json\/wp\/v2\/posts"}],"about":[{"href":"https:\/\/droitemoderniste.be\/index.php\/wp-json\/wp\/v2\/types\/post"}],"author":[{"embeddable":true,"href":"https:\/\/droitemoderniste.be\/index.php\/wp-json\/wp\/v2\/users\/1"}],"replies":[{"embeddable":true,"href":"https:\/\/droitemoderniste.be\/index.php\/wp-json\/wp\/v2\/comments?post=2435"}],"version-history":[{"count":1,"href":"https:\/\/droitemoderniste.be\/index.php\/wp-json\/wp\/v2\/posts\/2435\/revisions"}],"predecessor-version":[{"id":2437,"href":"https:\/\/droitemoderniste.be\/index.php\/wp-json\/wp\/v2\/posts\/2435\/revisions\/2437"}],"wp:attachment":[{"href":"https:\/\/droitemoderniste.be\/index.php\/wp-json\/wp\/v2\/media?parent=2435"}],"wp:term":[{"taxonomy":"category","embeddable":true,"href":"https:\/\/droitemoderniste.be\/index.php\/wp-json\/wp\/v2\/categories?post=2435"},{"taxonomy":"post_tag","embeddable":true,"href":"https:\/\/droitemoderniste.be\/index.php\/wp-json\/wp\/v2\/tags?post=2435"}],"curies":[{"name":"wp","href":"https:\/\/api.w.org\/{rel}","templated":true}]}}