{"id":2430,"date":"2026-01-02T14:00:56","date_gmt":"2026-01-02T13:00:56","guid":{"rendered":"https:\/\/droitemoderniste.be\/?p=2430"},"modified":"2026-01-02T14:00:56","modified_gmt":"2026-01-02T13:00:56","slug":"de-quels-atouts-dispose-le-mdm-pour-seduire","status":"publish","type":"post","link":"https:\/\/droitemoderniste.be\/index.php\/2026\/01\/02\/de-quels-atouts-dispose-le-mdm-pour-seduire\/","title":{"rendered":"De quels atouts dispose le MDM pour s\u00e9duire?"},"content":{"rendered":"\n<figure class=\"wp-block-image size-full\"><img loading=\"lazy\" decoding=\"async\" width=\"299\" height=\"168\" src=\"https:\/\/droitemoderniste.be\/wp-content\/uploads\/2026\/01\/citoyens2.jpg\" alt=\"\" class=\"wp-image-2431\"\/><\/figure>\n\n\n\n<p class=\"wp-block-paragraph\">Oui \u2014 <strong>le MDM <\/strong><em><strong>peut<\/strong><\/em><strong> s\u00e9duire \u00e0 la fois les classes populaires et la classe moyenne<\/strong>, mais <strong>pas pour les m\u00eames raisons<\/strong>, et \u00e0 condition de positionner son discours de mani\u00e8re coh\u00e9rente avec son identit\u00e9 \u00ab droite moderniste \u00bb. <\/p>\n\n\n\n<p class=\"wp-block-paragraph\">Voici une analyse d\u00e9taill\u00e9e, r\u00e9aliste et non partisane.<\/p>\n\n\n\n<hr class=\"wp-block-separator has-alpha-channel-opacity\"\/>\n\n\n\n<h5 class=\"wp-block-heading\">1. Quels atouts du MDM pour s\u00e9duire les classes populaires ?<\/h5>\n\n\n\n<h6 class=\"wp-block-heading\"><strong>Un discours social assum\u00e9 (justicialisme, social-lib\u00e9ralisme)<\/strong><\/h6>\n\n\n\n<p class=\"wp-block-paragraph\">Les classes populaires r\u00e9agissent positivement \u00e0 :<\/p>\n\n\n\n<ul class=\"wp-block-list\">\n<li>la protection du pouvoir d\u2019achat,<\/li>\n\n\n\n<li>la d\u00e9fense des services publics essentiels,<\/li>\n\n\n\n<li>un \u00c9tat qui r\u00e9gule sans \u00eatre omnipr\u00e9sent (dirigisme mod\u00e9r\u00e9),<\/li>\n\n\n\n<li>l\u2019am\u00e9lioration de la justice sociale.<\/li>\n<\/ul>\n\n\n\n<p class=\"wp-block-paragraph\">Le <mark style=\"background-color:rgba(0, 0, 0, 0);color:#ff6900\" class=\"has-inline-color\">MDM<\/mark>, avec son <strong>justicialisme<\/strong>, peut appara\u00eetre comme une droite qui prot\u00e8ge sans pr\u00f4ner un lib\u00e9ralisme dur. C\u2019est un positionnement qui peut rassurer les travailleurs pr\u00e9caires, ouvriers, employ\u00e9s, familles monoparentales, etc.<\/p>\n\n\n\n<h6 class=\"wp-block-heading\"><strong>Une ligne \u201cd\u00e9simmigrationniste rationnelle\u201d<\/strong><\/h6>\n\n\n\n<p class=\"wp-block-paragraph\">Dans les classes populaires, les enjeux migratoires sont souvent v\u00e9cus concr\u00e8tement (logement, quartier, emploi).<br>Une approche <strong>ferme mais non extr\u00e9miste<\/strong>, rationnelle et non stigmatisante, peut capter un \u00e9lectorat populaire en recherche d\u2019ordre, de coh\u00e9sion et de s\u00e9curit\u00e9 <strong>sans glisser vers l\u2019extr\u00eame droite<\/strong>.<\/p>\n\n\n\n<h6 class=\"wp-block-heading\"><strong>Un environnementalisme pratico-pratique<\/strong><\/h6>\n\n\n\n<p class=\"wp-block-paragraph\">L\u2019\u00ab environnementalisme optimiste \u00bb est potentiellement attractif pour les personnes qui refusent les contraintes excessives :<\/p>\n\n\n\n<ul class=\"wp-block-list\">\n<li>pas d\u2019\u00e9cologie punitive,<\/li>\n\n\n\n<li>solutions concr\u00e8tes (r\u00e9novation abordable, mobilit\u00e9 accessible),<\/li>\n\n\n\n<li>d\u00e9fense des paysages et du cadre de vie.<\/li>\n<\/ul>\n\n\n\n<p class=\"wp-block-paragraph\">Cela parle autant au monde ouvrier qu\u2019aux habitants de zones rurales.<\/p>\n\n\n\n<hr class=\"wp-block-separator has-alpha-channel-opacity\"\/>\n\n\n\n<h5 class=\"wp-block-heading\">2. Quels atouts pour s\u00e9duire la classe moyenne ?<\/h5>\n\n\n\n<h6 class=\"wp-block-heading\"><strong>Un modernisme soci\u00e9tal<\/strong><\/h6>\n\n\n\n<p class=\"wp-block-paragraph\">La classe moyenne urbaine et p\u00e9riurbaine est sensible \u00e0 :<\/p>\n\n\n\n<ul class=\"wp-block-list\">\n<li>l\u2019innovation,<\/li>\n\n\n\n<li>l\u2019ouverture culturelle,<\/li>\n\n\n\n<li>l\u2019Europe,<\/li>\n\n\n\n<li>les droits individuels.<\/li>\n<\/ul>\n\n\n\n<p class=\"wp-block-paragraph\">Le <mark style=\"background-color:rgba(0, 0, 0, 0);color:#ff6900\" class=\"has-inline-color\">MDM<\/mark> coche ces cases, avec un modernisme soci\u00e9tal qui n\u2019est pas libertaire.<\/p>\n\n\n\n<h6 class=\"wp-block-heading\"><strong>Un patriotisme civique, non identitaire<\/strong><\/h6>\n\n\n\n<p class=\"wp-block-paragraph\">Les classes moyennes appr\u00e9cient un patriotisme :<\/p>\n\n\n\n<ul class=\"wp-block-list\">\n<li>positif,<\/li>\n\n\n\n<li>rassembleur,<\/li>\n\n\n\n<li>centr\u00e9 sur la citoyennet\u00e9,<\/li>\n\n\n\n<li>compatible avec l\u2019Europe.<\/li>\n<\/ul>\n\n\n\n<p class=\"wp-block-paragraph\">C\u2019est un vrai diff\u00e9renciateur par rapport aux droites radicales.<\/p>\n\n\n\n<p class=\"wp-block-paragraph\">&nbsp;<strong>Un programme \u00e9conomique stable, pro-entreprenariat<\/strong><\/p>\n\n\n\n<p class=\"wp-block-paragraph\">Le social-lib\u00e9ralisme et la stabilit\u00e9 \u00e9conomique attirent :<\/p>\n\n\n\n<ul class=\"wp-block-list\">\n<li>les ind\u00e9pendants,<\/li>\n\n\n\n<li>les PME,<\/li>\n\n\n\n<li>les travailleurs qualifi\u00e9s,<\/li>\n\n\n\n<li>les professions interm\u00e9diaires.<\/li>\n<\/ul>\n\n\n\n<p class=\"wp-block-paragraph\">S\u2019ils per\u00e7oivent le <mark style=\"background-color:rgba(0, 0, 0, 0);color:#ff6900\" class=\"has-inline-color\">MDM<\/mark> comme une droite <em>r\u00e9formatrice<\/em>, non id\u00e9ologique, disciplin\u00e9e sur les finances publiques mais soucieuse d\u2019\u00e9quit\u00e9, ils y trouveront une alternative aux partis traditionnels (MR, Les Engag\u00e9s, etc.).<\/p>\n\n\n\n<hr class=\"wp-block-separator has-alpha-channel-opacity\"\/>\n\n\n\n<h5 class=\"wp-block-heading\">3. Le d\u00e9fi : toucher les deux sans contradiction<\/h5>\n\n\n\n<p class=\"wp-block-paragraph\">Le risque de \u00ab double cible \u00bb est la <strong>coh\u00e9rence<\/strong>.<\/p>\n\n\n\n<p class=\"wp-block-paragraph\">Pour s\u00e9duire \u00e0 la fois classes populaires et moyennes, le <mark style=\"background-color:rgba(0, 0, 0, 0);color:#ff6900\" class=\"has-inline-color\">MDM<\/mark> doit \u00e9viter :<\/p>\n\n\n\n<h6 class=\"wp-block-heading\">Une image trop \u00e9litiste<\/h6>\n\n\n\n<p class=\"wp-block-paragraph\">Le modernisme peut \u00eatre per\u00e7u comme technocratique.<\/p>\n\n\n\n<h6 class=\"wp-block-heading\">Une image trop identitaire<\/h6>\n\n\n\n<p class=\"wp-block-paragraph\">Le souverainisme \u00e9clair\u00e9 doit \u00eatre pr\u00e9sent\u00e9 comme un outil d\u00e9mocratique, pas comme un repli.<\/p>\n\n\n\n<h6 class=\"wp-block-heading\">Un discours trop technique<\/h6>\n\n\n\n<p class=\"wp-block-paragraph\">Les classes populaires demandent des solutions simples et visibles :<\/p>\n\n\n\n<ul class=\"wp-block-list\">\n<li>salaire net +100 \u20ac ?<\/li>\n\n\n\n<li>baisse des factures ?<\/li>\n\n\n\n<li>s\u00e9curit\u00e9 renforc\u00e9e ?<\/li>\n\n\n\n<li>services publics de proximit\u00e9 ?<\/li>\n<\/ul>\n\n\n\n<p class=\"wp-block-paragraph\">Il faudra <strong>traduire le programme en mesures concr\u00e8tes<\/strong>, pas seulement en concepts.<\/p>\n\n\n\n<hr class=\"wp-block-separator has-alpha-channel-opacity\"\/>\n\n\n\n<h5 class=\"wp-block-heading\">Conclusion : est-ce r\u00e9aliste ?<\/h5>\n\n\n\n<h6 class=\"wp-block-heading\">Oui, <strong>le MDM peut s\u00e9duire les deux segments<\/strong>, \u00e0 condition de :<\/h6>\n\n\n\n<ul class=\"wp-block-list\">\n<li>garder un positionnement <strong>mod\u00e9r\u00e9 mais solide<\/strong>,<\/li>\n\n\n\n<li>relier justice sociale + modernisme + souverainisme \u00e0 la vie quotidienne,<\/li>\n\n\n\n<li>incarner une droite <em>qui prot\u00e8ge<\/em> autant qu\u2019elle modernise,<\/li>\n\n\n\n<li>maintenir une ligne <strong>anti-extr\u00eame mais non na\u00efve<\/strong>,<\/li>\n\n\n\n<li>communiquer diff\u00e9remment selon les publics <strong>sans contradictions<\/strong>.<\/li>\n<\/ul>\n\n\n\n<p class=\"wp-block-paragraph\"><strong>Le vrai potentiel du <mark style=\"background-color:rgba(0, 0, 0, 0);color:#ff6900\" class=\"has-inline-color\">MDM<\/mark> est d\u2019occuper un espace politique presque vide en Belgique :<br>une droite sociale, moderne, europ\u00e9enne, patriotique et pragmatique.<\/strong><\/p>\n\n\n\n<p class=\"wp-block-paragraph\"><\/p>\n","protected":false},"excerpt":{"rendered":"<p>Oui \u2014 le MDM peut s\u00e9duire \u00e0 la fois les classes populaires et la classe moyenne, mais pas pour les m\u00eames raisons, et \u00e0 condition de positionner son discours de mani\u00e8re coh\u00e9rente avec son identit\u00e9 \u00ab droite moderniste \u00bb. Voici une analyse d\u00e9taill\u00e9e, r\u00e9aliste et non partisane. 1. Quels atouts du MDM pour s\u00e9duire les [&hellip;]<\/p>\n","protected":false},"author":1,"featured_media":0,"comment_status":"open","ping_status":"open","sticky":false,"template":"","format":"standard","meta":{"_monsterinsights_skip_tracking":false,"_uf_show_specific_survey":0,"_uf_disable_surveys":false,"footnotes":""},"categories":[36,48,34],"tags":[],"class_list":["post-2430","post","type-post","status-publish","format-standard","hentry","category-equite-sociale","category-modernisme-social","category-mouvement-droite-moderniste"],"_links":{"self":[{"href":"https:\/\/droitemoderniste.be\/index.php\/wp-json\/wp\/v2\/posts\/2430","targetHints":{"allow":["GET"]}}],"collection":[{"href":"https:\/\/droitemoderniste.be\/index.php\/wp-json\/wp\/v2\/posts"}],"about":[{"href":"https:\/\/droitemoderniste.be\/index.php\/wp-json\/wp\/v2\/types\/post"}],"author":[{"embeddable":true,"href":"https:\/\/droitemoderniste.be\/index.php\/wp-json\/wp\/v2\/users\/1"}],"replies":[{"embeddable":true,"href":"https:\/\/droitemoderniste.be\/index.php\/wp-json\/wp\/v2\/comments?post=2430"}],"version-history":[{"count":1,"href":"https:\/\/droitemoderniste.be\/index.php\/wp-json\/wp\/v2\/posts\/2430\/revisions"}],"predecessor-version":[{"id":2432,"href":"https:\/\/droitemoderniste.be\/index.php\/wp-json\/wp\/v2\/posts\/2430\/revisions\/2432"}],"wp:attachment":[{"href":"https:\/\/droitemoderniste.be\/index.php\/wp-json\/wp\/v2\/media?parent=2430"}],"wp:term":[{"taxonomy":"category","embeddable":true,"href":"https:\/\/droitemoderniste.be\/index.php\/wp-json\/wp\/v2\/categories?post=2430"},{"taxonomy":"post_tag","embeddable":true,"href":"https:\/\/droitemoderniste.be\/index.php\/wp-json\/wp\/v2\/tags?post=2430"}],"curies":[{"name":"wp","href":"https:\/\/api.w.org\/{rel}","templated":true}]}}