{"id":2427,"date":"2026-01-02T11:17:39","date_gmt":"2026-01-02T10:17:39","guid":{"rendered":"https:\/\/droitemoderniste.be\/?p=2427"},"modified":"2026-01-02T11:17:39","modified_gmt":"2026-01-02T10:17:39","slug":"un-pays-qui-respecte-enfin-ceux-qui-le-font-vivre","status":"publish","type":"post","link":"https:\/\/droitemoderniste.be\/index.php\/2026\/01\/02\/un-pays-qui-respecte-enfin-ceux-qui-le-font-vivre\/","title":{"rendered":"Un pays qui respecte enfin ceux qui le font vivre"},"content":{"rendered":"\n<figure class=\"wp-block-image size-full\"><img loading=\"lazy\" decoding=\"async\" width=\"300\" height=\"168\" src=\"https:\/\/droitemoderniste.be\/wp-content\/uploads\/2026\/01\/peuple-belge0.jpg\" alt=\"\" class=\"wp-image-2428\"\/><\/figure>\n\n\n\n<p class=\"wp-block-paragraph\">Mes amis,<br>Belges qui travaillent, qui entreprennent, qui esp\u00e8rent,<\/p>\n\n\n\n<p class=\"wp-block-paragraph\">Il faut avoir le courage de le dire :<br><strong>le syst\u00e8me fiscal belge ne prot\u00e8ge plus le peuple. Il le combat.<\/strong><\/p>\n\n\n\n<p class=\"wp-block-paragraph\">Il combat le travail.<br>Il combat l\u2019effort.<br>Il combat l\u2019avenir.<\/p>\n\n\n\n<p class=\"wp-block-paragraph\">Pendant que certains profitent des failles,<br>ceux qui jouent le jeu sont \u00e9cras\u00e9s.<\/p>\n\n\n\n<p class=\"wp-block-paragraph\">\ud83d\udc49 <strong>Ce syst\u00e8me est injuste.<\/strong><strong>\ud83d\udc49 Ce syst\u00e8me est \u00e0 bout de souffle.<\/strong><strong>\ud83d\udc49 Et nous allons rompre avec lui.<\/strong><\/p>\n\n\n\n<hr class=\"wp-block-separator has-alpha-channel-opacity\"\/>\n\n\n\n<h5 class=\"wp-block-heading\">I.\u00a0AUX IND\u00c9PENDANTS ET ENTREPRENEURS<\/h5>\n\n\n\n<h6 class=\"wp-block-heading\"><em>Ceux qui prennent des risques ne doivent plus \u00eatre punis<\/em><\/h6>\n\n\n\n<p class=\"wp-block-paragraph\">Ind\u00e9pendants, artisans, entrepreneurs,<\/p>\n\n\n\n<p class=\"wp-block-paragraph\">Vous \u00eates le moteur r\u00e9el de ce pays.<br>Sans vous, rien ne d\u00e9marre.<\/p>\n\n\n\n<p class=\"wp-block-paragraph\">Et pourtant, que vous impose-t-on ?<\/p>\n\n\n\n<ul class=\"wp-block-list\">\n<li>Des charges avant m\u00eame le premier b\u00e9n\u00e9fice<\/li>\n\n\n\n<li>Une fiscalit\u00e9 instable, anxiog\u00e8ne<\/li>\n\n\n\n<li>Un \u00c9tat qui vous traite comme un fraudeur potentiel<\/li>\n<\/ul>\n\n\n\n<p class=\"wp-block-paragraph\"><strong>C\u2019est inacceptable.<\/strong><\/p>\n\n\n\n<p class=\"wp-block-paragraph\">Le <mark style=\"background-color:rgba(0, 0, 0, 0);color:#ff6900\" class=\"has-inline-color\">MDM <\/mark>fait un choix clair :<br>\ud83d\udc49 prot\u00e9ger ceux qui cr\u00e9ent de la valeur ici<br>\ud83d\udc49 soutenir les PME, pas les montages fiscaux<\/p>\n\n\n\n<p class=\"wp-block-paragraph\">Nous mettrons fin \u00e0 :<\/p>\n\n\n\n<ul class=\"wp-block-list\">\n<li>l\u2019asphyxie fiscale<\/li>\n\n\n\n<li>l\u2019ins\u00e9curit\u00e9 permanente<\/li>\n\n\n\n<li>la complexit\u00e9 volontaire<\/li>\n<\/ul>\n\n\n\n<p class=\"wp-block-paragraph\"><strong>Entreprendre doit redevenir une fiert\u00e9 nationale.<\/strong><br><br><\/p>\n\n\n\n<hr class=\"wp-block-separator has-alpha-channel-opacity\"\/>\n\n\n\n<h5 class=\"wp-block-heading\">II.\u00a0\u00a0\u00a0\u00c0 LA JEUNESSE DE BELGIQUE<\/h5>\n\n\n\n<h6 class=\"wp-block-heading\"><em>Nous refusons de vous voler votre avenir<\/em><\/h6>\n\n\n\n<p class=\"wp-block-paragraph\">Les jeunes de ce pays,<\/p>\n\n\n\n<p class=\"wp-block-paragraph\">On vous a promis que l\u2019effort paierait.<br>On vous a promis que le travail lib\u00e9rerait.<\/p>\n\n\n\n<p class=\"wp-block-paragraph\">Mais la r\u00e9alit\u00e9, vous la connaissez :<\/p>\n\n\n\n<ul class=\"wp-block-list\">\n<li>un premier salaire d\u00e9j\u00e0 surtax\u00e9<\/li>\n\n\n\n<li>des perspectives bloqu\u00e9es<\/li>\n\n\n\n<li>un avenir fiscalement hypoth\u00e9qu\u00e9<\/li>\n<\/ul>\n\n\n\n<p class=\"wp-block-paragraph\">\ud83d\udc49 <strong>Ce syst\u00e8me est verrouill\u00e9 contre vous.<\/strong><\/p>\n\n\n\n<p class=\"wp-block-paragraph\">Le <mark style=\"background-color:rgba(0, 0, 0, 0);color:#ff6900\" class=\"has-inline-color\">MDM<\/mark> portera une rupture g\u00e9n\u00e9rationnelle :<\/p>\n\n\n\n<ul class=\"wp-block-list\">\n<li>z\u00e9ro imp\u00f4t sur les premiers revenus<\/li>\n\n\n\n<li>un vrai gain net quand on progresse<\/li>\n\n\n\n<li>une fiscalit\u00e9 qui encourage \u00e0 rester, pas \u00e0 fuir<\/li>\n<\/ul>\n\n\n\n<p class=\"wp-block-paragraph\">Cr\u00e9er une entreprise, changer de voie, innover<br>ne doit plus \u00eatre un acte h\u00e9ro\u00efque.<\/p>\n\n\n\n<p class=\"wp-block-paragraph\"><strong>Votre \u00e9nergie est une chance pour la Belgique,<\/strong><strong>pas une ressource \u00e0 taxer.<\/strong><br><br><\/p>\n\n\n\n<hr class=\"wp-block-separator has-alpha-channel-opacity\"\/>\n\n\n\n<h5 class=\"wp-block-heading\">III.\u00a0\u00a0AUX CLASSES MOYENNES<\/h5>\n\n\n\n<h6 class=\"wp-block-heading\"><em>Assez d\u2019\u00eatre les dindons de la farce<\/em><\/h6>\n\n\n\n<p class=\"wp-block-paragraph\">Classes moyennes,<\/p>\n\n\n\n<p class=\"wp-block-paragraph\">Vous \u00eates le socle du pays.<br>Et pourtant, vous \u00eates devenues sa variable d\u2019ajustement.<\/p>\n\n\n\n<p class=\"wp-block-paragraph\">Vous travaillez.<br>Vous payez.<br>Vous respectez les r\u00e8gles.<\/p>\n\n\n\n<p class=\"wp-block-paragraph\">\ud83d\udc49 Et vous \u00eates toujours les premiers \u00e0 payer,<br>et les derniers \u00e0 recevoir.<\/p>\n\n\n\n<p class=\"wp-block-paragraph\"><strong>Cette injustice va prendre fin.<\/strong><\/p>\n\n\n\n<p class=\"wp-block-paragraph\">Le <mark style=\"background-color:rgba(0, 0, 0, 0);color:#ff6900\" class=\"has-inline-color\">MDM<\/mark> mettra fin \u00e0 l\u2019hypocrisie fiscale :<\/p>\n\n\n\n<ul class=\"wp-block-list\">\n<li>une fiscalit\u00e9 claire pour les revenus moyens<\/li>\n\n\n\n<li>un vrai soutien aux familles<\/li>\n\n\n\n<li>un bonus au travail qui augmente le salaire net<\/li>\n<\/ul>\n\n\n\n<p class=\"wp-block-paragraph\">\ud83d\udc49 <strong>Vous ne serez plus invisibles.<\/strong><strong>\ud83d\udc49 Vous ne serez plus la tirelire du syst\u00e8me.<\/strong><\/p>\n\n\n\n<hr class=\"wp-block-separator has-alpha-channel-opacity\"\/>\n\n\n\n<h5 class=\"wp-block-heading\">IV.\u00a0\u00a0\u00a0LA RUPTURE FISCALE : UNE R\u00c8GLE POUR TOUS<\/h5>\n\n\n\n<p class=\"wp-block-paragraph\">Il n\u2019y aura plus deux Belgiques.<\/p>\n\n\n\n<p class=\"wp-block-paragraph\">Assez des niches injustifiables.<br>Assez des privil\u00e8ges opaques.<br>Assez de l\u2019\u00e9vasion tol\u00e9r\u00e9e.<\/p>\n\n\n\n<p class=\"wp-block-paragraph\">\ud83d\udc49 Qui doit payer, paiera.<br>\ud83d\udc49 Qui paie, sera respect\u00e9.<\/p>\n\n\n\n<p class=\"wp-block-paragraph\">Les multinationales paieront l\u00e0 o\u00f9 elles gagnent leur argent.<br>L\u2019\u00e9conomie r\u00e9elle primera sur la sp\u00e9culation.<\/p>\n\n\n\n<p class=\"wp-block-paragraph\"><strong>La justice fiscale n\u2019est pas une option.<\/strong><strong>C\u2019est un devoir.<\/strong><\/p>\n\n\n\n<hr class=\"wp-block-separator has-alpha-channel-opacity\"\/>\n\n\n\n<h5 class=\"wp-block-heading\">V.\u00a0 \u00c9COLOGIE : OUI. PUNITION SOCIALE : NON.<\/h5>\n\n\n\n<p class=\"wp-block-paragraph\">Nous prot\u00e9gerons l\u2019environnement.<br>Mais nous refuserons de sacrifier le peuple.<\/p>\n\n\n\n<p class=\"wp-block-paragraph\">Le <mark style=\"background-color:rgba(0, 0, 0, 0);color:#ff6900\" class=\"has-inline-color\">MDM<\/mark> choisit :<\/p>\n\n\n\n<ul class=\"wp-block-list\">\n<li>de taxer les grandes pollutions<\/li>\n\n\n\n<li>de redistribuer aux citoyens<\/li>\n\n\n\n<li>de relocaliser une industrie propre et souveraine<\/li>\n<\/ul>\n\n\n\n<p class=\"wp-block-paragraph\"><strong>L\u2019\u00e9cologie contre le peuple est une impasse.<\/strong><strong>L\u2019environnementalisme avec le peuple est une solution.<\/strong><\/p>\n\n\n\n<hr class=\"wp-block-separator has-alpha-channel-opacity\"\/>\n\n\n\n<h5 class=\"wp-block-heading\">LE CHOIX HISTORIQUE<\/h5>\n\n\n\n<p class=\"wp-block-paragraph\">Mes amis,<\/p>\n\n\n\n<p class=\"wp-block-paragraph\">Le choix est clair.<\/p>\n\n\n\n<p class=\"wp-block-paragraph\">\ud83d\udc49 Soit on continue \u00e0 \u00e9craser ceux qui travaillent.<br>\ud83d\udc49 Soit on ose la rupture.<\/p>\n\n\n\n<p class=\"wp-block-paragraph\">Le <mark style=\"background-color:rgba(0, 0, 0, 0);color:#ff6900\" class=\"has-inline-color\">Mouvement Droite Moderniste<\/mark> choisit la rupture.<\/p>\n\n\n\n<p class=\"wp-block-paragraph\">Pour les ind\u00e9pendants.<br>Pour les jeunes.<br>Pour les classes moyennes.<br>Pour la Belgique qui joue le jeu.<\/p>\n\n\n\n<p class=\"wp-block-paragraph\"><strong>Nous ne voulons pas plus d\u2019imp\u00f4ts.<\/strong><strong>Nous voulons plus de justice.<\/strong><\/p>\n\n\n\n<p class=\"wp-block-paragraph\"><strong>Racines fortes. Regard neuf.<\/strong><br><strong>Belgique debout.<\/strong><\/p>\n","protected":false},"excerpt":{"rendered":"<p>Mes amis,Belges qui travaillent, qui entreprennent, qui esp\u00e8rent, Il faut avoir le courage de le dire :le syst\u00e8me fiscal belge ne prot\u00e8ge plus le peuple. Il le combat. Il combat le travail.Il combat l\u2019effort.Il combat l\u2019avenir. Pendant que certains profitent des failles,ceux qui jouent le jeu sont \u00e9cras\u00e9s. \ud83d\udc49 Ce syst\u00e8me est injuste.\ud83d\udc49 Ce syst\u00e8me [&hellip;]<\/p>\n","protected":false},"author":1,"featured_media":0,"comment_status":"open","ping_status":"open","sticky":false,"template":"","format":"standard","meta":{"_monsterinsights_skip_tracking":false,"_uf_show_specific_survey":0,"_uf_disable_surveys":false,"footnotes":""},"categories":[42],"tags":[],"class_list":["post-2427","post","type-post","status-publish","format-standard","hentry","category-discours"],"_links":{"self":[{"href":"https:\/\/droitemoderniste.be\/index.php\/wp-json\/wp\/v2\/posts\/2427","targetHints":{"allow":["GET"]}}],"collection":[{"href":"https:\/\/droitemoderniste.be\/index.php\/wp-json\/wp\/v2\/posts"}],"about":[{"href":"https:\/\/droitemoderniste.be\/index.php\/wp-json\/wp\/v2\/types\/post"}],"author":[{"embeddable":true,"href":"https:\/\/droitemoderniste.be\/index.php\/wp-json\/wp\/v2\/users\/1"}],"replies":[{"embeddable":true,"href":"https:\/\/droitemoderniste.be\/index.php\/wp-json\/wp\/v2\/comments?post=2427"}],"version-history":[{"count":1,"href":"https:\/\/droitemoderniste.be\/index.php\/wp-json\/wp\/v2\/posts\/2427\/revisions"}],"predecessor-version":[{"id":2429,"href":"https:\/\/droitemoderniste.be\/index.php\/wp-json\/wp\/v2\/posts\/2427\/revisions\/2429"}],"wp:attachment":[{"href":"https:\/\/droitemoderniste.be\/index.php\/wp-json\/wp\/v2\/media?parent=2427"}],"wp:term":[{"taxonomy":"category","embeddable":true,"href":"https:\/\/droitemoderniste.be\/index.php\/wp-json\/wp\/v2\/categories?post=2427"},{"taxonomy":"post_tag","embeddable":true,"href":"https:\/\/droitemoderniste.be\/index.php\/wp-json\/wp\/v2\/tags?post=2427"}],"curies":[{"name":"wp","href":"https:\/\/api.w.org\/{rel}","templated":true}]}}