{"id":2424,"date":"2026-01-01T12:02:51","date_gmt":"2026-01-01T11:02:51","guid":{"rendered":"https:\/\/droitemoderniste.be\/?p=2424"},"modified":"2026-01-01T12:02:51","modified_gmt":"2026-01-01T11:02:51","slug":"ceux-qui-paient-tout-ne-doivent-plus-tout-payer-seuls","status":"publish","type":"post","link":"https:\/\/droitemoderniste.be\/index.php\/2026\/01\/01\/ceux-qui-paient-tout-ne-doivent-plus-tout-payer-seuls\/","title":{"rendered":"\u00ab\u00a0Ceux qui paient tout ne doivent plus tout payer seuls\u00a0\u00bb"},"content":{"rendered":"\n<figure class=\"wp-block-image size-full\"><img loading=\"lazy\" decoding=\"async\" width=\"299\" height=\"168\" src=\"https:\/\/droitemoderniste.be\/wp-content\/uploads\/2026\/01\/classes-populaires.jpg\" alt=\"\" class=\"wp-image-2425\"\/><\/figure>\n\n\n\n<p class=\"wp-block-paragraph\">Classes moyennes de Belgique,<\/p>\n\n\n\n<p class=\"wp-block-paragraph\">Vous \u00eates le pilier du pays.<br>Et vous \u00eates devenus sa variable d\u2019ajustement.<\/p>\n\n\n\n<p class=\"wp-block-paragraph\">Vous travaillez.<br>Vous payez.<br>Vous respectez les r\u00e8gles.<\/p>\n\n\n\n<p class=\"wp-block-paragraph\">Et pourtant :<\/p>\n\n\n\n<ul class=\"wp-block-list\">\n<li>vous n\u2019\u00eates jamais assez pauvres pour \u00eatre aid\u00e9s<\/li>\n\n\n\n<li>jamais assez riches pour vous prot\u00e9ger<\/li>\n\n\n\n<li>toujours assez nombreux pour \u00eatre tax\u00e9s<\/li>\n<\/ul>\n\n\n\n<p class=\"wp-block-paragraph\"><strong>C\u2019est vous qu\u2019on presse.<\/strong><\/p>\n\n\n\n<hr class=\"wp-block-separator has-alpha-channel-opacity\"\/>\n\n\n\n<h5 class=\"wp-block-heading\">LA RUPTURE DU <mark style=\"background-color:rgba(0, 0, 0, 0);color:#ff6900\" class=\"has-inline-color\">MDM<\/mark><\/h5>\n\n\n\n<p class=\"wp-block-paragraph\">Le <mark style=\"background-color:rgba(0, 0, 0, 0);color:#ff6900\" class=\"has-inline-color\">MDM<\/mark> mettra fin \u00e0 cette hypocrisie :<\/p>\n\n\n\n<ul class=\"wp-block-list\">\n<li>trop riches pour recevoir<\/li>\n\n\n\n<li>trop pauvres pour s\u2019en sortir<\/li>\n<\/ul>\n\n\n\n<p class=\"wp-block-paragraph\">Nous instaurerons :<\/p>\n\n\n\n<ul class=\"wp-block-list\">\n<li>une fiscalit\u00e9 claire pour les revenus moyens<\/li>\n\n\n\n<li>un vrai soutien aux familles<\/li>\n\n\n\n<li>un bonus au travail qui augmente le salaire net<\/li>\n<\/ul>\n\n\n\n<p class=\"wp-block-paragraph\"><strong>Vous ne serez plus les oubli\u00e9s du syst\u00e8me.<\/strong><\/p>\n\n\n\n<hr class=\"wp-block-separator has-alpha-channel-opacity\"\/>\n\n\n\n<h5 class=\"wp-block-heading\">JUSTICE FISCALE, POUR DE VRAI<\/h5>\n\n\n\n<p class=\"wp-block-paragraph\">Assez de voir toujours les m\u00eames payer.<br>Assez de voir d\u2019autres s\u2019en sortir par les failles.<\/p>\n\n\n\n<p class=\"wp-block-paragraph\">\ud83d\udc49 Une r\u00e8gle pour tous.<br>\ud83d\udc49 Fin des niches injustes.<br>\ud83d\udc49 Fin des privil\u00e8ges cach\u00e9s.<\/p>\n\n\n\n<p class=\"wp-block-paragraph\"><strong>La solidarit\u00e9 commence par l\u2019\u00e9quit\u00e9.<\/strong><\/p>\n\n\n\n<hr class=\"wp-block-separator has-alpha-channel-opacity\"\/>\n\n\n\n<h5 class=\"wp-block-heading\">MESSAGE<\/h5>\n\n\n\n<p class=\"wp-block-paragraph\">Sans classes moyennes fortes,<br>il n\u2019y a pas de coh\u00e9sion.<br>Il n\u2019y a pas de stabilit\u00e9.<br>Il n\u2019y a pas de pays.<\/p>\n\n\n\n<p class=\"wp-block-paragraph\">\ud83d\udc49 Le <mark style=\"background-color:rgba(0, 0, 0, 0);color:#ff6900\" class=\"has-inline-color\">MDM<\/mark> vous remet au centre.<br>\ud83d\udc49 Le <mark style=\"background-color:rgba(0, 0, 0, 0);color:#ff6900\" class=\"has-inline-color\">MDM<\/mark> vous prot\u00e8ge.<\/p>\n\n\n\n<p class=\"wp-block-paragraph\"><strong>La r\u00e9volution fiscale, c\u2019est vous.<\/strong><\/p>\n\n\n\n<p class=\"wp-block-paragraph\"><\/p>\n","protected":false},"excerpt":{"rendered":"<p>Classes moyennes de Belgique, Vous \u00eates le pilier du pays.Et vous \u00eates devenus sa variable d\u2019ajustement. Vous travaillez.Vous payez.Vous respectez les r\u00e8gles. Et pourtant : C\u2019est vous qu\u2019on presse. LA RUPTURE DU MDM Le MDM mettra fin \u00e0 cette hypocrisie : Nous instaurerons : Vous ne serez plus les oubli\u00e9s du syst\u00e8me. JUSTICE FISCALE, POUR [&hellip;]<\/p>\n","protected":false},"author":1,"featured_media":0,"comment_status":"open","ping_status":"open","sticky":false,"template":"","format":"standard","meta":{"_monsterinsights_skip_tracking":false,"_uf_show_specific_survey":0,"_uf_disable_surveys":false,"footnotes":""},"categories":[42],"tags":[],"class_list":["post-2424","post","type-post","status-publish","format-standard","hentry","category-discours"],"_links":{"self":[{"href":"https:\/\/droitemoderniste.be\/index.php\/wp-json\/wp\/v2\/posts\/2424","targetHints":{"allow":["GET"]}}],"collection":[{"href":"https:\/\/droitemoderniste.be\/index.php\/wp-json\/wp\/v2\/posts"}],"about":[{"href":"https:\/\/droitemoderniste.be\/index.php\/wp-json\/wp\/v2\/types\/post"}],"author":[{"embeddable":true,"href":"https:\/\/droitemoderniste.be\/index.php\/wp-json\/wp\/v2\/users\/1"}],"replies":[{"embeddable":true,"href":"https:\/\/droitemoderniste.be\/index.php\/wp-json\/wp\/v2\/comments?post=2424"}],"version-history":[{"count":1,"href":"https:\/\/droitemoderniste.be\/index.php\/wp-json\/wp\/v2\/posts\/2424\/revisions"}],"predecessor-version":[{"id":2426,"href":"https:\/\/droitemoderniste.be\/index.php\/wp-json\/wp\/v2\/posts\/2424\/revisions\/2426"}],"wp:attachment":[{"href":"https:\/\/droitemoderniste.be\/index.php\/wp-json\/wp\/v2\/media?parent=2424"}],"wp:term":[{"taxonomy":"category","embeddable":true,"href":"https:\/\/droitemoderniste.be\/index.php\/wp-json\/wp\/v2\/categories?post=2424"},{"taxonomy":"post_tag","embeddable":true,"href":"https:\/\/droitemoderniste.be\/index.php\/wp-json\/wp\/v2\/tags?post=2424"}],"curies":[{"name":"wp","href":"https:\/\/api.w.org\/{rel}","templated":true}]}}