{"id":2421,"date":"2025-12-31T14:34:42","date_gmt":"2025-12-31T13:34:42","guid":{"rendered":"https:\/\/droitemoderniste.be\/?p=2421"},"modified":"2025-12-31T14:34:42","modified_gmt":"2025-12-31T13:34:42","slug":"ce-que-le-mdm-offre-aux-classes-populaires-et-aux-classes-moyennes","status":"publish","type":"post","link":"https:\/\/droitemoderniste.be\/index.php\/2025\/12\/31\/ce-que-le-mdm-offre-aux-classes-populaires-et-aux-classes-moyennes\/","title":{"rendered":"Ce que le MDM offre aux classes populaires et aux classes moyennes"},"content":{"rendered":"\n<figure class=\"wp-block-image size-full\"><img loading=\"lazy\" decoding=\"async\" width=\"344\" height=\"147\" src=\"https:\/\/droitemoderniste.be\/wp-content\/uploads\/2025\/12\/classes-populaires-et-moyennes.jpg\" alt=\"\" class=\"wp-image-2422\" srcset=\"https:\/\/droitemoderniste.be\/wp-content\/uploads\/2025\/12\/classes-populaires-et-moyennes.jpg 344w, https:\/\/droitemoderniste.be\/wp-content\/uploads\/2025\/12\/classes-populaires-et-moyennes-300x128.jpg 300w\" sizes=\"auto, (max-width: 344px) 100vw, 344px\" \/><\/figure>\n\n\n\n<p class=\"wp-block-paragraph\">Le programme social du <mark style=\"background-color:rgba(0, 0, 0, 0);color:#ff6900\" class=\"has-inline-color\">MDM<\/mark> est calibr\u00e9 pour parler \u00e0 la fois aux classes populaires (s\u00e9curit\u00e9 sociale forte, dispositifs d\u2019accompagnement, services publics) et aux classes moyennes (justice contributive, lutte contre l\u2019assistanat, all\u00e8gement fiscal cibl\u00e9). <\/p>\n\n\n\n<p class=\"wp-block-paragraph\">En pratique, sa capacit\u00e9 \u00e0 r\u00e9ellement \u201cs\u00e9duire\u201d les deux blocs d\u00e9pendra surtout du cadrage politique (droite vs populisme vs gauche) et de la cr\u00e9dibilit\u00e9 per\u00e7ue, plus que du contenu technique du programme.<\/p>\n\n\n\n<p class=\"wp-block-paragraph\">\u200b<\/p>\n\n\n\n<p class=\"wp-block-paragraph\"><strong>Ce que le <mark style=\"background-color:rgba(0, 0, 0, 0);color:#ff6900\" class=\"has-inline-color\">MDM<\/mark> offre aux classes populaires<\/strong><\/p>\n\n\n\n<ul class=\"wp-block-list\">\n<li>Le <mark style=\"background-color:rgba(0, 0, 0, 0);color:#ff6900\" class=\"has-inline-color\">MDM<\/mark> met clairement en avant des mesures orient\u00e9es \u201cquartiers populaires\u201d : revenu d\u2019insertion avec parcours actif, plan pour les enfants invisibles, r\u00e9novation des quartiers, sant\u00e9 communautaire, mobilit\u00e9 bon march\u00e9, etc., avec un discours d\u2019ascension sociale et de dignit\u00e9 plut\u00f4t que d\u2019assistanat.<\/li>\n\n\n\n<li>Il promet aussi de relever les allocations sociales au-dessus du seuil de pauvret\u00e9, de garantir leur financement durable et de simplifier l\u2019acc\u00e8s aux droits, ce qui va directement dans le sens des int\u00e9r\u00eats des b\u00e9n\u00e9ficiaires de la s\u00e9curit\u00e9 sociale et des travailleurs pr\u00e9caires.<\/li>\n\n\n\n<li>L\u2019insistance sur la proximit\u00e9 (maisons de services publics, police de quartier, centres de sant\u00e9 populaires) correspond aux attentes d\u2019un \u00e9lectorat populaire souvent en d\u00e9fiance vis-\u00e0-vis des grandes structures anonymes.<\/li>\n<\/ul>\n\n\n\n<p class=\"wp-block-paragraph\"><strong>Ce que le <mark style=\"background-color:rgba(0, 0, 0, 0);color:#ff6900\" class=\"has-inline-color\">MDM<\/mark> offre aux classes moyennes<\/strong><\/p>\n\n\n\n<ul class=\"wp-block-list\">\n<li>Le <mark style=\"background-color:rgba(0, 0, 0, 0);color:#ff6900\" class=\"has-inline-color\">MDM<\/mark> articule son social autour de la \u201cjustice contributive\u201d : prot\u00e9ger la s\u00e9curit\u00e9 sociale, mais conditionner les droits \u00e0 la participation, lutter contre la fraude et limiter l\u2019assistanat, ce qui r\u00e9pond \u00e0 un sentiment de \u201cpayer pour les autres\u201d fr\u00e9quent dans les classes moyennes.<\/li>\n\n\n\n<li>Il d\u00e9fend un march\u00e9 ouvert, l\u2019initiative priv\u00e9e, la simplification et l\u2019all\u00e8gement de la fiscalit\u00e9 pour les entrepreneurs, ind\u00e9pendants, PME et transmissions patrimoniales, en se positionnant clairement contre les rentes et le capitalisme de connivence.<\/li>\n\n\n\n<li>Le discours combine donc protection sociale s\u00e9curis\u00e9e et promesse de ne pas \u201cmatraquer\u201d davantage ceux qui travaillent et entreprennent, ce qui est typiquement l\u2019ADN d\u2019une droite de classes moyennes sup\u00e9rieure, mais ici habill\u00e9e d\u2019un vocabulaire populaire.<\/li>\n<\/ul>\n\n\n\n<p class=\"wp-block-paragraph\"><strong>Tension strat\u00e9gique: double \u00e9lectorat ou synth\u00e8se?<\/strong><\/p>\n\n\n\n<ul class=\"wp-block-list\">\n<li>Le pari du <mark style=\"background-color:rgba(0, 0, 0, 0);color:#ff6900\" class=\"has-inline-color\">MDM<\/mark> est d\u2019incarner une \u201cdroite social-lib\u00e9rale populaire\u201d, en se revendiquant \u00e0 la fois anti-particrate, socialement protectrice, \u00e9conomiquement r\u00e9aliste et patriote civique, ce qui doit th\u00e9oriquement agr\u00e9ger ouvriers d\u00e9sabus\u00e9s et classes moyennes inqui\u00e8tes.<\/li>\n\n\n\n<li>Ce positionnement vient empi\u00e9ter sur deux bassins distincts : d\u2019un c\u00f4t\u00e9 l\u2019\u00e9lectorat populaire sensible aux th\u00e8mes de s\u00e9curit\u00e9, de services publics forts et d\u2019ascension sociale, de l\u2019autre un \u00e9lectorat de classes moyennes qui veut de la discipline budg\u00e9taire, de l\u2019ordre et moins de transferts per\u00e7us comme injustes.<\/li>\n\n\n\n<li>Le risque classique est la dissonance : les classes populaires peuvent percevoir la conditionnalit\u00e9 et la \u201cresponsabilisation\u201d comme de la duret\u00e9, tandis que les classes moyennes peuvent juger l\u2019agenda social trop co\u00fbteux ou trop proche d\u2019une social-d\u00e9mocratie r\u00e9nov\u00e9e.<\/li>\n<\/ul>\n\n\n\n<p class=\"wp-block-paragraph\"><strong>Facteurs qui d\u00e9cideront du succ\u00e8s<\/strong><\/p>\n\n\n\n<ul class=\"wp-block-list\">\n<li>La capacit\u00e9 du <mark style=\"background-color:rgba(0, 0, 0, 0);color:#ff6900\" class=\"has-inline-color\">MDM<\/mark> \u00e0 concurrencer le registre \u00e9motionnel des partis populistes (col\u00e8re, ins\u00e9curit\u00e9 culturelle) sera d\u00e9terminante pour capter les classes populaires, surtout dans les anciens bastions ouvriers.<\/li>\n\n\n\n<li>Pour les classes moyennes, la cr\u00e9dibilit\u00e9 sur la gestion (s\u00e9rieux budg\u00e9taire, ma\u00eetrise de la dette, lutte contre les rentes et la bureaucratie) sera plus d\u00e9cisive que le niveau de g\u00e9n\u00e9rosit\u00e9 sociale affich\u00e9.<\/li>\n\n\n\n<li>Enfin, le clivage immigration\/s\u00e9curit\u00e9 et le rapport \u00e0 l\u2019UE peuvent r\u00e9orienter la sociologie de l\u2019\u00e9lectorat : un discours trop technocratique ou trop mod\u00e9r\u00e9 sur ces sujets limiterait son attrait aupr\u00e8s d\u2019une partie des classes populaires au profit d\u2019offres plus radicales.<\/li>\n<\/ul>\n\n\n\n<p class=\"wp-block-paragraph\">En r\u00e9sum\u00e9, le <mark style=\"background-color:rgba(0, 0, 0, 0);color:#ff6900\" class=\"has-inline-color\">MDM<\/mark> dispose d\u2019un cadre programmatique pour parler aux deux groupes, mais transformer cette \u201csynth\u00e8se\u201d en coalition \u00e9lectorale stable exigera un ciblage narratif diff\u00e9renci\u00e9 et une extr\u00eame coh\u00e9rence entre promesse sociale et rigueur \u00e9conomique.<\/p>\n","protected":false},"excerpt":{"rendered":"<p>Le programme social du MDM est calibr\u00e9 pour parler \u00e0 la fois aux classes populaires (s\u00e9curit\u00e9 sociale forte, dispositifs d\u2019accompagnement, services publics) et aux classes moyennes (justice contributive, lutte contre l\u2019assistanat, all\u00e8gement fiscal cibl\u00e9). En pratique, sa capacit\u00e9 \u00e0 r\u00e9ellement \u201cs\u00e9duire\u201d les deux blocs d\u00e9pendra surtout du cadrage politique (droite vs populisme vs gauche) et [&hellip;]<\/p>\n","protected":false},"author":1,"featured_media":0,"comment_status":"open","ping_status":"open","sticky":false,"template":"","format":"standard","meta":{"_monsterinsights_skip_tracking":false,"_uf_show_specific_survey":0,"_uf_disable_surveys":false,"footnotes":""},"categories":[36,48,51],"tags":[],"class_list":["post-2421","post","type-post","status-publish","format-standard","hentry","category-equite-sociale","category-modernisme-social","category-social-liberalisme-moderniste"],"_links":{"self":[{"href":"https:\/\/droitemoderniste.be\/index.php\/wp-json\/wp\/v2\/posts\/2421","targetHints":{"allow":["GET"]}}],"collection":[{"href":"https:\/\/droitemoderniste.be\/index.php\/wp-json\/wp\/v2\/posts"}],"about":[{"href":"https:\/\/droitemoderniste.be\/index.php\/wp-json\/wp\/v2\/types\/post"}],"author":[{"embeddable":true,"href":"https:\/\/droitemoderniste.be\/index.php\/wp-json\/wp\/v2\/users\/1"}],"replies":[{"embeddable":true,"href":"https:\/\/droitemoderniste.be\/index.php\/wp-json\/wp\/v2\/comments?post=2421"}],"version-history":[{"count":1,"href":"https:\/\/droitemoderniste.be\/index.php\/wp-json\/wp\/v2\/posts\/2421\/revisions"}],"predecessor-version":[{"id":2423,"href":"https:\/\/droitemoderniste.be\/index.php\/wp-json\/wp\/v2\/posts\/2421\/revisions\/2423"}],"wp:attachment":[{"href":"https:\/\/droitemoderniste.be\/index.php\/wp-json\/wp\/v2\/media?parent=2421"}],"wp:term":[{"taxonomy":"category","embeddable":true,"href":"https:\/\/droitemoderniste.be\/index.php\/wp-json\/wp\/v2\/categories?post=2421"},{"taxonomy":"post_tag","embeddable":true,"href":"https:\/\/droitemoderniste.be\/index.php\/wp-json\/wp\/v2\/tags?post=2421"}],"curies":[{"name":"wp","href":"https:\/\/api.w.org\/{rel}","templated":true}]}}