{"id":2418,"date":"2025-12-31T10:52:59","date_gmt":"2025-12-31T09:52:59","guid":{"rendered":"https:\/\/droitemoderniste.be\/?p=2418"},"modified":"2025-12-31T10:52:59","modified_gmt":"2025-12-31T09:52:59","slug":"on-ne-vous-volera-pas-votre-avenir","status":"publish","type":"post","link":"https:\/\/droitemoderniste.be\/index.php\/2025\/12\/31\/on-ne-vous-volera-pas-votre-avenir\/","title":{"rendered":"\u00ab\u00a0On ne vous volera pas votre avenir\u00a0\u00bb"},"content":{"rendered":"\n<figure class=\"wp-block-image size-full\"><img loading=\"lazy\" decoding=\"async\" width=\"310\" height=\"163\" src=\"https:\/\/droitemoderniste.be\/wp-content\/uploads\/2025\/12\/jeunesse.jpg\" alt=\"\" class=\"wp-image-2419\" srcset=\"https:\/\/droitemoderniste.be\/wp-content\/uploads\/2025\/12\/jeunesse.jpg 310w, https:\/\/droitemoderniste.be\/wp-content\/uploads\/2025\/12\/jeunesse-300x158.jpg 300w\" sizes=\"auto, (max-width: 310px) 100vw, 310px\" \/><\/figure>\n\n\n\n<p class=\"wp-block-paragraph\">Les jeunes de Belgique,<\/p>\n\n\n\n<p class=\"wp-block-paragraph\">On vous a menti.<\/p>\n\n\n\n<p class=\"wp-block-paragraph\">On vous a dit :<\/p>\n\n\n\n<ul class=\"wp-block-list\">\n<li>\u201cTravaille dur, tu y arriveras\u201d<\/li>\n\n\n\n<li>\u201cSois mobile, flexible, dipl\u00f4m\u00e9\u201d<\/li>\n<\/ul>\n\n\n\n<p class=\"wp-block-paragraph\">Et que voyez-vous aujourd\u2019hui ?<br>Des salaires tax\u00e9s d\u00e8s le premier euro.<br>Des loyers inaccessibles.<br>Un avenir fiscalement plomb\u00e9 avant m\u00eame de commencer.<\/p>\n\n\n\n<p class=\"wp-block-paragraph\"><strong>Ce syst\u00e8me est verrouill\u00e9 contre vous.<\/strong><\/p>\n\n\n\n<hr class=\"wp-block-separator has-alpha-channel-opacity\"\/>\n\n\n\n<h5 class=\"wp-block-heading\">RUPTURE G\u00c9N\u00c9RATIONNELLE<\/h5>\n\n\n\n<p class=\"wp-block-paragraph\">Le <mark style=\"background-color:rgba(0, 0, 0, 0);color:#ff6900\" class=\"has-inline-color\">MDM<\/mark> refuse une Belgique :<\/p>\n\n\n\n<ul class=\"wp-block-list\">\n<li>o\u00f9 le premier salaire est d\u00e9j\u00e0 surtax\u00e9<\/li>\n\n\n\n<li>o\u00f9 l\u2019effort ne paie plus<\/li>\n\n\n\n<li>o\u00f9 l\u2019on finance le pass\u00e9 en sacrifiant l\u2019avenir<\/li>\n<\/ul>\n\n\n\n<p class=\"wp-block-paragraph\">Nous voulons :<\/p>\n\n\n\n<ul class=\"wp-block-list\">\n<li>z\u00e9ro imp\u00f4t sur les premiers revenus<\/li>\n\n\n\n<li>un vrai gain net quand on travaille plus<\/li>\n\n\n\n<li>une fiscalit\u00e9 qui encourage \u00e0 entreprendre, pas \u00e0 partir<\/li>\n<\/ul>\n\n\n\n<p class=\"wp-block-paragraph\"><strong>Vous ne devez pas quitter la Belgique pour r\u00e9ussir.<\/strong><\/p>\n\n\n\n<hr class=\"wp-block-separator has-alpha-channel-opacity\"\/>\n\n\n\n<h5 class=\"wp-block-heading\">INNOVER, ENTREPRENDRE, RESPIRER<\/h5>\n\n\n\n<p class=\"wp-block-paragraph\">Cr\u00e9er une start-up, devenir ind\u00e9pendant, changer de voie :<br>\u00e7a doit \u00eatre possible <strong>sans \u00eatre broy\u00e9 fiscalement<\/strong>.<\/p>\n\n\n\n<p class=\"wp-block-paragraph\">Le <mark style=\"background-color:rgba(0, 0, 0, 0);color:#ff6900\" class=\"has-inline-color\">MDM<\/mark> :<\/p>\n\n\n\n<ul class=\"wp-block-list\">\n<li>lib\u00e8re les d\u00e9buts de carri\u00e8re<\/li>\n\n\n\n<li>soutient l\u2019innovation<\/li>\n\n\n\n<li>remet l\u2019effort au centre<\/li>\n<\/ul>\n\n\n\n<p class=\"wp-block-paragraph\"><strong>Votre \u00e9nergie vaut plus que leur immobilisme.<\/strong><\/p>\n\n\n\n<hr class=\"wp-block-separator has-alpha-channel-opacity\"\/>\n\n\n\n<h5 class=\"wp-block-heading\">MESSAGE <\/h5>\n\n\n\n<p class=\"wp-block-paragraph\">Cette r\u00e9volution fiscale,<br>c\u2019est une r\u00e9volution pour votre avenir.<\/p>\n\n\n\n<p class=\"wp-block-paragraph\">\ud83d\udc49 Pour que travailler ait du sens<br>\ud83d\udc49 Pour que rester en Belgique soit un choix<br>\ud83d\udc49 Pour que l\u2019effort redevienne une promesse tenue<\/p>\n\n\n\n<p class=\"wp-block-paragraph\"><strong>Le futur n\u2019est pas \u00e0 taxer.<\/strong><strong>Il est \u00e0 construire.<\/strong><\/p>\n","protected":false},"excerpt":{"rendered":"<p>Les jeunes de Belgique, On vous a menti. On vous a dit : Et que voyez-vous aujourd\u2019hui ?Des salaires tax\u00e9s d\u00e8s le premier euro.Des loyers inaccessibles.Un avenir fiscalement plomb\u00e9 avant m\u00eame de commencer. Ce syst\u00e8me est verrouill\u00e9 contre vous. RUPTURE G\u00c9N\u00c9RATIONNELLE Le MDM refuse une Belgique : Nous voulons : Vous ne devez pas quitter [&hellip;]<\/p>\n","protected":false},"author":1,"featured_media":0,"comment_status":"open","ping_status":"open","sticky":false,"template":"","format":"standard","meta":{"_monsterinsights_skip_tracking":false,"_uf_show_specific_survey":0,"_uf_disable_surveys":false,"footnotes":""},"categories":[42,16],"tags":[],"class_list":["post-2418","post","type-post","status-publish","format-standard","hentry","category-discours","category-jeunes"],"_links":{"self":[{"href":"https:\/\/droitemoderniste.be\/index.php\/wp-json\/wp\/v2\/posts\/2418","targetHints":{"allow":["GET"]}}],"collection":[{"href":"https:\/\/droitemoderniste.be\/index.php\/wp-json\/wp\/v2\/posts"}],"about":[{"href":"https:\/\/droitemoderniste.be\/index.php\/wp-json\/wp\/v2\/types\/post"}],"author":[{"embeddable":true,"href":"https:\/\/droitemoderniste.be\/index.php\/wp-json\/wp\/v2\/users\/1"}],"replies":[{"embeddable":true,"href":"https:\/\/droitemoderniste.be\/index.php\/wp-json\/wp\/v2\/comments?post=2418"}],"version-history":[{"count":1,"href":"https:\/\/droitemoderniste.be\/index.php\/wp-json\/wp\/v2\/posts\/2418\/revisions"}],"predecessor-version":[{"id":2420,"href":"https:\/\/droitemoderniste.be\/index.php\/wp-json\/wp\/v2\/posts\/2418\/revisions\/2420"}],"wp:attachment":[{"href":"https:\/\/droitemoderniste.be\/index.php\/wp-json\/wp\/v2\/media?parent=2418"}],"wp:term":[{"taxonomy":"category","embeddable":true,"href":"https:\/\/droitemoderniste.be\/index.php\/wp-json\/wp\/v2\/categories?post=2418"},{"taxonomy":"post_tag","embeddable":true,"href":"https:\/\/droitemoderniste.be\/index.php\/wp-json\/wp\/v2\/tags?post=2418"}],"curies":[{"name":"wp","href":"https:\/\/api.w.org\/{rel}","templated":true}]}}