{"id":2405,"date":"2025-12-29T11:11:36","date_gmt":"2025-12-29T10:11:36","guid":{"rendered":"https:\/\/droitemoderniste.be\/?p=2405"},"modified":"2025-12-29T11:11:36","modified_gmt":"2025-12-29T10:11:36","slug":"nous-allons-casser-le-systeme-fiscal-pour-le-reconstruire","status":"publish","type":"post","link":"https:\/\/droitemoderniste.be\/index.php\/2025\/12\/29\/nous-allons-casser-le-systeme-fiscal-pour-le-reconstruire\/","title":{"rendered":"Nous allons casser le syst\u00e8me fiscal pour le reconstruire"},"content":{"rendered":"\n<figure class=\"wp-block-image size-full\"><img loading=\"lazy\" decoding=\"async\" width=\"293\" height=\"172\" src=\"https:\/\/droitemoderniste.be\/wp-content\/uploads\/2025\/12\/casser.jpg\" alt=\"\" class=\"wp-image-2407\"\/><\/figure>\n\n\n\n<p class=\"wp-block-paragraph\">Mes amis,<br>Belges de c\u0153ur et de courage,<\/p>\n\n\n\n<p class=\"wp-block-paragraph\">Il faut le dire sans d\u00e9tour :<br><strong>le syst\u00e8me fiscal belge est \u00e0 bout de souffle.<\/strong><\/p>\n\n\n\n<p class=\"wp-block-paragraph\">Ce n\u2019est plus un outil de solidarit\u00e9.<br>C\u2019est une machine \u00e0 d\u00e9courager.<br>Une machine \u00e0 punir ceux qui travaillent.<br>Une machine \u00e0 prot\u00e9ger ceux qui profitent.<\/p>\n\n\n\n<p class=\"wp-block-paragraph\"><strong>Ce syst\u00e8me est cass\u00e9.<\/strong><strong>Et nous allons le casser pour le reconstruire.<\/strong><\/p>\n\n\n\n<hr class=\"wp-block-separator has-alpha-channel-opacity\"\/>\n\n\n\n<h5 class=\"wp-block-heading\">NOUS REFUSONS DE VIVRE DANS UN PAYS QUI PUNIT LE TRAVAIL<\/h5>\n\n\n\n<p class=\"wp-block-paragraph\">En Belgique, plus vous travaillez, plus l\u2019\u00c9tat vous prend.<br>C\u2019est une honte.<\/p>\n\n\n\n<p class=\"wp-block-paragraph\">Le travailleur est tax\u00e9.<br>L\u2019ind\u00e9pendant est saign\u00e9.<br>La classe moyenne est sacrifi\u00e9e.<\/p>\n\n\n\n<p class=\"wp-block-paragraph\">Et pendant ce temps-l\u00e0,<br>des arm\u00e9es de fiscalistes trouvent des \u00e9chappatoires pour les puissants.<\/p>\n\n\n\n<p class=\"wp-block-paragraph\"><strong>\u00c7a suffit.<\/strong><\/p>\n\n\n\n<p class=\"wp-block-paragraph\">Le <mark style=\"background-color:rgba(0, 0, 0, 0);color:#ff6900\" class=\"has-inline-color\">MDM<\/mark> mettra fin \u00e0 cette confiscation organis\u00e9e :<\/p>\n\n\n\n<ul class=\"wp-block-list\">\n<li>Z\u00e9ro imp\u00f4t sur les revenus vitaux<\/li>\n\n\n\n<li>Une fiscalit\u00e9 lisible pour ceux qui produisent<\/li>\n\n\n\n<li>Une contribution ferme mais juste pour les hauts revenus<\/li>\n<\/ul>\n\n\n\n<p class=\"wp-block-paragraph\"><strong>Le travail ne sera plus puni.<\/strong><strong>Il sera respect\u00e9.<\/strong><\/p>\n\n\n\n<hr class=\"wp-block-separator has-alpha-channel-opacity\"\/>\n\n\n\n<h5 class=\"wp-block-heading\">NOUS D\u00c9FENDONS LA BELGIQUE DU TRAVAIL <\/h5>\n\n\n\n<p class=\"wp-block-paragraph\"><strong>Nous d\u00e9fendons la Belgique du travail.<\/strong><\/p>\n\n\n\n<p class=\"wp-block-paragraph\">La Belgique r\u00e9elle.<br>Celle qui se l\u00e8ve t\u00f4t.<br>Celle qui paie ses imp\u00f4ts.<br>Celle qui n\u2019a pas de conseiller fiscal \u00e0 500 \u20ac de l\u2019heure.<\/p>\n\n\n\n<p class=\"wp-block-paragraph\">Cette Belgique-l\u00e0 est abandonn\u00e9e.<\/p>\n\n\n\n<p class=\"wp-block-paragraph\">Le <mark style=\"background-color:rgba(0, 0, 0, 0);color:#ff6900\" class=\"has-inline-color\">MDM<\/mark> la remettra au centre :<\/p>\n\n\n\n<ul class=\"wp-block-list\">\n<li>Un vrai cr\u00e9dit d\u2019imp\u00f4t par enfant<\/li>\n\n\n\n<li>Un vrai bonus au travail<\/li>\n\n\n\n<li>Un vrai gain de pouvoir d\u2019achat<\/li>\n<\/ul>\n\n\n\n<p class=\"wp-block-paragraph\"><strong>Assez de charit\u00e9.<\/strong><strong>Place \u00e0 la dignit\u00e9.<\/strong><\/p>\n\n\n\n<hr class=\"wp-block-separator has-alpha-channel-opacity\"\/>\n\n\n\n<h5 class=\"wp-block-heading\">NOUS CHOISISSONS L\u2019\u00c9CONOMIE R\u00c9ELLE CONTRE L\u2019\u00c9CONOMIE FICTIVE<\/h5>\n\n\n\n<p class=\"wp-block-paragraph\">Nous ne voulons plus d\u2019un pays :<\/p>\n\n\n\n<ul class=\"wp-block-list\">\n<li>o\u00f9 l\u2019on sp\u00e9cule plus qu\u2019on ne produit<\/li>\n\n\n\n<li>o\u00f9 l\u2019on d\u00e9localise les profits<\/li>\n\n\n\n<li>o\u00f9 l\u2019on ferme des usines pour ouvrir des bo\u00eetes aux lettres fiscales<\/li>\n<\/ul>\n\n\n\n<p class=\"wp-block-paragraph\">Le <mark style=\"background-color:rgba(0, 0, 0, 0);color:#ff6900\" class=\"has-inline-color\">MDM<\/mark> dit clairement :<br>les entreprises qui cr\u00e9ent de l\u2019emploi ici seront soutenues<br>celles qui trichent paieront<\/p>\n\n\n\n<p class=\"wp-block-paragraph\">Imp\u00f4t des soci\u00e9t\u00e9s comp\u00e9titif, OUI.<br>\u00c9vasion fiscale, NON.<\/p>\n\n\n\n<p class=\"wp-block-paragraph\"><strong>La richesse cr\u00e9\u00e9e en Belgique doit rester en Belgique.<\/strong><\/p>\n\n\n\n<hr class=\"wp-block-separator has-alpha-channel-opacity\"\/>\n\n\n\n<h5 class=\"wp-block-heading\">NOUS METTONS FIN AUX PRIVIL\u00c8GES<\/h5>\n\n\n\n<p class=\"wp-block-paragraph\">Il n\u2019y aura plus deux cat\u00e9gories de citoyens.<\/p>\n\n\n\n<p class=\"wp-block-paragraph\">Le temps des niches injustifiables est termin\u00e9.<br>Le temps des passe-droits est termin\u00e9.<br>Le temps des arrangements opaques est termin\u00e9.<\/p>\n\n\n\n<p class=\"wp-block-paragraph\">Une r\u00e8gle.<br>Un imp\u00f4t.<br>Pour tous.<\/p>\n\n\n\n<p class=\"wp-block-paragraph\"><strong>Qui doit payer, paiera.<\/strong><strong>Qui paie, sera respect\u00e9.<\/strong><\/p>\n\n\n\n<hr class=\"wp-block-separator has-alpha-channel-opacity\"\/>\n\n\n\n<h5 class=\"wp-block-heading\">NOUS REFUSONS L\u2019\u00c9COLOGIE CONTRE LE PEUPLE<\/h5>\n\n\n\n<p class=\"wp-block-paragraph\">Nous ne sauverons pas la plan\u00e8te<br>en ruinant les familles<br>ni en culpabilisant les travailleurs.<\/p>\n\n\n\n<p class=\"wp-block-paragraph\">Le <mark style=\"background-color:rgba(0, 0, 0, 0);color:#ff6900\" class=\"has-inline-color\">MDM<\/mark> mettra fin \u00e0 l\u2019\u00e9cologie punitive :<\/p>\n\n\n\n<ul class=\"wp-block-list\">\n<li>Les grandes pollutions seront tax\u00e9es<\/li>\n\n\n\n<li>Les citoyens seront compens\u00e9s<\/li>\n\n\n\n<li>L\u2019industrie propre sera relocalis\u00e9e<\/li>\n<\/ul>\n\n\n\n<p class=\"wp-block-paragraph\"><strong>Environnementalisme, oui.<\/strong><strong>Punition sociale, jamais.<\/strong><\/p>\n\n\n\n<hr class=\"wp-block-separator has-alpha-channel-opacity\"\/>\n\n\n\n<h5 class=\"wp-block-heading\">NOUS METTONS FIN \u00c0 L\u2019HUMILIATION ADMINISTRATIVE<\/h5>\n\n\n\n<p class=\"wp-block-paragraph\">Un \u00c9tat qui soup\u00e7onne tout le monde<br>est un \u00c9tat qui a perdu la confiance de son peuple.<\/p>\n\n\n\n<p class=\"wp-block-paragraph\">Nous voulons :<\/p>\n\n\n\n<ul class=\"wp-block-list\">\n<li>Des imp\u00f4ts simples<\/li>\n\n\n\n<li>Des d\u00e9clarations claires<\/li>\n\n\n\n<li>Un \u00c9tat au service des citoyens, pas contre eux<\/li>\n<\/ul>\n\n\n\n<hr class=\"wp-block-separator has-alpha-channel-opacity\"\/>\n\n\n\n<h5 class=\"wp-block-heading\">LE CHOIX<\/h5>\n\n\n\n<p class=\"wp-block-paragraph\">Mes amis,<\/p>\n\n\n\n<p class=\"wp-block-paragraph\">Ce combat est clair.<\/p>\n\n\n\n<p class=\"wp-block-paragraph\">Soit on continue avec un syst\u00e8me qui taxe, d\u00e9courage et ment.<br>Soit on choisit la rupture.<\/p>\n\n\n\n<p class=\"wp-block-paragraph\">Le <mark style=\"background-color:rgba(0, 0, 0, 0);color:#ff6900\" class=\"has-inline-color\">Mouvement Droite Moderniste<\/mark> choisit la rupture.<\/p>\n\n\n\n<p class=\"wp-block-paragraph\">Pas contre la solidarit\u00e9.<br>Pas contre l\u2019\u00c9tat.<br>Mais <strong>contre l\u2019injustice, l\u2019hypocrisie et la l\u00e2chet\u00e9 fiscale<\/strong>.<\/p>\n\n\n\n<p class=\"wp-block-paragraph\"><strong>Nous voulons une Belgique qui respecte le travail.<\/strong><strong>Une Belgique qui prot\u00e8ge ceux qui jouent le jeu.<\/strong><strong>Une Belgique qui se redresse.<\/strong><\/p>\n\n\n\n<p class=\"wp-block-paragraph\">Et cette r\u00e9volution fiscale,<br><strong>nous la m\u00e8nerons jusqu\u2019au bout.<\/strong><\/p>\n\n\n\n<p class=\"wp-block-paragraph\"><strong>Racines fortes. Regard neuf.<\/strong><br><strong>Belgique debout.<\/strong><\/p>\n","protected":false},"excerpt":{"rendered":"<p>Mes amis,Belges de c\u0153ur et de courage, Il faut le dire sans d\u00e9tour :le syst\u00e8me fiscal belge est \u00e0 bout de souffle. Ce n\u2019est plus un outil de solidarit\u00e9.C\u2019est une machine \u00e0 d\u00e9courager.Une machine \u00e0 punir ceux qui travaillent.Une machine \u00e0 prot\u00e9ger ceux qui profitent. Ce syst\u00e8me est cass\u00e9.Et nous allons le casser pour le [&hellip;]<\/p>\n","protected":false},"author":1,"featured_media":0,"comment_status":"open","ping_status":"open","sticky":false,"template":"","format":"standard","meta":{"_monsterinsights_skip_tracking":false,"_uf_show_specific_survey":0,"_uf_disable_surveys":false,"footnotes":""},"categories":[42,17],"tags":[],"class_list":["post-2405","post","type-post","status-publish","format-standard","hentry","category-discours","category-fiscalite"],"_links":{"self":[{"href":"https:\/\/droitemoderniste.be\/index.php\/wp-json\/wp\/v2\/posts\/2405","targetHints":{"allow":["GET"]}}],"collection":[{"href":"https:\/\/droitemoderniste.be\/index.php\/wp-json\/wp\/v2\/posts"}],"about":[{"href":"https:\/\/droitemoderniste.be\/index.php\/wp-json\/wp\/v2\/types\/post"}],"author":[{"embeddable":true,"href":"https:\/\/droitemoderniste.be\/index.php\/wp-json\/wp\/v2\/users\/1"}],"replies":[{"embeddable":true,"href":"https:\/\/droitemoderniste.be\/index.php\/wp-json\/wp\/v2\/comments?post=2405"}],"version-history":[{"count":1,"href":"https:\/\/droitemoderniste.be\/index.php\/wp-json\/wp\/v2\/posts\/2405\/revisions"}],"predecessor-version":[{"id":2408,"href":"https:\/\/droitemoderniste.be\/index.php\/wp-json\/wp\/v2\/posts\/2405\/revisions\/2408"}],"wp:attachment":[{"href":"https:\/\/droitemoderniste.be\/index.php\/wp-json\/wp\/v2\/media?parent=2405"}],"wp:term":[{"taxonomy":"category","embeddable":true,"href":"https:\/\/droitemoderniste.be\/index.php\/wp-json\/wp\/v2\/categories?post=2405"},{"taxonomy":"post_tag","embeddable":true,"href":"https:\/\/droitemoderniste.be\/index.php\/wp-json\/wp\/v2\/tags?post=2405"}],"curies":[{"name":"wp","href":"https:\/\/api.w.org\/{rel}","templated":true}]}}