{"id":2402,"date":"2025-12-28T14:38:28","date_gmt":"2025-12-28T13:38:28","guid":{"rendered":"https:\/\/droitemoderniste.be\/?p=2402"},"modified":"2025-12-28T14:38:28","modified_gmt":"2025-12-28T13:38:28","slug":"vous-qui-avez-cru-a-defi","status":"publish","type":"post","link":"https:\/\/droitemoderniste.be\/index.php\/2025\/12\/28\/vous-qui-avez-cru-a-defi\/","title":{"rendered":"\u00ab\u00a0Vous qui avez cru \u00e0 D\u00e9FI\u00a0\u00bb"},"content":{"rendered":"\n<figure class=\"wp-block-image size-full\"><img loading=\"lazy\" decoding=\"async\" width=\"300\" height=\"168\" src=\"https:\/\/droitemoderniste.be\/wp-content\/uploads\/2025\/12\/DeFI0-1.jpg\" alt=\"\" class=\"wp-image-2403\"\/><\/figure>\n\n\n\n<p class=\"wp-block-paragraph\">Chers \u00e9lecteurs,<br>Chers citoyens qui croient encore en une politique qui transforme le r\u00e9el,<\/p>\n\n\n\n<p class=\"wp-block-paragraph\">Ce message s\u2019adresse \u00e0 vous.<br>Vous qui avez cru \u00e0 D\u00e9FI, \u00e0 ses promesses d\u2019\u00e9quilibre et de d\u00e9fense des droits.<br>Vous qui avez vot\u00e9 pour eux, pensant soutenir une politique active et efficace.<br>Et aujourd\u2019hui\u2026 vous \u00eates d\u00e9\u00e7us.<\/p>\n\n\n\n<hr class=\"wp-block-separator has-alpha-channel-opacity\"\/>\n\n\n\n<p class=\"wp-block-paragraph\"><strong>Vous n\u2019\u00eates pas seuls.<\/strong><\/p>\n\n\n\n<p class=\"wp-block-paragraph\">Vous avez vu vos attentes s\u2019\u00e9roder :<\/p>\n\n\n\n<ul class=\"wp-block-list\">\n<li>des discours s\u00e9duisants qui ne d\u00e9bouchent sur rien,<\/li>\n\n\n\n<li>des compromis constants qui n\u2019avancent pas le pays,<\/li>\n\n\n\n<li>des promesses d\u2019action qui se dissolvent dans la prudence.<\/li>\n<\/ul>\n\n\n\n<p class=\"wp-block-paragraph\">Vous vouliez des r\u00e9formes concr\u00e8tes et nationales.<br>Vous avez eu\u2026 de la gestion de niches et des calculs politiciens.<\/p>\n\n\n\n<hr class=\"wp-block-separator has-alpha-channel-opacity\"\/>\n\n\n\n<p class=\"wp-block-paragraph\"><strong>Le <mark style=\"background-color:rgba(0, 0, 0, 0);color:#ff6900\" class=\"has-inline-color\">MDM<\/mark> entend votre frustration.<\/strong><\/p>\n\n\n\n<p class=\"wp-block-paragraph\">Le <mark style=\"background-color:rgba(0, 0, 0, 0);color:#ff6900\" class=\"has-inline-color\">Mouvement Droite Moderniste<\/mark> n\u2019est pas l\u00e0 pour d\u00e9fendre une communaut\u00e9 ou un int\u00e9r\u00eat particulier.<br>Nous sommes n\u00e9s pour d\u00e9fendre <strong>l\u2019int\u00e9r\u00eat g\u00e9n\u00e9ral et l\u2019avenir de la Belgique<\/strong>.<\/p>\n\n\n\n<p class=\"wp-block-paragraph\">Nous agissons l\u00e0 o\u00f9 D\u00e9FI h\u00e9site :<\/p>\n\n\n\n<ul class=\"wp-block-list\">\n<li>r\u00e9former l\u2019\u00e9cole et la justice de fa\u00e7on concr\u00e8te,<\/li>\n\n\n\n<li>ma\u00eetriser l\u2019immigration de mani\u00e8re coh\u00e9rente et humaine,<\/li>\n\n\n\n<li>orienter l\u2019\u00e9conomie avec audace et efficacit\u00e9,<\/li>\n\n\n\n<li>r\u00e9ussir une transition \u00e9cologique productive et innovante,<\/li>\n\n\n\n<li>assurer la s\u00e9curit\u00e9 et la coh\u00e9sion nationale.<\/li>\n<\/ul>\n\n\n\n<p class=\"wp-block-paragraph\">Pas de demi-mesures.<br>Pas de discours creux.<br>Des <strong>actions r\u00e9elles, mesurables et assum\u00e9es<\/strong>.<\/p>\n\n\n\n<hr class=\"wp-block-separator has-alpha-channel-opacity\"\/>\n\n\n\n<p class=\"wp-block-paragraph\"><strong>Votre vote peut retrouver sa valeur.<\/strong><\/p>\n\n\n\n<p class=\"wp-block-paragraph\">Si vous \u00eates fatigu\u00e9s de l\u2019attentisme,<br>si vous en avez assez des compromis qui n\u2019avancent nulle part,<br>il est temps de faire un choix clair.<\/p>\n\n\n\n<p class=\"wp-block-paragraph\">Le <mark style=\"background-color:rgba(0, 0, 0, 0);color:#ff6900\" class=\"has-inline-color\">MDM<\/mark> n\u2019est pas D\u00e9FI.<br>Le <mark style=\"background-color:rgba(0, 0, 0, 0);color:#ff6900\" class=\"has-inline-color\">MDM<\/mark> ne recule pas.<br>Le <mark style=\"background-color:rgba(0, 0, 0, 0);color:#ff6900\" class=\"has-inline-color\">MDM<\/mark> <strong>avance, tranche et transforme<\/strong>.<\/p>\n\n\n\n<p class=\"wp-block-paragraph\">Vous ne changez pas vos convictions.<br>Vous les retrouvez.<br>Vous les incarnez \u00e0 nouveau.<\/p>\n\n\n\n<hr class=\"wp-block-separator has-alpha-channel-opacity\"\/>\n\n\n\n<p class=\"wp-block-paragraph\"><strong>Conclusion<\/strong><\/p>\n\n\n\n<p class=\"wp-block-paragraph\">\u00c9lecteurs d\u00e9\u00e7us de D\u00e9FI :<br>Vous m\u00e9ritez une droite ambitieuse, coh\u00e9rente et r\u00e9formatrice.<br>Vous m\u00e9ritez <strong>le <mark style=\"background-color:rgba(0, 0, 0, 0);color:#ff6900\" class=\"has-inline-color\">Mouvement Droite Moderniste<\/mark><\/strong>.<\/p>\n\n\n\n<p class=\"wp-block-paragraph\">Rejoignez l\u2019audace d\u2019une droite moderne.<br>Rejoignez le <mark style=\"background-color:rgba(0, 0, 0, 0);color:#ff6900\" class=\"has-inline-color\">MDM<\/mark>.<\/p>\n\n\n\n<p class=\"wp-block-paragraph\"><\/p>\n","protected":false},"excerpt":{"rendered":"<p>Chers \u00e9lecteurs,Chers citoyens qui croient encore en une politique qui transforme le r\u00e9el, Ce message s\u2019adresse \u00e0 vous.Vous qui avez cru \u00e0 D\u00e9FI, \u00e0 ses promesses d\u2019\u00e9quilibre et de d\u00e9fense des droits.Vous qui avez vot\u00e9 pour eux, pensant soutenir une politique active et efficace.Et aujourd\u2019hui\u2026 vous \u00eates d\u00e9\u00e7us. Vous n\u2019\u00eates pas seuls. Vous avez vu [&hellip;]<\/p>\n","protected":false},"author":1,"featured_media":0,"comment_status":"open","ping_status":"open","sticky":false,"template":"","format":"standard","meta":{"_monsterinsights_skip_tracking":false,"_uf_show_specific_survey":0,"_uf_disable_surveys":false,"footnotes":""},"categories":[42],"tags":[],"class_list":["post-2402","post","type-post","status-publish","format-standard","hentry","category-discours"],"_links":{"self":[{"href":"https:\/\/droitemoderniste.be\/index.php\/wp-json\/wp\/v2\/posts\/2402","targetHints":{"allow":["GET"]}}],"collection":[{"href":"https:\/\/droitemoderniste.be\/index.php\/wp-json\/wp\/v2\/posts"}],"about":[{"href":"https:\/\/droitemoderniste.be\/index.php\/wp-json\/wp\/v2\/types\/post"}],"author":[{"embeddable":true,"href":"https:\/\/droitemoderniste.be\/index.php\/wp-json\/wp\/v2\/users\/1"}],"replies":[{"embeddable":true,"href":"https:\/\/droitemoderniste.be\/index.php\/wp-json\/wp\/v2\/comments?post=2402"}],"version-history":[{"count":1,"href":"https:\/\/droitemoderniste.be\/index.php\/wp-json\/wp\/v2\/posts\/2402\/revisions"}],"predecessor-version":[{"id":2404,"href":"https:\/\/droitemoderniste.be\/index.php\/wp-json\/wp\/v2\/posts\/2402\/revisions\/2404"}],"wp:attachment":[{"href":"https:\/\/droitemoderniste.be\/index.php\/wp-json\/wp\/v2\/media?parent=2402"}],"wp:term":[{"taxonomy":"category","embeddable":true,"href":"https:\/\/droitemoderniste.be\/index.php\/wp-json\/wp\/v2\/categories?post=2402"},{"taxonomy":"post_tag","embeddable":true,"href":"https:\/\/droitemoderniste.be\/index.php\/wp-json\/wp\/v2\/tags?post=2402"}],"curies":[{"name":"wp","href":"https:\/\/api.w.org\/{rel}","templated":true}]}}