{"id":2394,"date":"2025-12-27T14:00:04","date_gmt":"2025-12-27T13:00:04","guid":{"rendered":"https:\/\/droitemoderniste.be\/?p=2394"},"modified":"2025-12-28T09:37:20","modified_gmt":"2025-12-28T08:37:20","slug":"le-mdm-face-a-defi","status":"publish","type":"post","link":"https:\/\/droitemoderniste.be\/index.php\/2025\/12\/27\/le-mdm-face-a-defi\/","title":{"rendered":"Le MDM face \u00e0 D\u00e9FI"},"content":{"rendered":"\n<figure class=\"wp-block-image size-full\"><img loading=\"lazy\" decoding=\"async\" width=\"168\" height=\"300\" src=\"https:\/\/droitemoderniste.be\/wp-content\/uploads\/2025\/12\/David-et-goliath.jpg\" alt=\"\" class=\"wp-image-2395\"\/><\/figure>\n\n\n\n<p class=\"wp-block-paragraph\">Mesdames et Messieurs,<br>Chers \u00e9lecteurs fatigu\u00e9s des compromis ti\u00e8des,<\/p>\n\n\n\n<p class=\"wp-block-paragraph\">Il faut le dire : <strong>D\u00e9FI ne r\u00e9formera jamais la Belgique<\/strong>.<br>Ils parlent d\u2019\u00e9galit\u00e9, de droits communautaires, de n\u00e9gociations\u2026<br>Mais derri\u00e8re les mots, que reste-t-il ?<br>Un parti <strong>prudent, attentiste, limit\u00e9 \u00e0 ses petits \u00e9quilibres<\/strong>.<\/p>\n\n\n\n<p class=\"wp-block-paragraph\">Pendant que D\u00e9FI n\u00e9gocie \u00e0 Bruxelles, \u00e0 Wallonie et dans les institutions, <strong>le pays stagne<\/strong>.<br>Pendant que D\u00e9FI prot\u00e8ge ses niches communautaires, l\u2019\u00e9cole s\u2019effondre, l\u2019\u00e9conomie s\u2019essouffle, la mobilit\u00e9 s\u2019enlise.<\/p>\n\n\n\n<hr class=\"wp-block-separator has-alpha-channel-opacity\"\/>\n\n\n\n<p class=\"wp-block-paragraph\"><strong>Le <mark style=\"background-color:rgba(0, 0, 0, 0);color:#ff6900\" class=\"has-inline-color\">MDM<\/mark> ne tergiverse pas.<\/strong><\/p>\n\n\n\n<p class=\"wp-block-paragraph\">Nous ne sommes pas un parti de consensus mou.<br>Nous ne sommes pas un parti de \u00ab n\u00e9gociation \u00e0 l\u2019infini \u00bb.<br>Nous ne sommes pas l\u00e0 pour d\u00e9fendre des int\u00e9r\u00eats partiels.<\/p>\n\n\n\n<p class=\"wp-block-paragraph\">Le <mark style=\"background-color:rgba(0, 0, 0, 0);color:#ff6900\" class=\"has-inline-color\">MDM<\/mark> agit pour <strong>la Belgique enti\u00e8re<\/strong>.<br>Nous assumons :<\/p>\n\n\n\n<ul class=\"wp-block-list\">\n<li>un \u00c9tat strat\u00e8ge qui prot\u00e8ge l\u2019\u00e9conomie,<\/li>\n\n\n\n<li>un environnementalisme ambitieux mais r\u00e9aliste,<\/li>\n\n\n\n<li>une immigration ma\u00eetris\u00e9e et coh\u00e9rente,<\/li>\n\n\n\n<li>une justice ferme, rapide et efficace,<\/li>\n\n\n\n<li>un patriotisme civique qui rassemble, pas qui divise.<\/li>\n<\/ul>\n\n\n\n<p class=\"wp-block-paragraph\">Pas de compromis ti\u00e8des. Pas de calculs \u00e9lectoraux. Pas de surplace.<\/p>\n\n\n\n<hr class=\"wp-block-separator has-alpha-channel-opacity\"\/>\n\n\n\n<p class=\"wp-block-paragraph\"><strong>D\u00e9FI freine, le <mark style=\"background-color:rgba(0, 0, 0, 0);color:#ff6900\" class=\"has-inline-color\">MDM<\/mark> avance.<\/strong><\/p>\n\n\n\n<p class=\"wp-block-paragraph\">Quand D\u00e9FI cherche \u00e0 \u00e9quilibrer ses int\u00e9r\u00eats communautaires, nous d\u00e9cidons pour le pays.<br>Quand D\u00e9FI craint de froisser une minorit\u00e9, nous tranchons pour l\u2019efficacit\u00e9.<br>Quand D\u00e9FI parle de r\u00e9forme, nous <strong>la r\u00e9alisons<\/strong>.<\/p>\n\n\n\n<p class=\"wp-block-paragraph\">Leurs discours sont prudents.<br>Nos actions sont courageuses.<br>Leurs compromis sont confortables.<br>Nos d\u00e9cisions sont n\u00e9cessaires.<\/p>\n\n\n\n<hr class=\"wp-block-separator has-alpha-channel-opacity\"\/>\n\n\n\n<p class=\"wp-block-paragraph\"><strong>La Belgique n\u2019a pas besoin de calculs politiciens.<\/strong><\/p>\n\n\n\n<p class=\"wp-block-paragraph\">Elle a besoin d\u2019audace.<\/p>\n\n\n\n<p class=\"wp-block-paragraph\">Le <mark style=\"background-color:rgba(0, 0, 0, 0);color:#ff6900\" class=\"has-inline-color\">MDM<\/mark> est le parti de ceux qui osent transformer le pays.<br>D\u00e9FI est le parti de ceux qui temporisent.<\/p>\n\n\n\n<p class=\"wp-block-paragraph\">Si vous voulez un parti qui <strong>agit r\u00e9ellement<\/strong>,<br>si vous voulez sortir du consensus mou,<br>si vous voulez une droite qui assume, qui tranche et qui r\u00e9forme,<\/p>\n\n\n\n<p class=\"wp-block-paragraph\">Alors vous ne votez pas D\u00e9FI.<br>Vous votez <strong>le <mark style=\"background-color:rgba(0, 0, 0, 0);color:#ff6900\" class=\"has-inline-color\">Mouvement Droite Moderniste<\/mark><\/strong>.<\/p>\n\n\n\n<p class=\"wp-block-paragraph\"><strong>Le <mark style=\"background-color:rgba(0, 0, 0, 0);color:#ff6900\" class=\"has-inline-color\">MDM<\/mark>. L\u2019audace d\u2019une droite moderne.<\/strong><\/p>\n\n\n\n<p class=\"wp-block-paragraph\"><\/p>\n","protected":false},"excerpt":{"rendered":"<p>Mesdames et Messieurs,Chers \u00e9lecteurs fatigu\u00e9s des compromis ti\u00e8des, Il faut le dire : D\u00e9FI ne r\u00e9formera jamais la Belgique.Ils parlent d\u2019\u00e9galit\u00e9, de droits communautaires, de n\u00e9gociations\u2026Mais derri\u00e8re les mots, que reste-t-il ?Un parti prudent, attentiste, limit\u00e9 \u00e0 ses petits \u00e9quilibres. Pendant que D\u00e9FI n\u00e9gocie \u00e0 Bruxelles, \u00e0 Wallonie et dans les institutions, le pays stagne.Pendant [&hellip;]<\/p>\n","protected":false},"author":1,"featured_media":0,"comment_status":"open","ping_status":"open","sticky":false,"template":"","format":"standard","meta":{"_monsterinsights_skip_tracking":false,"_uf_show_specific_survey":0,"_uf_disable_surveys":false,"footnotes":""},"categories":[42],"tags":[],"class_list":["post-2394","post","type-post","status-publish","format-standard","hentry","category-discours"],"_links":{"self":[{"href":"https:\/\/droitemoderniste.be\/index.php\/wp-json\/wp\/v2\/posts\/2394","targetHints":{"allow":["GET"]}}],"collection":[{"href":"https:\/\/droitemoderniste.be\/index.php\/wp-json\/wp\/v2\/posts"}],"about":[{"href":"https:\/\/droitemoderniste.be\/index.php\/wp-json\/wp\/v2\/types\/post"}],"author":[{"embeddable":true,"href":"https:\/\/droitemoderniste.be\/index.php\/wp-json\/wp\/v2\/users\/1"}],"replies":[{"embeddable":true,"href":"https:\/\/droitemoderniste.be\/index.php\/wp-json\/wp\/v2\/comments?post=2394"}],"version-history":[{"count":2,"href":"https:\/\/droitemoderniste.be\/index.php\/wp-json\/wp\/v2\/posts\/2394\/revisions"}],"predecessor-version":[{"id":2397,"href":"https:\/\/droitemoderniste.be\/index.php\/wp-json\/wp\/v2\/posts\/2394\/revisions\/2397"}],"wp:attachment":[{"href":"https:\/\/droitemoderniste.be\/index.php\/wp-json\/wp\/v2\/media?parent=2394"}],"wp:term":[{"taxonomy":"category","embeddable":true,"href":"https:\/\/droitemoderniste.be\/index.php\/wp-json\/wp\/v2\/categories?post=2394"},{"taxonomy":"post_tag","embeddable":true,"href":"https:\/\/droitemoderniste.be\/index.php\/wp-json\/wp\/v2\/tags?post=2394"}],"curies":[{"name":"wp","href":"https:\/\/api.w.org\/{rel}","templated":true}]}}