{"id":2391,"date":"2025-12-27T10:44:30","date_gmt":"2025-12-27T09:44:30","guid":{"rendered":"https:\/\/droitemoderniste.be\/?p=2391"},"modified":"2025-12-27T10:44:30","modified_gmt":"2025-12-27T09:44:30","slug":"3-piliers-pour-redresser-la-belgique","status":"publish","type":"post","link":"https:\/\/droitemoderniste.be\/index.php\/2025\/12\/27\/3-piliers-pour-redresser-la-belgique\/","title":{"rendered":"3 piliers pour redresser la Belgique"},"content":{"rendered":"\n<figure class=\"wp-block-image size-full\"><img loading=\"lazy\" decoding=\"async\" width=\"805\" height=\"453\" src=\"https:\/\/droitemoderniste.be\/wp-content\/uploads\/2025\/12\/XVMf1d78680-de72-11e6-8ab6-d8f11a55d89c.jpg\" alt=\"\" class=\"wp-image-2392\" srcset=\"https:\/\/droitemoderniste.be\/wp-content\/uploads\/2025\/12\/XVMf1d78680-de72-11e6-8ab6-d8f11a55d89c.jpg 805w, https:\/\/droitemoderniste.be\/wp-content\/uploads\/2025\/12\/XVMf1d78680-de72-11e6-8ab6-d8f11a55d89c-300x169.jpg 300w, https:\/\/droitemoderniste.be\/wp-content\/uploads\/2025\/12\/XVMf1d78680-de72-11e6-8ab6-d8f11a55d89c-768x432.jpg 768w\" sizes=\"auto, (max-width: 805px) 100vw, 805px\" \/><\/figure>\n\n\n\n<p class=\"wp-block-paragraph\"><strong>\u00ab Justice fiscale, travail r\u00e9compens\u00e9, \u00c9tat efficace \u00bb<\/strong><\/p>\n\n\n\n<hr class=\"wp-block-separator has-alpha-channel-opacity\"\/>\n\n\n\n<h4 class=\"wp-block-heading\"><strong>Pilier 1 \u2013 Taxer la rente, pas le travail<\/strong><\/h4>\n\n\n\n<p class=\"wp-block-paragraph\"><strong>Principe :<\/strong><br>La Belgique doit arr\u00eater de p\u00e9naliser ceux qui travaillent et investir la fiscalit\u00e9 l\u00e0 o\u00f9 elle rapporte r\u00e9ellement : superprofits, multinationales, rentes dormantes.<\/p>\n\n\n\n<p class=\"wp-block-paragraph\"><strong>Mesures cl\u00e9s :<\/strong><\/p>\n\n\n\n<ul class=\"wp-block-list\">\n<li><strong>Pacte anti-fraude IA<\/strong> : +2,5 milliards \u20ac \/ an<\/li>\n\n\n\n<li><strong>Contribution sur superprofits<\/strong> : +2 milliards \u20ac \/ an<\/li>\n\n\n\n<li><strong>Imp\u00f4t minimum multinationales<\/strong> : +1,5 milliard \u20ac \/ an<\/li>\n\n\n\n<li><strong>R\u00e9\u00e9quilibrage travail vs rente<\/strong> : +0,7 milliard \u20ac \/ an<\/li>\n<\/ul>\n\n\n\n<p class=\"wp-block-paragraph\"><strong>Chiffres parlants :<\/strong><\/p>\n\n\n\n<p class=\"wp-block-paragraph\"><em>\u00ab Ces mesures peuvent rapporter plus de <strong>6,5 milliards d\u2019euros par an<\/strong>, sans toucher aux classes moyennes ni aux PME. \u00bb<\/em><\/p>\n\n\n\n<p class=\"wp-block-paragraph\"><strong>Message politique :<\/strong><\/p>\n\n\n\n<p class=\"wp-block-paragraph\">\u00ab L\u2019effort fiscal doit \u00eatre juste : travailler rapporte, sp\u00e9culer contribue. \u00bb<\/p>\n\n\n\n<hr class=\"wp-block-separator has-alpha-channel-opacity\"\/>\n\n\n\n<h4 class=\"wp-block-heading\"><strong>Pilier 2 \u2013 Lib\u00e9rer le travail et l\u2019\u00e9conomie<\/strong><\/h4>\n\n\n\n<p class=\"wp-block-paragraph\"><strong>Principe :<\/strong><br>Encourager l\u2019activit\u00e9 productive, prot\u00e9ger l\u2019emploi et les PME, orienter les consommateurs vers des choix responsables.<\/p>\n\n\n\n<p class=\"wp-block-paragraph\"><strong>Mesures cl\u00e9s :<\/strong><\/p>\n\n\n\n<ul class=\"wp-block-list\">\n<li><strong>TVA diff\u00e9renci\u00e9e incitative<\/strong> (produits durables \/ locaux) : +1 milliard \u20ac \/ an<\/li>\n\n\n\n<li><strong>Taxe num\u00e9rique cibl\u00e9e<\/strong> : +0,8 milliard \u20ac \/ an<\/li>\n\n\n\n<li><strong>Bonus fiscal pour entreprises sobres<\/strong> : +0,7 milliard \u20ac \/ an<\/li>\n<\/ul>\n\n\n\n<p class=\"wp-block-paragraph\"><strong>Chiffres parlants :<\/strong><\/p>\n\n\n\n<p class=\"wp-block-paragraph\"><em>\u00ab Ces mesures g\u00e9n\u00e8rent environ <strong>2,5 milliards d\u2019euros<\/strong>, tout en r\u00e9compensant l\u2019investissement, l\u2019innovation et le comportement responsable. \u00bb<\/em><\/p>\n\n\n\n<p class=\"wp-block-paragraph\"><strong>Message politique :<\/strong><\/p>\n\n\n\n<p class=\"wp-block-paragraph\"><em>\u00ab Travailler doit payer. Produire en Belgique doit rapporter. Acheter responsable doit co\u00fbter moins cher. \u00bb<\/em><\/p>\n\n\n\n<hr class=\"wp-block-separator has-alpha-channel-opacity\"\/>\n\n\n\n<h4 class=\"wp-block-heading\"><strong>Pilier 3 \u2013 Moderniser l\u2019\u00c9tat<\/strong><\/h4>\n\n\n\n<p class=\"wp-block-paragraph\"><strong>Principe :<\/strong><br>Rationaliser les d\u00e9penses publiques, am\u00e9liorer l\u2019efficacit\u00e9 de l\u2019administration et renforcer la lutte contre le gaspillage et la fraude.<\/p>\n\n\n\n<p class=\"wp-block-paragraph\"><strong>Mesures cl\u00e9s :<\/strong><\/p>\n\n\n\n<ul class=\"wp-block-list\">\n<li><strong>Renforcement de la lutte anti-fraude par IA<\/strong> (m\u00eame que pilier 1, mais soulign\u00e9 ici pour modernisation)<\/li>\n\n\n\n<li><strong>Rationalisation des subventions inefficaces<\/strong><\/li>\n\n\n\n<li><strong>Ciblage et simplification fiscale<\/strong><\/li>\n<\/ul>\n\n\n\n<p class=\"wp-block-paragraph\"><strong>Chiffres parlants :<\/strong><\/p>\n\n\n\n<p class=\"wp-block-paragraph\"><em>\u00ab En modernisant l\u2019\u00c9tat et en ciblant les gaspillages, nous \u00e9conomisons et collectons efficacement, pour environ <strong>2 \u00e0 3 milliards suppl\u00e9mentaires<\/strong> par an. \u00bb<\/em><\/p>\n\n\n\n<p class=\"wp-block-paragraph\"><strong>Message politique :<\/strong><\/p>\n\n\n\n<p class=\"wp-block-paragraph\"><em>\u00ab L\u2019\u00c9tat doit devenir un partenaire, pas un frein : efficace, moderne et juste. \u00bb<\/em><\/p>\n\n\n\n<hr class=\"wp-block-separator has-alpha-channel-opacity\"\/>\n\n\n\n<h4 class=\"wp-block-heading\"><strong>Bilan global du paquet <mark style=\"background-color:rgba(0, 0, 0, 0);color:#ff6900\" class=\"has-inline-color\">MDM<\/mark><\/strong><\/h4>\n\n\n\n<ul class=\"wp-block-list\">\n<li><strong>Total recettes et \u00e9conomies estim\u00e9es :<\/strong> 9\u201311 milliards \u20ac \/ an (~1,5\u20132 points de PIB)<\/li>\n\n\n\n<li><strong>Impact social et \u00e9conomique :<\/strong> neutre \u00e0 positif pour les m\u00e9nages et les PME<\/li>\n\n\n\n<li><strong>Principes cl\u00e9s :<\/strong> justice fiscale, incitation \u00e0 l\u2019investissement et au travail, \u00c9tat moderne<\/li>\n<\/ul>\n\n\n\n<p class=\"wp-block-paragraph\"><em>\u00ab Redresser la Belgique, c\u2019est juste : taxer la rente, lib\u00e9rer le travail, moderniser l\u2019\u00c9tat. Avec le <mark style=\"background-color:rgba(0, 0, 0, 0);color:#ff6900\" class=\"has-inline-color\">MDM<\/mark>, c\u2019est possible et cr\u00e9dible. \u00bb<\/em><\/p>\n\n\n\n<p class=\"wp-block-paragraph\"><\/p>\n","protected":false},"excerpt":{"rendered":"<p>\u00ab Justice fiscale, travail r\u00e9compens\u00e9, \u00c9tat efficace \u00bb Pilier 1 \u2013 Taxer la rente, pas le travail Principe :La Belgique doit arr\u00eater de p\u00e9naliser ceux qui travaillent et investir la fiscalit\u00e9 l\u00e0 o\u00f9 elle rapporte r\u00e9ellement : superprofits, multinationales, rentes dormantes. Mesures cl\u00e9s : Chiffres parlants : \u00ab Ces mesures peuvent rapporter plus de 6,5 [&hellip;]<\/p>\n","protected":false},"author":1,"featured_media":0,"comment_status":"open","ping_status":"open","sticky":false,"template":"","format":"standard","meta":{"_monsterinsights_skip_tracking":false,"_uf_show_specific_survey":0,"_uf_disable_surveys":false,"footnotes":""},"categories":[12,17],"tags":[],"class_list":["post-2391","post","type-post","status-publish","format-standard","hentry","category-finances-publiques","category-fiscalite"],"_links":{"self":[{"href":"https:\/\/droitemoderniste.be\/index.php\/wp-json\/wp\/v2\/posts\/2391","targetHints":{"allow":["GET"]}}],"collection":[{"href":"https:\/\/droitemoderniste.be\/index.php\/wp-json\/wp\/v2\/posts"}],"about":[{"href":"https:\/\/droitemoderniste.be\/index.php\/wp-json\/wp\/v2\/types\/post"}],"author":[{"embeddable":true,"href":"https:\/\/droitemoderniste.be\/index.php\/wp-json\/wp\/v2\/users\/1"}],"replies":[{"embeddable":true,"href":"https:\/\/droitemoderniste.be\/index.php\/wp-json\/wp\/v2\/comments?post=2391"}],"version-history":[{"count":1,"href":"https:\/\/droitemoderniste.be\/index.php\/wp-json\/wp\/v2\/posts\/2391\/revisions"}],"predecessor-version":[{"id":2393,"href":"https:\/\/droitemoderniste.be\/index.php\/wp-json\/wp\/v2\/posts\/2391\/revisions\/2393"}],"wp:attachment":[{"href":"https:\/\/droitemoderniste.be\/index.php\/wp-json\/wp\/v2\/media?parent=2391"}],"wp:term":[{"taxonomy":"category","embeddable":true,"href":"https:\/\/droitemoderniste.be\/index.php\/wp-json\/wp\/v2\/categories?post=2391"},{"taxonomy":"post_tag","embeddable":true,"href":"https:\/\/droitemoderniste.be\/index.php\/wp-json\/wp\/v2\/tags?post=2391"}],"curies":[{"name":"wp","href":"https:\/\/api.w.org\/{rel}","templated":true}]}}