{"id":2388,"date":"2025-12-26T12:42:40","date_gmt":"2025-12-26T11:42:40","guid":{"rendered":"https:\/\/droitemoderniste.be\/?p=2388"},"modified":"2025-12-26T12:42:40","modified_gmt":"2025-12-26T11:42:40","slug":"pour-les-decus-du-parti-les-engages","status":"publish","type":"post","link":"https:\/\/droitemoderniste.be\/index.php\/2025\/12\/26\/pour-les-decus-du-parti-les-engages\/","title":{"rendered":"\u00ab\u00a0Pour les d\u00e9\u00e7us du parti Les Engag\u00e9s\u00a0\u00bb"},"content":{"rendered":"\n<figure class=\"wp-block-image size-full\"><img loading=\"lazy\" decoding=\"async\" width=\"259\" height=\"194\" src=\"https:\/\/droitemoderniste.be\/wp-content\/uploads\/2025\/12\/ashamed-4.jpg\" alt=\"\" class=\"wp-image-2389\"\/><\/figure>\n\n\n\n<p class=\"wp-block-paragraph\">Vous avez cru aux promesses des Engag\u00e9s.<br>Vous avez cru aux discours de modernit\u00e9.<br>Vous avez cru \u00e0 la r\u00e9forme.<\/p>\n\n\n\n<p class=\"wp-block-paragraph\">Et vous \u00eates d\u00e9\u00e7us.<\/p>\n\n\n\n<p class=\"wp-block-paragraph\">Vous n\u2019\u00eates pas seuls.<br>Vous avez vu les mots\u2026 et non les actes.<br>Vous avez vu les id\u00e9es se diluer\u2026<br>et le pays stagner.<\/p>\n\n\n\n<hr class=\"wp-block-separator has-alpha-channel-opacity\"\/>\n\n\n\n<p class=\"wp-block-paragraph\"><strong>Le <mark style=\"background-color:rgba(0, 0, 0, 0);color:#ff6900\" class=\"has-inline-color\">MDM<\/mark> est n\u00e9 pour changer \u00e7a.<\/strong><\/p>\n\n\n\n<p class=\"wp-block-paragraph\">Pas de demi-mesures.<br>Pas de compromis mous.<br>Pas de discours creux.<\/p>\n\n\n\n<p class=\"wp-block-paragraph\">Le <mark style=\"background-color:rgba(0, 0, 0, 0);color:#ff6900\" class=\"has-inline-color\">MDM<\/mark> tranche.<br>Le <mark style=\"background-color:rgba(0, 0, 0, 0);color:#ff6900\" class=\"has-inline-color\">MDM<\/mark> d\u00e9cide.<br>Le <mark style=\"background-color:rgba(0, 0, 0, 0);color:#ff6900\" class=\"has-inline-color\">MDM<\/mark> transforme.<\/p>\n\n\n\n<p class=\"wp-block-paragraph\">Nous voulons :<\/p>\n\n\n\n<ul class=\"wp-block-list\">\n<li>une \u00e9cole exigeante,<\/li>\n\n\n\n<li>une justice rapide et efficace,<\/li>\n\n\n\n<li>une \u00e9conomie ambitieuse mais encadr\u00e9e,<\/li>\n\n\n\n<li>une immigration coh\u00e9rente et humaine,<\/li>\n\n\n\n<li>une transition \u00e9cologique qui cr\u00e9e prosp\u00e9rit\u00e9 et innovation.<\/li>\n<\/ul>\n\n\n\n<hr class=\"wp-block-separator has-alpha-channel-opacity\"\/>\n\n\n\n<p class=\"wp-block-paragraph\"><strong>C\u2019est votre chance de retrouver vos convictions.<\/strong><\/p>\n\n\n\n<p class=\"wp-block-paragraph\">Si vous \u00eates fatigu\u00e9s d\u2019attendre que vos id\u00e9es se r\u00e9alisent\u2026<br>Si vous en avez assez des compromis qui n\u2019avancent pas le pays\u2026<br>Alors <strong>rejoignez le <mark style=\"background-color:rgba(0, 0, 0, 0);color:#ff6900\" class=\"has-inline-color\">MDM<\/mark><\/strong>.<\/p>\n\n\n\n<p class=\"wp-block-paragraph\">Retrouvez la droite qui agit.<br>Retrouvez la droite qui assume.<br>Retrouvez la droite moderne.<\/p>\n\n\n\n<p class=\"wp-block-paragraph\"><strong>Le <mark style=\"background-color:rgba(0, 0, 0, 0);color:#ff6900\" class=\"has-inline-color\">Mouvement Droite Moderniste<\/mark>.<br>L\u2019audace d\u2019une droite moderne.<\/strong><\/p>\n\n\n\n<p class=\"wp-block-paragraph\"><\/p>\n","protected":false},"excerpt":{"rendered":"<p>Vous avez cru aux promesses des Engag\u00e9s.Vous avez cru aux discours de modernit\u00e9.Vous avez cru \u00e0 la r\u00e9forme. Et vous \u00eates d\u00e9\u00e7us. Vous n\u2019\u00eates pas seuls.Vous avez vu les mots\u2026 et non les actes.Vous avez vu les id\u00e9es se diluer\u2026et le pays stagner. Le MDM est n\u00e9 pour changer \u00e7a. Pas de demi-mesures.Pas de compromis [&hellip;]<\/p>\n","protected":false},"author":1,"featured_media":0,"comment_status":"open","ping_status":"open","sticky":false,"template":"","format":"standard","meta":{"_monsterinsights_skip_tracking":false,"_uf_show_specific_survey":0,"_uf_disable_surveys":false,"footnotes":""},"categories":[42],"tags":[],"class_list":["post-2388","post","type-post","status-publish","format-standard","hentry","category-discours"],"_links":{"self":[{"href":"https:\/\/droitemoderniste.be\/index.php\/wp-json\/wp\/v2\/posts\/2388","targetHints":{"allow":["GET"]}}],"collection":[{"href":"https:\/\/droitemoderniste.be\/index.php\/wp-json\/wp\/v2\/posts"}],"about":[{"href":"https:\/\/droitemoderniste.be\/index.php\/wp-json\/wp\/v2\/types\/post"}],"author":[{"embeddable":true,"href":"https:\/\/droitemoderniste.be\/index.php\/wp-json\/wp\/v2\/users\/1"}],"replies":[{"embeddable":true,"href":"https:\/\/droitemoderniste.be\/index.php\/wp-json\/wp\/v2\/comments?post=2388"}],"version-history":[{"count":1,"href":"https:\/\/droitemoderniste.be\/index.php\/wp-json\/wp\/v2\/posts\/2388\/revisions"}],"predecessor-version":[{"id":2390,"href":"https:\/\/droitemoderniste.be\/index.php\/wp-json\/wp\/v2\/posts\/2388\/revisions\/2390"}],"wp:attachment":[{"href":"https:\/\/droitemoderniste.be\/index.php\/wp-json\/wp\/v2\/media?parent=2388"}],"wp:term":[{"taxonomy":"category","embeddable":true,"href":"https:\/\/droitemoderniste.be\/index.php\/wp-json\/wp\/v2\/categories?post=2388"},{"taxonomy":"post_tag","embeddable":true,"href":"https:\/\/droitemoderniste.be\/index.php\/wp-json\/wp\/v2\/tags?post=2388"}],"curies":[{"name":"wp","href":"https:\/\/api.w.org\/{rel}","templated":true}]}}