{"id":2385,"date":"2025-12-26T12:22:19","date_gmt":"2025-12-26T11:22:19","guid":{"rendered":"https:\/\/droitemoderniste.be\/?p=2385"},"modified":"2025-12-26T12:22:19","modified_gmt":"2025-12-26T11:22:19","slug":"difference-entre-liberalisme-social-progressiste-defi-et-social-liberalisme-moderniste-mdm","status":"publish","type":"post","link":"https:\/\/droitemoderniste.be\/index.php\/2025\/12\/26\/difference-entre-liberalisme-social-progressiste-defi-et-social-liberalisme-moderniste-mdm\/","title":{"rendered":"Diff\u00e9rence entre lib\u00e9ralisme social progressiste (D\u00e9FI) et social-lib\u00e9ralisme moderniste (MDM)"},"content":{"rendered":"\n<figure class=\"wp-block-image size-full\"><img loading=\"lazy\" decoding=\"async\" width=\"265\" height=\"199\" src=\"https:\/\/droitemoderniste.be\/wp-content\/uploads\/2025\/12\/dont-look-now-but-inflationary-pressures-are-building-in-japan.jpg\" alt=\"\" class=\"wp-image-2386\"\/><\/figure>\n\n\n\n<h5 class=\"wp-block-heading\"><strong>1. Vision g\u00e9n\u00e9rale de l\u2019\u00c9tat<\/strong><\/h5>\n\n\n\n<h6 class=\"wp-block-heading\"><strong>D\u00e9fi \u2013 Lib\u00e9ralisme social progressiste<\/strong><\/h6>\n\n\n\n<ul class=\"wp-block-list\">\n<li>L\u2019\u00c9tat est garant d\u2019un cadre social solide et protecteur.<\/li>\n\n\n\n<li>Le r\u00f4le public est important dans la redistribution, la lutte contre les in\u00e9galit\u00e9s et le financement des services publics.<\/li>\n\n\n\n<li>Approche r\u00e9formiste mais dans un cadre institutionnel assez classique.<\/li>\n<\/ul>\n\n\n\n<h6 class=\"wp-block-heading\"><strong><mark style=\"background-color:rgba(0, 0, 0, 0);color:#ff6900\" class=\"has-inline-color\">MDM<\/mark> \u2013 Social-lib\u00e9ralisme moderniste<\/strong><\/h6>\n\n\n\n<ul class=\"wp-block-list\">\n<li>L\u2019\u00c9tat est un <strong>arbitre modernisateur<\/strong>, pas un gestionnaire omnipr\u00e9sent.<\/li>\n\n\n\n<li>Vision d\u2019un \u00c9tat <strong>r\u00e9formateur, agile, strat\u00e9gique<\/strong>, qui investit dans l\u2019innovation sociale plut\u00f4t que dans l\u2019assistanat.<\/li>\n\n\n\n<li>Rejoint certains aspects du <em>dirigisme mod\u00e9r\u00e9<\/em> : \u00c9tat moteur mais non envahissant.<\/li>\n<\/ul>\n\n\n\n<hr class=\"wp-block-separator has-alpha-channel-opacity\"\/>\n\n\n\n<h5 class=\"wp-block-heading\"><strong>2. Rapport au progr\u00e8s social<\/strong><\/h5>\n\n\n\n<h6 class=\"wp-block-heading\"><strong>D\u00e9fi<\/strong><\/h6>\n\n\n\n<ul class=\"wp-block-list\">\n<li>Accent fort sur les <strong>droits individuels<\/strong>, les libert\u00e9s civiles et l\u2019\u00e9galit\u00e9 des chances.<\/li>\n\n\n\n<li>Approche progressiste classique : inclusion, diversit\u00e9, la\u00efcit\u00e9 stricte, lutte contre les discriminations.<\/li>\n\n\n\n<li>Vision sociale proche du centre-gauche lib\u00e9ral.<\/li>\n<\/ul>\n\n\n\n<h6 class=\"wp-block-heading\"><strong><mark style=\"background-color:rgba(0, 0, 0, 0);color:#ff6900\" class=\"has-inline-color\">MDM<\/mark><\/strong><\/h6>\n\n\n\n<ul class=\"wp-block-list\">\n<li>Progr\u00e8s social int\u00e9gr\u00e9 \u00e0 une philosophie <strong>moderniste et personnaliste<\/strong> :<ul><li>autonomie, m\u00e9rite, responsabilit\u00e9 individuelle ;<\/li><\/ul>\n<ul class=\"wp-block-list\">\n<li>mais aussi bien-\u00eatre, \u00e9panouissement, dignit\u00e9 humaine.<\/li>\n<\/ul>\n<\/li>\n\n\n\n<li>Le <mark style=\"background-color:rgba(0, 0, 0, 0);color:#ff6900\" class=\"has-inline-color\">MDM<\/mark> vise un progr\u00e8s <strong>pragmatique<\/strong>, non id\u00e9ologique, souvent <strong>centr\u00e9 sur les r\u00e9sultats mesurables<\/strong> plut\u00f4t que sur les symboles.<\/li>\n<\/ul>\n\n\n\n<hr class=\"wp-block-separator has-alpha-channel-opacity\"\/>\n\n\n\n<h5 class=\"wp-block-heading\"><strong>3. Approche de la justice sociale<\/strong><\/h5>\n\n\n\n<h6 class=\"wp-block-heading\"><strong>D\u00e9fi<\/strong><\/h6>\n\n\n\n<ul class=\"wp-block-list\">\n<li>Redistribution via outils classiques : allocations renforc\u00e9es, services publics, fiscalit\u00e9 plus juste.<\/li>\n\n\n\n<li>Lutte contre la pauvret\u00e9 via l\u2019action publique traditionnelle.<\/li>\n<\/ul>\n\n\n\n<h6 class=\"wp-block-heading\"><strong><mark style=\"background-color:rgba(0, 0, 0, 0);color:#ff6900\" class=\"has-inline-color\">MDM<\/mark><\/strong><\/h6>\n\n\n\n<ul class=\"wp-block-list\">\n<li>Justice sociale \u00ab modernis\u00e9e \u00bb :<ul><li>valorisation du travail,<\/li><\/ul><ul><li>lutte contre les pi\u00e8ges institutionnels,<\/li><\/ul><ul><li>focus sur les <strong>ascenseurs sociaux<\/strong>,<\/li><\/ul>\n<ul class=\"wp-block-list\">\n<li>investissements dans la formation, l\u2019innovation \u00e9ducative, l\u2019apprentissage tout au long de la vie.<\/li>\n<\/ul>\n<\/li>\n\n\n\n<li>Moins de redistribution passive, plus de <strong>capacitation<\/strong> (empowerment).<\/li>\n<\/ul>\n\n\n\n<hr class=\"wp-block-separator has-alpha-channel-opacity\"\/>\n\n\n\n<h5 class=\"wp-block-heading\"><strong>4. Rapport \u00e0 l\u2019\u00e9conomie et au march\u00e9<\/strong><\/h5>\n\n\n\n<h6 class=\"wp-block-heading\"><strong>D\u00e9fi<\/strong><\/h6>\n\n\n\n<ul class=\"wp-block-list\">\n<li>Lib\u00e9ralisme \u00e9conomique temp\u00e9r\u00e9 : soutien aux PME, innovation, concurrence saine.<\/li>\n\n\n\n<li>D\u00e9fense d\u2019un march\u00e9 r\u00e9gul\u00e9 qui cr\u00e9e de l\u2019emploi mais avec forte dimension sociale.<\/li>\n<\/ul>\n\n\n\n<h6 class=\"wp-block-heading\"><strong><mark style=\"background-color:rgba(0, 0, 0, 0);color:#ff6900\" class=\"has-inline-color\">MDM<\/mark><\/strong><\/h6>\n\n\n\n<ul class=\"wp-block-list\">\n<li>Lib\u00e9ralisme plus dynamique et orient\u00e9 vers la comp\u00e9titivit\u00e9 :<ul><li>r\u00e9duction intelligente des charges sur le travail,<\/li><\/ul><ul><li>soutien \u00e0 l\u2019entrepreneuriat belge,<\/li><\/ul><ul><li>innovation technologique,<\/li><\/ul>\n<ul class=\"wp-block-list\">\n<li>politique industrielle moderniste (compatible avec le protectionnisme raisonn\u00e9 du <mark style=\"background-color:rgba(0, 0, 0, 0);color:#ff6900\" class=\"has-inline-color\">MDM<\/mark>).<\/li>\n<\/ul>\n<\/li>\n\n\n\n<li>Le mod\u00e8le est plus <strong>entrepreneurial<\/strong>, moins centr\u00e9 sur une r\u00e9gulation lourde.<\/li>\n<\/ul>\n\n\n\n<hr class=\"wp-block-separator has-alpha-channel-opacity\"\/>\n\n\n\n<h5 class=\"wp-block-heading\"><strong>5. Identit\u00e9 politique et philosophie sociale<\/strong><\/h5>\n\n\n\n<h6 class=\"wp-block-heading\"><strong>D\u00e9fi<\/strong><\/h6>\n\n\n\n<ul class=\"wp-block-list\">\n<li>Parti lib\u00e9ral progressiste centr\u00e9 sur les droits, la d\u00e9mocratie et la lutte contre les in\u00e9galit\u00e9s.<\/li>\n\n\n\n<li>Vision sociale proche des lib\u00e9raux-humanistes.<\/li>\n<\/ul>\n\n\n\n<h6 class=\"wp-block-heading\"><strong><mark style=\"background-color:rgba(0, 0, 0, 0);color:#ff6900\" class=\"has-inline-color\">MDM<\/mark><\/strong><\/h6>\n\n\n\n<ul class=\"wp-block-list\">\n<li>Projet plus philosophique :<ul><li>modernisme soci\u00e9tal,<\/li><\/ul><ul><li>patriotisme civique,<\/li><\/ul><ul><li>spiritualisme la\u00efc,<\/li><\/ul><ul><li>sybaritisme \u00e9thique (qualit\u00e9 de vie, \u00e9panouissement),<\/li><\/ul><ul><li>justicialisme (justice sociale),<\/li><\/ul>\n<ul class=\"wp-block-list\">\n<li>environnementalisme optimiste.<\/li>\n<\/ul>\n<\/li>\n\n\n\n<li>Le social-lib\u00e9ralisme du <mark style=\"background-color:rgba(0, 0, 0, 0);color:#ff6900\" class=\"has-inline-color\">MDM<\/mark> fait partie d\u2019un <strong>corpus id\u00e9ologique large<\/strong>, plus identitaire, plus ancr\u00e9 dans une vision civilisationnelle moderne.<\/li>\n<\/ul>\n\n\n\n<hr class=\"wp-block-separator has-alpha-channel-opacity\"\/>\n\n\n\n<h6 class=\"wp-block-heading\"><strong>En r\u00e9sum\u00e9<\/strong><\/h6>\n\n\n\n<h6 class=\"wp-block-heading\"><strong>D\u00e9fi = lib\u00e9ralisme social progressiste<\/strong><\/h6>\n\n\n\n<ul class=\"wp-block-list\">\n<li>Redistribution + droits + inclusion.<\/li>\n\n\n\n<li>\u00c9tat social classique modernis\u00e9.<\/li>\n\n\n\n<li>Progressisme lib\u00e9ral du centre.<\/li>\n<\/ul>\n\n\n\n<h6 class=\"wp-block-heading\"><strong><mark style=\"background-color:rgba(0, 0, 0, 0);color:#ff6900\" class=\"has-inline-color\">MDM<\/mark> = social-lib\u00e9ralisme moderniste<\/strong><\/h6>\n\n\n\n<ul class=\"wp-block-list\">\n<li>\u00c9tat strat\u00e9gique + innovation sociale + responsabilit\u00e9 individuelle.<\/li>\n\n\n\n<li>Modernisme, justice sociale active, \u00e9l\u00e9vation personnelle.<\/li>\n\n\n\n<li>Vision plus philosophique, plus \u00ab n\u00e9o-communautaire \u00bb, plus ax\u00e9e sur l\u2019efficacit\u00e9 et la coh\u00e9sion.<\/li>\n<\/ul>\n","protected":false},"excerpt":{"rendered":"<p>1. Vision g\u00e9n\u00e9rale de l\u2019\u00c9tat D\u00e9fi \u2013 Lib\u00e9ralisme social progressiste MDM \u2013 Social-lib\u00e9ralisme moderniste 2. Rapport au progr\u00e8s social D\u00e9fi MDM 3. Approche de la justice sociale D\u00e9fi MDM 4. Rapport \u00e0 l\u2019\u00e9conomie et au march\u00e9 D\u00e9fi MDM 5. Identit\u00e9 politique et philosophie sociale D\u00e9fi MDM En r\u00e9sum\u00e9 D\u00e9fi = lib\u00e9ralisme social progressiste MDM = [&hellip;]<\/p>\n","protected":false},"author":1,"featured_media":0,"comment_status":"open","ping_status":"open","sticky":false,"template":"","format":"standard","meta":{"_monsterinsights_skip_tracking":false,"_uf_show_specific_survey":0,"_uf_disable_surveys":false,"footnotes":""},"categories":[51],"tags":[],"class_list":["post-2385","post","type-post","status-publish","format-standard","hentry","category-social-liberalisme-moderniste"],"_links":{"self":[{"href":"https:\/\/droitemoderniste.be\/index.php\/wp-json\/wp\/v2\/posts\/2385","targetHints":{"allow":["GET"]}}],"collection":[{"href":"https:\/\/droitemoderniste.be\/index.php\/wp-json\/wp\/v2\/posts"}],"about":[{"href":"https:\/\/droitemoderniste.be\/index.php\/wp-json\/wp\/v2\/types\/post"}],"author":[{"embeddable":true,"href":"https:\/\/droitemoderniste.be\/index.php\/wp-json\/wp\/v2\/users\/1"}],"replies":[{"embeddable":true,"href":"https:\/\/droitemoderniste.be\/index.php\/wp-json\/wp\/v2\/comments?post=2385"}],"version-history":[{"count":1,"href":"https:\/\/droitemoderniste.be\/index.php\/wp-json\/wp\/v2\/posts\/2385\/revisions"}],"predecessor-version":[{"id":2387,"href":"https:\/\/droitemoderniste.be\/index.php\/wp-json\/wp\/v2\/posts\/2385\/revisions\/2387"}],"wp:attachment":[{"href":"https:\/\/droitemoderniste.be\/index.php\/wp-json\/wp\/v2\/media?parent=2385"}],"wp:term":[{"taxonomy":"category","embeddable":true,"href":"https:\/\/droitemoderniste.be\/index.php\/wp-json\/wp\/v2\/categories?post=2385"},{"taxonomy":"post_tag","embeddable":true,"href":"https:\/\/droitemoderniste.be\/index.php\/wp-json\/wp\/v2\/tags?post=2385"}],"curies":[{"name":"wp","href":"https:\/\/api.w.org\/{rel}","templated":true}]}}