{"id":2378,"date":"2025-12-26T11:10:27","date_gmt":"2025-12-26T10:10:27","guid":{"rendered":"https:\/\/droitemoderniste.be\/?p=2378"},"modified":"2025-12-26T11:11:30","modified_gmt":"2025-12-26T10:11:30","slug":"comparaison-des-paquets-fiscaux-concernant-le-deficit-public","status":"publish","type":"post","link":"https:\/\/droitemoderniste.be\/index.php\/2025\/12\/26\/comparaison-des-paquets-fiscaux-concernant-le-deficit-public\/","title":{"rendered":"Comparaison des paquets fiscaux sur la question du d\u00e9ficit public"},"content":{"rendered":"\n<figure class=\"wp-block-image size-full\"><img loading=\"lazy\" decoding=\"async\" width=\"275\" height=\"183\" src=\"https:\/\/droitemoderniste.be\/wp-content\/uploads\/2025\/12\/scenario-capitalistique.jpg\" alt=\"\" class=\"wp-image-2379\"\/><\/figure>\n\n\n\n<h5 class=\"wp-block-heading\"><mark style=\"background-color:rgba(0, 0, 0, 0);color:#ff6900\" class=\"has-inline-color\">MDM<\/mark> vs PS vs MR vs \u00c9colo<\/h5>\n\n\n\n<hr class=\"wp-block-separator has-alpha-channel-opacity\"\/>\n\n\n\n<h5 class=\"wp-block-heading\">PHILOSOPHIE G\u00c9N\u00c9RALE<\/h5>\n\n\n\n<figure class=\"wp-block-table\"><table class=\"has-fixed-layout\"><thead><tr><td><strong>Parti<\/strong><strong><\/strong><\/td><td><strong>Logique dominante<\/strong><strong><\/strong><\/td><\/tr><\/thead><tbody><tr><td><strong><mark style=\"background-color:rgba(0, 0, 0, 0);color:#ff6900\" class=\"has-inline-color\">MDM<\/mark><\/strong><\/td><td>Justice fiscale cibl\u00e9e + efficacit\u00e9 \u00e9conomique + souverainisme<\/td><\/tr><tr><td><strong>PS<\/strong><\/td><td>Redistribution par hausse de la pression fiscale<\/td><\/tr><tr><td><strong>MR<\/strong><\/td><td>All\u00e8gement fiscal + pari sur la croissance<\/td><\/tr><tr><td><strong>\u00c9colo<\/strong><\/td><td>Fiscalit\u00e9 comportementale et \u00e9cologique<\/td><\/tr><\/tbody><\/table><\/figure>\n\n\n\n<hr class=\"wp-block-separator has-alpha-channel-opacity\"\/>\n\n\n\n<h5 class=\"wp-block-heading\">1. OBJECTIF D\u00c9FICIT<\/h5>\n\n\n\n<figure class=\"wp-block-table\"><table class=\"has-fixed-layout\"><thead><tr><td><strong>Parti<\/strong><strong><\/strong><\/td><td><strong>R\u00e9duction du d\u00e9ficit<\/strong><strong><\/strong><\/td><\/tr><\/thead><tbody><tr><td><strong><mark style=\"background-color:rgba(0, 0, 0, 0);color:#ff6900\" class=\"has-inline-color\">MDM<\/mark><\/strong><\/td><td>Oui, objectif central explicite<\/td><\/tr><tr><td><strong>PS<\/strong><\/td><td>Secondaire (priorit\u00e9 au social)<\/td><\/tr><tr><td><strong>MR<\/strong><\/td><td>Indirecte via croissance<\/td><\/tr><tr><td><strong>\u00c9colo<\/strong><\/td><td>Subordonn\u00e9e \u00e0 la transition \u00e9cologique<\/td><\/tr><\/tbody><\/table><\/figure>\n\n\n\n<p class=\"wp-block-paragraph\"><strong>Avantage <mark style=\"background-color:rgba(0, 0, 0, 0);color:#ff6900\" class=\"has-inline-color\">MDM<\/mark><\/strong> : seul paquet con\u00e7u <strong>d\u00e8s le d\u00e9part<\/strong> pour r\u00e9duire le d\u00e9ficit.<\/p>\n\n\n\n<hr class=\"wp-block-separator has-alpha-channel-opacity\"\/>\n\n\n\n<h5 class=\"wp-block-heading\">2. IMP\u00d4TS SUR LE TRAVAIL<\/h5>\n\n\n\n<figure class=\"wp-block-table\"><table class=\"has-fixed-layout\"><thead><tr><td><strong>Parti<\/strong><strong><\/strong><\/td><td><strong>Impact sur classes moyennes actives<\/strong><strong><\/strong><\/td><\/tr><\/thead><tbody><tr><td><strong><mark style=\"background-color:rgba(0, 0, 0, 0);color:#ff6900\" class=\"has-inline-color\">MDM<\/mark><\/strong><\/td><td>Protection + r\u00e9\u00e9quilibrage travail\/rente<\/td><\/tr><tr><td><strong>PS<\/strong><\/td><td>Hausse indirecte (progressivit\u00e9 accrue)<\/td><\/tr><tr><td><strong>MR<\/strong><\/td><td>Baisse, mais non compens\u00e9e<\/td><\/tr><tr><td><strong>\u00c9colo<\/strong><\/td><td>Hausse via fiscalit\u00e9 verte<\/td><\/tr><\/tbody><\/table><\/figure>\n\n\n\n<p class=\"wp-block-paragraph\"><strong><mark style=\"background-color:rgba(0, 0, 0, 0);color:#ff6900\" class=\"has-inline-color\">MDM<\/mark><\/strong> : meilleur \u00e9quilibre <strong>acceptabilit\u00e9 \/ rendement<\/strong>.<\/p>\n\n\n\n<hr class=\"wp-block-separator has-alpha-channel-opacity\"\/>\n\n\n\n<h5 class=\"wp-block-heading\">3. GRANDES ENTREPRISES &amp; MULTINATIONALES<\/h5>\n\n\n\n<figure class=\"wp-block-table\"><table class=\"has-fixed-layout\"><thead><tr><td><strong>Parti<\/strong><strong><\/strong><\/td><td><strong>Approche<\/strong><strong><\/strong><\/td><\/tr><\/thead><tbody><tr><td><strong><mark style=\"background-color:rgba(0, 0, 0, 0);color:#ff6900\" class=\"has-inline-color\">MDM<\/mark><\/strong><\/td><td>Imp\u00f4t minimum effectif + anti-optimisation<\/td><\/tr><tr><td><strong>PS<\/strong><\/td><td>Hausse taux nominaux<\/td><\/tr><tr><td><strong>MR<\/strong><\/td><td>Stabilit\u00e9 \/ attractivit\u00e9<\/td><\/tr><tr><td><strong>\u00c9colo<\/strong><\/td><td>Taxation punitive sectorielle<\/td><\/tr><\/tbody><\/table><\/figure>\n\n\n\n<p class=\"wp-block-paragraph\"><strong><mark style=\"background-color:rgba(0, 0, 0, 0);color:#ff6900\" class=\"has-inline-color\">MDM<\/mark><\/strong> : cible l\u2019optimisation <strong>sans nuire \u00e0 l\u2019investissement<\/strong>.<\/p>\n\n\n\n<hr class=\"wp-block-separator has-alpha-channel-opacity\"\/>\n\n\n\n<h5 class=\"wp-block-heading\">4. SUPERPROFITS<\/h5>\n\n\n\n<figure class=\"wp-block-table\"><table class=\"has-fixed-layout\"><thead><tr><td><strong>Parti<\/strong><strong><\/strong><\/td><td><strong>Position<\/strong><strong><\/strong><\/td><\/tr><\/thead><tbody><tr><td><strong><mark style=\"background-color:rgba(0, 0, 0, 0);color:#ff6900\" class=\"has-inline-color\">MDM<\/mark><\/strong><\/td><td>Taxe temporaire conditionn\u00e9e au r\u00e9investissement<\/td><\/tr><tr><td><strong>PS<\/strong><\/td><td>Taxe durable \u00e9lev\u00e9e<\/td><\/tr><tr><td><strong>MR<\/strong><\/td><td>Hostile<\/td><\/tr><tr><td><strong>\u00c9colo<\/strong><\/td><td>Tr\u00e8s favorable<\/td><\/tr><\/tbody><\/table><\/figure>\n\n\n\n<p class=\"wp-block-paragraph\"><strong><mark style=\"background-color:rgba(0, 0, 0, 0);color:#ff6900\" class=\"has-inline-color\">MDM<\/mark><\/strong> : seule approche <strong>\u00e9conomiquement conditionnelle<\/strong>.<\/p>\n\n\n\n<hr class=\"wp-block-separator has-alpha-channel-opacity\"\/>\n\n\n\n<h5 class=\"wp-block-heading\">5. TVA &amp; CONSOMMATION<\/h5>\n\n\n\n<figure class=\"wp-block-table\"><table class=\"has-fixed-layout\"><thead><tr><td><strong>Parti<\/strong><strong><\/strong><\/td><td><strong>Strat\u00e9gie<\/strong><strong><\/strong><\/td><\/tr><\/thead><tbody><tr><td><strong><mark style=\"background-color:rgba(0, 0, 0, 0);color:#ff6900\" class=\"has-inline-color\">MDM<\/mark><\/strong><\/td><td>TVA diff\u00e9renci\u00e9e incitative<\/td><\/tr><tr><td><strong>PS<\/strong><\/td><td>TVA peu utilis\u00e9e<\/td><\/tr><tr><td><strong>MR<\/strong><\/td><td>TVA stable<\/td><\/tr><tr><td><strong>\u00c9colo<\/strong><\/td><td>TVA punitive verte<\/td><\/tr><\/tbody><\/table><\/figure>\n\n\n\n<p class=\"wp-block-paragraph\"><strong><mark style=\"background-color:rgba(0, 0, 0, 0);color:#ff6900\" class=\"has-inline-color\">MDM<\/mark><\/strong> : incitation <strong>positive<\/strong>, pas punitive.<\/p>\n\n\n\n<hr class=\"wp-block-separator has-alpha-channel-opacity\"\/>\n\n\n\n<h5 class=\"wp-block-heading\">6. IMMOBILIER<\/h5>\n\n\n\n<figure class=\"wp-block-table\"><table class=\"has-fixed-layout\"><thead><tr><td><strong>Parti<\/strong><strong><\/strong><\/td><td><strong>Mesure principale<\/strong><strong><\/strong><\/td><\/tr><\/thead><tbody><tr><td><strong><mark style=\"background-color:rgba(0, 0, 0, 0);color:#ff6900\" class=\"has-inline-color\">MDM<\/mark><\/strong><\/td><td>Anti-sp\u00e9culation cibl\u00e9e<\/td><\/tr><tr><td><strong>PS<\/strong><\/td><td>Taxation patrimoniale large<\/td><\/tr><tr><td><strong>MR<\/strong><\/td><td>Peu de mesures<\/td><\/tr><tr><td><strong>\u00c9colo<\/strong><\/td><td>Forte taxation logement \u00e9nergivore<\/td><\/tr><\/tbody><\/table><\/figure>\n\n\n\n<p class=\"wp-block-paragraph\"><mark style=\"background-color:rgba(0, 0, 0, 0);color:#ff6900\" class=\"has-inline-color\"><strong>MDM<\/strong> <\/mark>: prot\u00e8ge propri\u00e9taires occupants.<\/p>\n\n\n\n<hr class=\"wp-block-separator has-alpha-channel-opacity\"\/>\n\n\n\n<h5 class=\"wp-block-heading\">7. SUCCESSIONS<\/h5>\n\n\n\n<figure class=\"wp-block-table\"><table class=\"has-fixed-layout\"><thead><tr><td><strong>Parti<\/strong><strong><\/strong><\/td><td><strong>Orientation<\/strong><strong><\/strong><\/td><\/tr><\/thead><tbody><tr><td><strong><mark style=\"background-color:rgba(0, 0, 0, 0);color:#ff6900\" class=\"has-inline-color\">MDM<\/mark><\/strong><\/td><td>All\u00e9ger transmission, taxer rente dormante<\/td><\/tr><tr><td><strong>PS<\/strong><\/td><td>Hausse g\u00e9n\u00e9rale<\/td><\/tr><tr><td><strong>MR<\/strong><\/td><td>All\u00e8gement large<\/td><\/tr><tr><td><strong>\u00c9colo<\/strong><\/td><td>Hausse progressive<\/td><\/tr><\/tbody><\/table><\/figure>\n\n\n\n<p class=\"wp-block-paragraph\"><strong><mark style=\"background-color:rgba(0, 0, 0, 0);color:#ff6900\" class=\"has-inline-color\">MDM<\/mark><\/strong> : compromis <strong>m\u00e9rite \/ enracinement<\/strong>.<\/p>\n\n\n\n<hr class=\"wp-block-separator has-alpha-channel-opacity\"\/>\n\n\n\n<h5 class=\"wp-block-heading\">8. FISCALIT\u00c9 Environnementale<\/h5>\n\n\n\n<figure class=\"wp-block-table\"><table class=\"has-fixed-layout\"><thead><tr><td><strong>Parti<\/strong><strong><\/strong><\/td><td><strong>Approche<\/strong><strong><\/strong><\/td><\/tr><\/thead><tbody><tr><td><strong><mark style=\"background-color:rgba(0, 0, 0, 0);color:#ff6900\" class=\"has-inline-color\">MDM<\/mark><\/strong><\/td><td>Environnementalisme incitatif + productif<\/td><\/tr><tr><td><strong>PS<\/strong><\/td><td>Compensation sociale<\/td><\/tr><tr><td><strong>MR<\/strong><\/td><td>Prudente<\/td><\/tr><tr><td><strong>\u00c9colo<\/strong><\/td><td>Punitive et rapide<\/td><\/tr><\/tbody><\/table><\/figure>\n\n\n\n<p class=\"wp-block-paragraph\"><strong><mark style=\"background-color:rgba(0, 0, 0, 0);color:#ff6900\" class=\"has-inline-color\">MDM<\/mark><\/strong> : environnementalisme <strong>\u00e9conomiquement soutenable<\/strong>.<\/p>\n\n\n\n<hr class=\"wp-block-separator has-alpha-channel-opacity\"\/>\n\n\n\n<h5 class=\"wp-block-heading\">9. FRAUDE FISCALE<\/h5>\n\n\n\n<figure class=\"wp-block-table\"><table class=\"has-fixed-layout\"><thead><tr><td><strong>Parti<\/strong><strong><\/strong><\/td><td><strong>Ambition r\u00e9elle<\/strong><strong><\/strong><\/td><\/tr><\/thead><tbody><tr><td><strong><mark style=\"background-color:rgba(0, 0, 0, 0);color:#ff6900\" class=\"has-inline-color\">MDM<\/mark><\/strong><\/td><td>IA + ciblage grandes fraudes<\/td><\/tr><tr><td><strong>PS<\/strong><\/td><td>Discours fort, moyens limit\u00e9s<\/td><\/tr><tr><td><strong>MR<\/strong><\/td><td>Secondaire<\/td><\/tr><tr><td><strong>\u00c9colo<\/strong><\/td><td>Forte priorit\u00e9<\/td><\/tr><\/tbody><\/table><\/figure>\n\n\n\n<p class=\"wp-block-paragraph\"><strong><mark style=\"background-color:rgba(0, 0, 0, 0);color:#ff6900\" class=\"has-inline-color\">MDM<\/mark><\/strong> : <strong>meilleur rendement prouv\u00e9<\/strong>.<\/p>\n\n\n\n<hr class=\"wp-block-separator has-alpha-channel-opacity\"\/>\n\n\n\n<h5 class=\"wp-block-heading\">IMPACT BUDG\u00c9TAIRE GLOBAL (ESTIMATION)<\/h5>\n\n\n\n<figure class=\"wp-block-table\"><table class=\"has-fixed-layout\"><thead><tr><td><strong>Parti<\/strong><strong><\/strong><\/td><td><strong>Effet net sur d\u00e9ficit<\/strong><strong><\/strong><\/td><\/tr><\/thead><tbody><tr><td><strong><mark style=\"background-color:rgba(0, 0, 0, 0);color:#ff6900\" class=\"has-inline-color\">MDM<\/mark><\/strong><\/td><td><strong>\u20139 \u00e0 \u201312 milliards \u20ac\/an<\/strong><\/td><\/tr><tr><td><strong>PS<\/strong><\/td><td>\u20133 \u00e0 \u20135 milliards \u20ac\/an<\/td><\/tr><tr><td><strong>MR<\/strong><\/td><td>Incertain \/ neutre<\/td><\/tr><tr><td><strong>\u00c9colo<\/strong><\/td><td>\u20132 \u00e0 \u20134 milliards \u20ac\/an<\/td><\/tr><\/tbody><\/table><\/figure>\n\n\n\n<hr class=\"wp-block-separator has-alpha-channel-opacity\"\/>\n\n\n\n<h5 class=\"wp-block-heading\">LECTURE MACRO\u00c9CONOMIQUE<\/h5>\n\n\n\n<figure class=\"wp-block-table\"><table class=\"has-fixed-layout\"><thead><tr><td><strong>Crit\u00e8re<\/strong><strong><\/strong><\/td><td><strong><mark style=\"background-color:rgba(0, 0, 0, 0);color:#ff6900\" class=\"has-inline-color\">MDM<\/mark><\/strong><\/td><td><strong>PS<\/strong><strong><\/strong><\/td><td><strong>MR<\/strong><strong><\/strong><\/td><td><strong>\u00c9colo<\/strong><\/td><\/tr><\/thead><tbody><tr><td>Cr\u00e9dibilit\u00e9 budg\u00e9taire<\/td><td>\u2b50\u2b50\u2b50\u2b50\u2606<\/td><td>\u2b50\u2b50\u2606\u2606\u2606<\/td><td>\u2b50\u2b50\u2606\u2606\u2606<\/td><td>\u2b50\u2b50\u2606\u2606\u2606<\/td><\/tr><tr><td>Effet croissance<\/td><td>\u2b50\u2b50\u2b50\u2b50\u2606<\/td><td>\u2b50\u2b50\u2606\u2606\u2606<\/td><td>\u2b50\u2b50\u2b50\u2606\u2606<\/td><td>\u2b50\u2b50\u2606\u2606\u2606<\/td><\/tr><tr><td>Justice fiscale<\/td><td>\u2b50\u2b50\u2b50\u2b50\u2606<\/td><td>\u2b50\u2b50\u2b50\u2b50\u2606<\/td><td>\u2b50\u2b50\u2606\u2606\u2606<\/td><td>\u2b50\u2b50\u2b50\u2606\u2606<\/td><\/tr><tr><td>Acceptabilit\u00e9 sociale<\/td><td>\u2b50\u2b50\u2b50\u2b50\u2606<\/td><td>\u2b50\u2b50\u2b50\u2606\u2606<\/td><td>\u2b50\u2b50\u2b50\u2606\u2606<\/td><td>\u2b50\u2b50\u2606\u2606\u2606<\/td><\/tr><tr><td>Risque \u00e9conomique<\/td><td>Faible<\/td><td>Moyen<\/td><td>Moyen<\/td><td>\u00c9lev\u00e9<\/td><\/tr><\/tbody><\/table><\/figure>\n\n\n\n<hr class=\"wp-block-separator has-alpha-channel-opacity\"\/>\n\n\n\n<h5 class=\"wp-block-heading\">CONCLUSION NEUTRE <\/h5>\n\n\n\n<p class=\"wp-block-paragraph\"><strong>Le paquet <mark style=\"background-color:rgba(0, 0, 0, 0);color:#ff6900\" class=\"has-inline-color\">MDM <\/mark>est le seul qui combine simultan\u00e9ment :<\/strong><br>\u2714 r\u00e9duction cr\u00e9dible du d\u00e9ficit<br>\u2714 protection des classes moyennes actives<br>\u2714 comp\u00e9titivit\u00e9 \u00e9conomique<br>\u2714 justice fiscale cibl\u00e9e<\/p>\n\n\n\n<p class=\"wp-block-paragraph\">PS privil\u00e9gie la redistribution, MR la croissance esp\u00e9r\u00e9e, \u00c9colo la transition comportementale.<br><strong><mark style=\"background-color:rgba(0, 0, 0, 0);color:#ff6900\" class=\"has-inline-color\">MDM<\/mark> privil\u00e9gie la soutenabilit\u00e9 de l\u2019\u00c9tat dans la dur\u00e9e.<\/strong><\/p>\n\n\n\n<p class=\"wp-block-paragraph\"><\/p>\n","protected":false},"excerpt":{"rendered":"<p>MDM vs PS vs MR vs \u00c9colo PHILOSOPHIE G\u00c9N\u00c9RALE Parti Logique dominante MDM Justice fiscale cibl\u00e9e + efficacit\u00e9 \u00e9conomique + souverainisme PS Redistribution par hausse de la pression fiscale MR All\u00e8gement fiscal + pari sur la croissance \u00c9colo Fiscalit\u00e9 comportementale et \u00e9cologique 1. OBJECTIF D\u00c9FICIT Parti R\u00e9duction du d\u00e9ficit MDM Oui, objectif central explicite PS [&hellip;]<\/p>\n","protected":false},"author":1,"featured_media":0,"comment_status":"open","ping_status":"open","sticky":false,"template":"","format":"standard","meta":{"_monsterinsights_skip_tracking":false,"_uf_show_specific_survey":0,"_uf_disable_surveys":false,"footnotes":""},"categories":[17],"tags":[],"class_list":["post-2378","post","type-post","status-publish","format-standard","hentry","category-fiscalite"],"_links":{"self":[{"href":"https:\/\/droitemoderniste.be\/index.php\/wp-json\/wp\/v2\/posts\/2378","targetHints":{"allow":["GET"]}}],"collection":[{"href":"https:\/\/droitemoderniste.be\/index.php\/wp-json\/wp\/v2\/posts"}],"about":[{"href":"https:\/\/droitemoderniste.be\/index.php\/wp-json\/wp\/v2\/types\/post"}],"author":[{"embeddable":true,"href":"https:\/\/droitemoderniste.be\/index.php\/wp-json\/wp\/v2\/users\/1"}],"replies":[{"embeddable":true,"href":"https:\/\/droitemoderniste.be\/index.php\/wp-json\/wp\/v2\/comments?post=2378"}],"version-history":[{"count":2,"href":"https:\/\/droitemoderniste.be\/index.php\/wp-json\/wp\/v2\/posts\/2378\/revisions"}],"predecessor-version":[{"id":2381,"href":"https:\/\/droitemoderniste.be\/index.php\/wp-json\/wp\/v2\/posts\/2378\/revisions\/2381"}],"wp:attachment":[{"href":"https:\/\/droitemoderniste.be\/index.php\/wp-json\/wp\/v2\/media?parent=2378"}],"wp:term":[{"taxonomy":"category","embeddable":true,"href":"https:\/\/droitemoderniste.be\/index.php\/wp-json\/wp\/v2\/categories?post=2378"},{"taxonomy":"post_tag","embeddable":true,"href":"https:\/\/droitemoderniste.be\/index.php\/wp-json\/wp\/v2\/tags?post=2378"}],"curies":[{"name":"wp","href":"https:\/\/api.w.org\/{rel}","templated":true}]}}