{"id":2374,"date":"2025-12-25T12:06:49","date_gmt":"2025-12-25T11:06:49","guid":{"rendered":"https:\/\/droitemoderniste.be\/?p=2374"},"modified":"2025-12-25T12:06:49","modified_gmt":"2025-12-25T11:06:49","slug":"notre-revolution-fiscale-une-troisieme-voie-pour-la-belgique","status":"publish","type":"post","link":"https:\/\/droitemoderniste.be\/index.php\/2025\/12\/25\/notre-revolution-fiscale-une-troisieme-voie-pour-la-belgique\/","title":{"rendered":"Notre \u00ab\u00a0r\u00e9volution fiscale\u00a0\u00bb: une troisi\u00e8me voie pour la Belgique"},"content":{"rendered":"\n<figure class=\"wp-block-image size-full\"><img loading=\"lazy\" decoding=\"async\" width=\"1024\" height=\"768\" src=\"https:\/\/droitemoderniste.be\/wp-content\/uploads\/2025\/12\/startup-financing.jpg\" alt=\"\" class=\"wp-image-2375\" srcset=\"https:\/\/droitemoderniste.be\/wp-content\/uploads\/2025\/12\/startup-financing.jpg 1024w, https:\/\/droitemoderniste.be\/wp-content\/uploads\/2025\/12\/startup-financing-300x225.jpg 300w, https:\/\/droitemoderniste.be\/wp-content\/uploads\/2025\/12\/startup-financing-768x576.jpg 768w\" sizes=\"auto, (max-width: 1024px) 100vw, 1024px\" \/><\/figure>\n\n\n\n<p class=\"wp-block-paragraph\">La \u00ab r\u00e9volution fiscale \u00bb du <mark style=\"background-color:rgba(0, 0, 0, 0);color:#ff6900\" class=\"has-inline-color\">MDM<\/mark> en Belgique implique une refonte d\u2019ensemble qui baisse fortement la pression sur le travail, r\u00e9oriente la taxation vers les rentes et les comportements non productifs, et transforme l\u2019imp\u00f4t en levier de m\u00e9rite, d\u2019innovation et de transition \u00e9cologique incitative.<\/p>\n\n\n\n<p class=\"wp-block-paragraph\">L\u2019id\u00e9e centrale est une troisi\u00e8me voie entre le statu quo belge (\u00c9tat lourd, fiscalit\u00e9 illisible) et le lib\u00e9ralisme anti-imp\u00f4ts, en combinant discipline budg\u00e9taire, simplification et ciblage sur le travail, l\u2019investissement productif et la transmission utile.<\/p>\n\n\n\n<p class=\"wp-block-paragraph\">\u200b<\/p>\n\n\n\n<h5 class=\"wp-block-heading\">Axes politiques structurants<\/h5>\n\n\n\n<ul class=\"wp-block-list\">\n<li><strong>Tripl\u00e9 \u201ctravailler, investir, transmettre\u201d<\/strong> comme matrice de la r\u00e9forme : prot\u00e9ger le revenu du travail, s\u00e9curiser et encourager l\u2019investissement productif, faciliter la transmission patrimoniale lorsqu\u2019elle est \u00e9conomiquement et socialement utile.<\/li>\n\n\n\n<li><strong>Trois principes explicites<\/strong> : justice (r\u00e9\u00e9quilibrage entre travail et capital, lutte contre l\u2019\u00e9vasion), productivit\u00e9 (imp\u00f4t pro-croissance, soutien \u00e0 l\u2019innovation) et clart\u00e9 (bar\u00e8mes simplifi\u00e9s, lisibilit\u00e9 pour le contribuable).<\/li>\n\n\n\n<li>Positionnement comme <strong>\u201ctroisi\u00e8me voie fiscale\u201d<\/strong> : ni r\u00e9duction pure et simple des imp\u00f4ts sans r\u00e9forme structurelle, ni redistribution d\u00e9connect\u00e9e de la cr\u00e9ation de valeur.<\/li>\n<\/ul>\n\n\n\n<h5 class=\"wp-block-heading\">R\u00e9volution sur l\u2019imp\u00f4t des personnes physiques<\/h5>\n\n\n\n<ul class=\"wp-block-list\">\n<li><strong>Baisse cibl\u00e9e de la fiscalit\u00e9 sur le travail<\/strong> pour les classes moyennes et les jeunes actifs : all\u00e8gement des bar\u00e8mes sur les premiers revenus professionnels, bouclier fiscal intelligent pour prot\u00e9ger le revenu du travail, et recentrage sur la progressivit\u00e9 r\u00e9elle plut\u00f4t que sur des taux faciaux tr\u00e8s \u00e9lev\u00e9s.<\/li>\n\n\n\n<li><strong>Justice fiscale renforc\u00e9e<\/strong> : plus grande transparence sur les revenus et patrimoines, dispositifs permanents de r\u00e9gularisation accompagn\u00e9s d\u2019un contr\u00f4le renforc\u00e9, et lutte contre la rente st\u00e9rile plut\u00f4t que contre l\u2019activit\u00e9 productive.<\/li>\n\n\n\n<li><strong>Lisibilit\u00e9 accrue<\/strong> : simplification de la structure, r\u00e9duction du nombre de niches, articulation claire entre ce qui est encourag\u00e9 (travail, investissement, formation, transition) et ce qui est moins favoris\u00e9 (rentes improductives).<\/li>\n<\/ul>\n\n\n\n<h5 class=\"wp-block-heading\">Fiscalit\u00e9 du capital, des entreprises et de la transmission<\/h5>\n\n\n\n<ul class=\"wp-block-list\">\n<li><strong>All\u00e8gement des imp\u00f4ts jug\u00e9s \u201canti\u2011productifs\u201d<\/strong> : suppression progressive ou forte r\u00e9duction des droits de succession excessifs, surtout lorsque la transmission concerne des entreprises familiales, des fermes ou des logements occup\u00e9s, ainsi que des taxes sur l\u2019\u00e9pargne ou les plus-values qui sont r\u00e9investies.<\/li>\n\n\n\n<li><strong>Imp\u00f4t au service de l\u2019innovation<\/strong> : cr\u00e9dit d\u2019imp\u00f4t innovation \u00e9tendu \u00e0 toutes les PME qui investissent en R&amp;D, neutralit\u00e9 ou avantage fiscal pour les brevets, technologies vertes et projets de relocalisation industrielle, incitants pour les b\u00e9n\u00e9fices r\u00e9investis en Belgique.<\/li>\n\n\n\n<li><strong>M\u00e9ritocratie patrimoniale<\/strong> : droits de succession r\u00e9duits pour les transmissions \u201cproductives\u201d (capital r\u00e9investi, entreprise maintenue, logement r\u00e9ellement occup\u00e9) et traitement moins favorable de la rente passive, afin de distinguer h\u00e9ritage reproducteur d\u2019activit\u00e9 et rente immobilis\u00e9e.<\/li>\n<\/ul>\n\n\n\n<h5 class=\"wp-block-heading\">Dimension En et sociale<\/h5>\n\n\n\n<ul class=\"wp-block-list\">\n<li><strong>Fiscalit\u00e9 environnementale incitative plut\u00f4t que punitive<\/strong> : r\u00e9ductions d\u2019imp\u00f4ts pour les m\u00e9nages qui adoptent des modes de vie durables, bonus fiscal pour les entreprises atteignant la neutralit\u00e9 carbone certifi\u00e9e, incitations locales pour la r\u00e9novation \u00e9nerg\u00e9tique, la reforestation et la d\u00e9pollution.<\/li>\n\n\n\n<li>\u00a0<strong>\u00c9cosophie plut\u00f4t qu\u2019\u00e9cologie punitive<\/strong> : l\u2019imp\u00f4t est pr\u00e9sent\u00e9 comme r\u00e9compense des comportements vertueux (\u00e9conomie d\u2019\u00e9nergie, mobilit\u00e9 propre, investissements verts) plut\u00f4t que comme sur\u2011taxation g\u00e9n\u00e9ralis\u00e9e de la consommation.<\/li>\n\n\n\n<li><strong>Responsabilit\u00e9 budg\u00e9taire<\/strong> : chaque baisse cibl\u00e9e (travail, investissement) est compens\u00e9e par une base plus large, la lutte contre l\u2019\u00e9vasion et la rationalisation de certaines d\u00e9penses, avec obligation d\u2019\u00e9valuation d\u2019impact \u00e9conomique des r\u00e9formes.<\/li>\n<\/ul>\n\n\n\n<h5 class=\"wp-block-heading\">En quoi est\u2011ce \u201cr\u00e9volutionnaire\u201d dans le contexte belge ?<\/h5>\n\n\n\n<ul class=\"wp-block-list\">\n<li>Rupture avec le mod\u00e8le actuel de <strong>forte pression sur le travail<\/strong> et taxation lacunaire de certaines rentes, en assumant une r\u00e9allocation explicite de la charge fiscale plut\u00f4t qu\u2019une simple baisse ou hausse globale.<\/li>\n\n\n\n<li>Volont\u00e9 d\u2019un <strong>cadre lisible, stable et pro\u2011investissement<\/strong> pour les PME et les familles, l\u00e0 o\u00f9 le syst\u00e8me belge se caract\u00e9rise par une grande complexit\u00e9, une instabilit\u00e9 des r\u00e8gles et une superposition de dispositifs peu coh\u00e9rents.<\/li>\n\n\n\n<li>Positionnement politique original : une droite qui <strong>\u201clib\u00e8re sans d\u00e9manteler, r\u00e9forme sans fragiliser\u201d<\/strong>, utilisant la fiscalit\u00e9 comme instrument de mobilit\u00e9 sociale et de transition \u00e9conomique plut\u00f4t que comme simple variable budg\u00e9taire.<\/li>\n<\/ul>\n","protected":false},"excerpt":{"rendered":"<p>La \u00ab r\u00e9volution fiscale \u00bb du MDM en Belgique implique une refonte d\u2019ensemble qui baisse fortement la pression sur le travail, r\u00e9oriente la taxation vers les rentes et les comportements non productifs, et transforme l\u2019imp\u00f4t en levier de m\u00e9rite, d\u2019innovation et de transition \u00e9cologique incitative. L\u2019id\u00e9e centrale est une troisi\u00e8me voie entre le statu quo [&hellip;]<\/p>\n","protected":false},"author":1,"featured_media":0,"comment_status":"open","ping_status":"open","sticky":false,"template":"","format":"standard","meta":{"_monsterinsights_skip_tracking":false,"_uf_show_specific_survey":0,"_uf_disable_surveys":false,"footnotes":""},"categories":[17],"tags":[],"class_list":["post-2374","post","type-post","status-publish","format-standard","hentry","category-fiscalite"],"_links":{"self":[{"href":"https:\/\/droitemoderniste.be\/index.php\/wp-json\/wp\/v2\/posts\/2374","targetHints":{"allow":["GET"]}}],"collection":[{"href":"https:\/\/droitemoderniste.be\/index.php\/wp-json\/wp\/v2\/posts"}],"about":[{"href":"https:\/\/droitemoderniste.be\/index.php\/wp-json\/wp\/v2\/types\/post"}],"author":[{"embeddable":true,"href":"https:\/\/droitemoderniste.be\/index.php\/wp-json\/wp\/v2\/users\/1"}],"replies":[{"embeddable":true,"href":"https:\/\/droitemoderniste.be\/index.php\/wp-json\/wp\/v2\/comments?post=2374"}],"version-history":[{"count":1,"href":"https:\/\/droitemoderniste.be\/index.php\/wp-json\/wp\/v2\/posts\/2374\/revisions"}],"predecessor-version":[{"id":2376,"href":"https:\/\/droitemoderniste.be\/index.php\/wp-json\/wp\/v2\/posts\/2374\/revisions\/2376"}],"wp:attachment":[{"href":"https:\/\/droitemoderniste.be\/index.php\/wp-json\/wp\/v2\/media?parent=2374"}],"wp:term":[{"taxonomy":"category","embeddable":true,"href":"https:\/\/droitemoderniste.be\/index.php\/wp-json\/wp\/v2\/categories?post=2374"},{"taxonomy":"post_tag","embeddable":true,"href":"https:\/\/droitemoderniste.be\/index.php\/wp-json\/wp\/v2\/tags?post=2374"}],"curies":[{"name":"wp","href":"https:\/\/api.w.org\/{rel}","templated":true}]}}