{"id":2371,"date":"2025-12-24T13:56:34","date_gmt":"2025-12-24T12:56:34","guid":{"rendered":"https:\/\/droitemoderniste.be\/?p=2371"},"modified":"2025-12-24T13:56:34","modified_gmt":"2025-12-24T12:56:34","slug":"definition-militante-du-modernisme-de-droite","status":"publish","type":"post","link":"https:\/\/droitemoderniste.be\/index.php\/2025\/12\/24\/definition-militante-du-modernisme-de-droite\/","title":{"rendered":"D\u00e9finition militante du Modernisme de Droite"},"content":{"rendered":"\n<figure class=\"wp-block-image size-full\"><img loading=\"lazy\" decoding=\"async\" width=\"300\" height=\"168\" src=\"https:\/\/droitemoderniste.be\/wp-content\/uploads\/2025\/12\/aigle.jpg\" alt=\"\" class=\"wp-image-2372\"\/><\/figure>\n\n\n\n<p class=\"wp-block-paragraph\">Le <strong>Modernisme de Droite<\/strong>, c\u2019est la conviction simple et forte que <strong>la Belgique m\u00e9rite mieux<\/strong> : mieux que l\u2019immobilisme, mieux que la r\u00e9signation, mieux que les extr\u00eames qui d\u00e9truisent plut\u00f4t qu\u2019ils ne construisent.<\/p>\n\n\n\n<p class=\"wp-block-paragraph\">Le Modernisme de Droite, c\u2019est dire haut et fort :<\/p>\n\n\n\n<h5 class=\"wp-block-heading\"><strong>Oui \u00e0 l\u2019innovation, non au chaos.<\/strong><\/h5>\n\n\n\n<p class=\"wp-block-paragraph\">Nous voulons un pays qui avance, pas un pays qui s\u2019excuse d\u2019exister.<br>La technologie, l\u2019industrie, l\u2019\u00e9nergie, la mobilit\u00e9 : <strong>on modernise, on acc\u00e9l\u00e8re, on r\u00e9ussit<\/strong>.<\/p>\n\n\n\n<h5 class=\"wp-block-heading\"><strong>Oui \u00e0 la libert\u00e9, non au laisser-faire.<\/strong><\/h5>\n\n\n\n<p class=\"wp-block-paragraph\">Les entrepreneurs, les travailleurs, les enseignants, les policiers : <strong>on les soutient<\/strong>.<br>L\u2019\u00c9tat prot\u00e8ge, oriente, d\u00e9cide \u2014 il ne s\u00e8me pas la confusion.<br><strong>Un \u00c9tat strat\u00e8ge, pas un \u00c9tat fant\u00f4me.<\/strong><\/p>\n\n\n\n<h5 class=\"wp-block-heading\"><strong>Oui \u00e0 la justice, non au d\u00e9sordre.<\/strong><\/h5>\n\n\n\n<p class=\"wp-block-paragraph\">Le m\u00e9rite doit \u00eatre reconnu.<br>La loi doit \u00eatre respect\u00e9e.<br>La solidarit\u00e9 doit \u00eatre juste.<br>Le Modernisme de Droite, c\u2019est l\u2019\u00e9quilibre entre <strong>l\u2019effort, la protection et la responsabilit\u00e9<\/strong>.<\/p>\n\n\n\n<h5 class=\"wp-block-heading\"><strong>Oui \u00e0 nos racines, non au repli.<\/strong><\/h5>\n\n\n\n<p class=\"wp-block-paragraph\">Nous sommes fiers de la Belgique.<br>Nous sommes europ\u00e9ens sans na\u00efvet\u00e9.<br>Nous voulons une souverainet\u00e9 qui prot\u00e8ge sans diviser :<br><strong>la force de l\u2019identit\u00e9 civique, sans la haine ni la peur.<\/strong><\/p>\n\n\n\n<h5 class=\"wp-block-heading\"><strong>Oui \u00e0 l\u2019avenir, non au cynisme.<\/strong><\/h5>\n\n\n\n<p class=\"wp-block-paragraph\">Le Modernisme de Droite, c\u2019est une droite qui <strong>ose<\/strong>,<br>qui <strong>propose<\/strong>,<br>qui <strong>construit<\/strong>.<br>Une droite qui croit en l\u2019avenir, qui croit en la science,<br>qui croit en son peuple.<\/p>\n\n\n\n<hr class=\"wp-block-separator has-alpha-channel-opacity\"\/>\n\n\n\n<h5 class=\"wp-block-heading\"><strong>Le Modernisme de Droite, c\u2019est notre boussole et notre combat.<\/strong><\/h5>\n\n\n\n<p class=\"wp-block-paragraph\">C\u2019est <strong>la droite du XXI\u1d49 si\u00e8cle<\/strong> :<br>r\u00e9formatrice, optimiste, souveraine, \u00e9cologique, juste, humaine.<\/p>\n\n\n\n<p class=\"wp-block-paragraph\">C\u2019est la droite qui rel\u00e8ve la Belgique au lieu de la commenter.<br>C\u2019est la droite qui agit.<br>C\u2019est la droite qui gagne.<\/p>\n\n\n\n<p class=\"wp-block-paragraph\"><strong>C\u2019est le <mark style=\"background-color:rgba(0, 0, 0, 0);color:#ff6900\" class=\"has-inline-color\">MDM<\/mark>.<\/strong><\/p>\n","protected":false},"excerpt":{"rendered":"<p>Le Modernisme de Droite, c\u2019est la conviction simple et forte que la Belgique m\u00e9rite mieux : mieux que l\u2019immobilisme, mieux que la r\u00e9signation, mieux que les extr\u00eames qui d\u00e9truisent plut\u00f4t qu\u2019ils ne construisent. Le Modernisme de Droite, c\u2019est dire haut et fort : Oui \u00e0 l\u2019innovation, non au chaos. Nous voulons un pays qui avance, [&hellip;]<\/p>\n","protected":false},"author":1,"featured_media":0,"comment_status":"open","ping_status":"open","sticky":false,"template":"","format":"standard","meta":{"_monsterinsights_skip_tracking":false,"_uf_show_specific_survey":0,"_uf_disable_surveys":false,"footnotes":""},"categories":[1],"tags":[],"class_list":["post-2371","post","type-post","status-publish","format-standard","hentry","category-immigration"],"_links":{"self":[{"href":"https:\/\/droitemoderniste.be\/index.php\/wp-json\/wp\/v2\/posts\/2371","targetHints":{"allow":["GET"]}}],"collection":[{"href":"https:\/\/droitemoderniste.be\/index.php\/wp-json\/wp\/v2\/posts"}],"about":[{"href":"https:\/\/droitemoderniste.be\/index.php\/wp-json\/wp\/v2\/types\/post"}],"author":[{"embeddable":true,"href":"https:\/\/droitemoderniste.be\/index.php\/wp-json\/wp\/v2\/users\/1"}],"replies":[{"embeddable":true,"href":"https:\/\/droitemoderniste.be\/index.php\/wp-json\/wp\/v2\/comments?post=2371"}],"version-history":[{"count":1,"href":"https:\/\/droitemoderniste.be\/index.php\/wp-json\/wp\/v2\/posts\/2371\/revisions"}],"predecessor-version":[{"id":2373,"href":"https:\/\/droitemoderniste.be\/index.php\/wp-json\/wp\/v2\/posts\/2371\/revisions\/2373"}],"wp:attachment":[{"href":"https:\/\/droitemoderniste.be\/index.php\/wp-json\/wp\/v2\/media?parent=2371"}],"wp:term":[{"taxonomy":"category","embeddable":true,"href":"https:\/\/droitemoderniste.be\/index.php\/wp-json\/wp\/v2\/categories?post=2371"},{"taxonomy":"post_tag","embeddable":true,"href":"https:\/\/droitemoderniste.be\/index.php\/wp-json\/wp\/v2\/tags?post=2371"}],"curies":[{"name":"wp","href":"https:\/\/api.w.org\/{rel}","templated":true}]}}