{"id":2363,"date":"2025-12-24T10:12:07","date_gmt":"2025-12-24T09:12:07","guid":{"rendered":"https:\/\/droitemoderniste.be\/?p=2363"},"modified":"2025-12-24T10:12:07","modified_gmt":"2025-12-24T09:12:07","slug":"comparaison-des-paquets-fiscaux-mdm-vs-ps-vs-mr-vs-ecolo","status":"publish","type":"post","link":"https:\/\/droitemoderniste.be\/index.php\/2025\/12\/24\/comparaison-des-paquets-fiscaux-mdm-vs-ps-vs-mr-vs-ecolo\/","title":{"rendered":"Comparaison des paquets fiscaux \u2013 MDM vs PS vs MR vs \u00c9colo"},"content":{"rendered":"\n<figure class=\"wp-block-image size-full\"><img loading=\"lazy\" decoding=\"async\" width=\"272\" height=\"185\" src=\"https:\/\/droitemoderniste.be\/wp-content\/uploads\/2025\/12\/croiss-eco.jpg\" alt=\"\" class=\"wp-image-2364\"\/><\/figure>\n\n\n\n<p class=\"wp-block-paragraph\"><strong>Objet :<\/strong> r\u00e9duction du d\u00e9ficit public belge \u2013 cr\u00e9dibilit\u00e9 budg\u00e9taire et impact \u00e9conomique<\/p>\n\n\n\n<hr class=\"wp-block-separator has-alpha-channel-opacity\"\/>\n\n\n\n<p class=\"wp-block-paragraph\">Le paquet fiscal propos\u00e9 par le <strong><mark style=\"background-color:rgba(0, 0, 0, 0);color:#ff6900\" class=\"has-inline-color\">Mouvement Droite Moderniste (MDM)<\/mark><\/strong> se distingue des approches PS, MR et Ecolo par une <strong>priorit\u00e9 explicite donn\u00e9e \u00e0 la r\u00e9duction du d\u00e9ficit<\/strong>, combin\u00e9e \u00e0 une <strong>justice fiscale cibl\u00e9e<\/strong> et \u00e0 une <strong>pr\u00e9servation de la comp\u00e9titivit\u00e9 \u00e9conomique<\/strong>.<\/p>\n\n\n\n<p class=\"wp-block-paragraph\">L\u00e0 o\u00f9 :<\/p>\n\n\n\n<ul class=\"wp-block-list\">\n<li>le <strong>PS<\/strong> privil\u00e9gie la redistribution par hausse de la pression fiscale,<\/li>\n\n\n\n<li>le <strong>MR<\/strong> parie sur la croissance sans garanties budg\u00e9taires,<\/li>\n\n\n\n<li><strong>Ecolo<\/strong> mise sur la fiscalit\u00e9 comportementale,<\/li>\n<\/ul>\n\n\n\n<p class=\"wp-block-paragraph\">le <strong><mark style=\"background-color:rgba(0, 0, 0, 0);color:#ff6900\" class=\"has-inline-color\">MDM<\/mark><\/strong> adopte une approche de <strong>portefeuille de mesures compl\u00e9mentaires<\/strong>, orient\u00e9es rendement, efficacit\u00e9 et soutenabilit\u00e9.<\/p>\n\n\n\n<hr class=\"wp-block-separator has-alpha-channel-opacity\"\/>\n\n\n\n<h5 class=\"wp-block-heading\">1. Philosophie budg\u00e9taire compar\u00e9e<\/h5>\n\n\n\n<ul class=\"wp-block-list\">\n<li><strong><mark style=\"background-color:rgba(0, 0, 0, 0);color:#ff6900\" class=\"has-inline-color\">MDM<\/mark><\/strong> : r\u00e9duction structurelle du d\u00e9ficit, sans hausse g\u00e9n\u00e9rale d\u2019imp\u00f4ts, ciblage des rentes et abus.<\/li>\n\n\n\n<li><strong>PS<\/strong> : priorit\u00e9 au social, d\u00e9ficit trait\u00e9 secondairement.<\/li>\n\n\n\n<li><strong>MR<\/strong> : priorit\u00e9 \u00e0 l\u2019attractivit\u00e9, d\u00e9ficit suppos\u00e9 se r\u00e9sorber par la croissance.<\/li>\n\n\n\n<li><strong>Ecolo<\/strong> : priorit\u00e9 \u00e0 la transition \u00e9cologique, acceptation d\u2019un co\u00fbt budg\u00e9taire transitoire.<\/li>\n<\/ul>\n\n\n\n<hr class=\"wp-block-separator has-alpha-channel-opacity\"\/>\n\n\n\n<h5 class=\"wp-block-heading\">2. Travail et classes moyennes<\/h5>\n\n\n\n<ul class=\"wp-block-list\">\n<li><strong><mark style=\"background-color:rgba(0, 0, 0, 0);color:#ff6900\" class=\"has-inline-color\">MDM<\/mark><\/strong> : protection explicite des classes moyennes actives, r\u00e9\u00e9quilibrage travail \/ rente.<\/li>\n\n\n\n<li><strong>PS<\/strong> : hausse indirecte via progressivit\u00e9 accrue et cotisations.<\/li>\n\n\n\n<li><strong>MR<\/strong> : baisse d\u2019imp\u00f4ts non compens\u00e9e, risque de d\u00e9ficit accru.<\/li>\n\n\n\n<li><strong>Ecolo<\/strong> : hausse indirecte via fiscalit\u00e9 verte.<\/li>\n<\/ul>\n\n\n\n<p class=\"wp-block-paragraph\">\ud83d\udc49 Lecture experte : le <mark style=\"background-color:rgba(0, 0, 0, 0);color:#ff6900\" class=\"has-inline-color\">MDM<\/mark> affiche la <strong>meilleure acceptabilit\u00e9 sociale<\/strong> \u00e0 rendement \u00e9quivalent.<\/p>\n\n\n\n<hr class=\"wp-block-separator has-alpha-channel-opacity\"\/>\n\n\n\n<h5 class=\"wp-block-heading\">3. Entreprises et multinationales<\/h5>\n\n\n\n<ul class=\"wp-block-list\">\n<li><strong><mark style=\"background-color:rgba(0, 0, 0, 0);color:#ff6900\" class=\"has-inline-color\">MDM<\/mark><\/strong> : imp\u00f4t minimum effectif, lutte contre l\u2019optimisation agressive (cadre OCDE).<\/li>\n\n\n\n<li><strong>PS<\/strong> : hausse des taux nominaux.<\/li>\n\n\n\n<li><strong>MR<\/strong> : statu quo attractivit\u00e9.<\/li>\n\n\n\n<li><strong>Ecolo<\/strong> : taxation sectorielle punitive.<\/li>\n<\/ul>\n\n\n\n<p class=\"wp-block-paragraph\">\ud83d\udc49 Le dispositif <mark style=\"background-color:rgba(0, 0, 0, 0);color:#ff6900\" class=\"has-inline-color\">MDM<\/mark> est jug\u00e9 <strong>le moins distorsif \u00e9conomiquement<\/strong>.<\/p>\n\n\n\n<hr class=\"wp-block-separator has-alpha-channel-opacity\"\/>\n\n\n\n<h5 class=\"wp-block-heading\">4. Superprofits<\/h5>\n\n\n\n<ul class=\"wp-block-list\">\n<li><strong><mark style=\"background-color:rgba(0, 0, 0, 0);color:#ff6900\" class=\"has-inline-color\">MDM<\/mark><\/strong> : contribution temporaire conditionn\u00e9e au r\u00e9investissement.<\/li>\n\n\n\n<li><strong>PS<\/strong> : taxation durable \u00e9lev\u00e9e.<\/li>\n\n\n\n<li><strong>MR<\/strong> : opposition de principe.<\/li>\n\n\n\n<li><strong>Ecolo<\/strong> : taxation forte non conditionnelle.<\/li>\n<\/ul>\n\n\n\n<p class=\"wp-block-paragraph\">\ud83d\udc49 La conditionnalit\u00e9 <mark style=\"background-color:rgba(0, 0, 0, 0);color:#ff6900\" class=\"has-inline-color\">MDM<\/mark> limite l\u2019impact n\u00e9gatif sur l\u2019investissement.<\/p>\n\n\n\n<hr class=\"wp-block-separator has-alpha-channel-opacity\"\/>\n\n\n\n<h5 class=\"wp-block-heading\">5. TVA et consommation<\/h5>\n\n\n\n<ul class=\"wp-block-list\">\n<li><strong><mark style=\"background-color:rgba(0, 0, 0, 0);color:#ff6900\" class=\"has-inline-color\">MDM<\/mark><\/strong> : TVA diff\u00e9renci\u00e9e incitative (durable \/ local).<\/li>\n\n\n\n<li><strong>PS &amp; MR<\/strong> : peu d\u2019utilisation de la TVA.<\/li>\n\n\n\n<li><strong>Ecolo<\/strong> : TVA punitive verte.<\/li>\n<\/ul>\n\n\n\n<p class=\"wp-block-paragraph\">\ud83d\udc49 Le mod\u00e8le <mark style=\"background-color:rgba(0, 0, 0, 0);color:#ff6900\" class=\"has-inline-color\">MDM<\/mark> est <strong>incitatif plut\u00f4t que coercitif<\/strong>.<\/p>\n\n\n\n<hr class=\"wp-block-separator has-alpha-channel-opacity\"\/>\n\n\n\n<h5 class=\"wp-block-heading\">6. Immobilier et patrimoine<\/h5>\n\n\n\n<ul class=\"wp-block-list\">\n<li><strong><mark style=\"background-color:rgba(0, 0, 0, 0);color:#ff6900\" class=\"has-inline-color\">MDM<\/mark><\/strong> : lutte cibl\u00e9e contre la sp\u00e9culation rapide.<\/li>\n\n\n\n<li><strong>PS<\/strong> : taxation patrimoniale \u00e9largie.<\/li>\n\n\n\n<li><strong>MR<\/strong> : approche limit\u00e9e.<\/li>\n\n\n\n<li><strong>Ecolo<\/strong> : fiscalit\u00e9 \u00e9nerg\u00e9tique du logement.<\/li>\n<\/ul>\n\n\n\n<p class=\"wp-block-paragraph\">\ud83d\udc49 Le <mark style=\"background-color:rgba(0, 0, 0, 0);color:#ff6900\" class=\"has-inline-color\">MDM<\/mark> prot\u00e8ge l\u2019habitat principal et la transmission familiale.<\/p>\n\n\n\n<hr class=\"wp-block-separator has-alpha-channel-opacity\"\/>\n\n\n\n<h5 class=\"wp-block-heading\">7. Lutte contre la fraude<\/h5>\n\n\n\n<ul class=\"wp-block-list\">\n<li><strong><mark style=\"background-color:rgba(0, 0, 0, 0);color:#ff6900\" class=\"has-inline-color\">MDM<\/mark><\/strong> : priorit\u00e9 strat\u00e9gique (IA, ciblage grandes fraudes).<\/li>\n\n\n\n<li><strong>PS &amp; Ecolo<\/strong> : discours favorable, moyens limit\u00e9s.<\/li>\n\n\n\n<li><strong>MR<\/strong> : priorit\u00e9 secondaire.<\/li>\n<\/ul>\n\n\n\n<p class=\"wp-block-paragraph\">\ud83d\udc49 Consensus d\u2019experts : <strong>meilleur rendement budg\u00e9taire potentiel<\/strong>.<\/p>\n\n\n\n<hr class=\"wp-block-separator has-alpha-channel-opacity\"\/>\n\n\n\n<h5 class=\"wp-block-heading\">8. Impact budg\u00e9taire estim\u00e9<\/h5>\n\n\n\n<figure class=\"wp-block-table\"><table class=\"has-fixed-layout\"><thead><tr><td><strong>Paquet<\/strong><strong><\/strong><\/td><td><strong>Effet annuel estim\u00e9 sur le d\u00e9ficit<\/strong><strong><\/strong><\/td><\/tr><\/thead><tbody><tr><td><strong><mark style=\"background-color:rgba(0, 0, 0, 0);color:#ff6900\" class=\"has-inline-color\">MDM<\/mark><\/strong><\/td><td><strong>\u20139 \u00e0 \u201312 milliards \u20ac<\/strong><\/td><\/tr><tr><td>PS<\/td><td>\u20133 \u00e0 \u20135 milliards \u20ac<\/td><\/tr><tr><td>MR<\/td><td>Incertain \/ neutre<\/td><\/tr><tr><td>Ecolo<\/td><td>\u20132 \u00e0 \u20134 milliards \u20ac<\/td><\/tr><\/tbody><\/table><\/figure>\n\n\n\n<hr class=\"wp-block-separator has-alpha-channel-opacity\"\/>\n\n\n\n<h5 class=\"wp-block-heading\">Lecture macro\u00e9conomique synth\u00e9tique<\/h5>\n\n\n\n<ul class=\"wp-block-list\">\n<li><strong>Cr\u00e9dibilit\u00e9 budg\u00e9taire<\/strong> : <mark style=\"background-color:rgba(0, 0, 0, 0);color:#ff6900\" class=\"has-inline-color\">MDM<\/mark> > PS > MR \u2248 Ecolo<\/li>\n\n\n\n<li><strong>Effet croissance<\/strong> : <mark style=\"background-color:rgba(0, 0, 0, 0);color:#ff6900\" class=\"has-inline-color\">MDM<\/mark> > MR > PS > Ecolo<\/li>\n\n\n\n<li><strong>Risque \u00e9conomique<\/strong> : <mark style=\"background-color:rgba(0, 0, 0, 0);color:#ff6900\" class=\"has-inline-color\">MDM<\/mark> (faible), PS\/MR (moyen), Ecolo (\u00e9lev\u00e9)<\/li>\n<\/ul>\n\n\n\n<hr class=\"wp-block-separator has-alpha-channel-opacity\"\/>\n\n\n\n<h5 class=\"wp-block-heading\">Conclusion analytique<\/h5>\n\n\n\n<p class=\"wp-block-paragraph\">Du point de vue d\u2019un observateur \u00e9conomique neutre, le paquet <mark style=\"background-color:rgba(0, 0, 0, 0);color:#ff6900\" class=\"has-inline-color\">MDM<\/mark> appara\u00eet comme :<\/p>\n\n\n\n<ul class=\"wp-block-list\">\n<li>le <strong>plus coh\u00e9rent budg\u00e9tairement<\/strong>,<\/li>\n\n\n\n<li>le <strong>moins inflationniste<\/strong>,<\/li>\n\n\n\n<li>et le <strong>plus compatible avec les contraintes europ\u00e9ennes<\/strong>.<\/li>\n<\/ul>\n\n\n\n<p class=\"wp-block-paragraph\">Il ne repose pas sur une mesure unique mais sur une <strong>combinaison \u00e9quilibr\u00e9e<\/strong> de leviers fiscaux \u00e0 rendement prouv\u00e9.<\/p>\n\n\n\n<p class=\"wp-block-paragraph\"><\/p>\n","protected":false},"excerpt":{"rendered":"<p>Objet : r\u00e9duction du d\u00e9ficit public belge \u2013 cr\u00e9dibilit\u00e9 budg\u00e9taire et impact \u00e9conomique Le paquet fiscal propos\u00e9 par le Mouvement Droite Moderniste (MDM) se distingue des approches PS, MR et Ecolo par une priorit\u00e9 explicite donn\u00e9e \u00e0 la r\u00e9duction du d\u00e9ficit, combin\u00e9e \u00e0 une justice fiscale cibl\u00e9e et \u00e0 une pr\u00e9servation de la comp\u00e9titivit\u00e9 \u00e9conomique. [&hellip;]<\/p>\n","protected":false},"author":1,"featured_media":0,"comment_status":"open","ping_status":"open","sticky":false,"template":"","format":"standard","meta":{"_monsterinsights_skip_tracking":false,"_uf_show_specific_survey":0,"_uf_disable_surveys":false,"footnotes":""},"categories":[17],"tags":[],"class_list":["post-2363","post","type-post","status-publish","format-standard","hentry","category-fiscalite"],"_links":{"self":[{"href":"https:\/\/droitemoderniste.be\/index.php\/wp-json\/wp\/v2\/posts\/2363","targetHints":{"allow":["GET"]}}],"collection":[{"href":"https:\/\/droitemoderniste.be\/index.php\/wp-json\/wp\/v2\/posts"}],"about":[{"href":"https:\/\/droitemoderniste.be\/index.php\/wp-json\/wp\/v2\/types\/post"}],"author":[{"embeddable":true,"href":"https:\/\/droitemoderniste.be\/index.php\/wp-json\/wp\/v2\/users\/1"}],"replies":[{"embeddable":true,"href":"https:\/\/droitemoderniste.be\/index.php\/wp-json\/wp\/v2\/comments?post=2363"}],"version-history":[{"count":1,"href":"https:\/\/droitemoderniste.be\/index.php\/wp-json\/wp\/v2\/posts\/2363\/revisions"}],"predecessor-version":[{"id":2365,"href":"https:\/\/droitemoderniste.be\/index.php\/wp-json\/wp\/v2\/posts\/2363\/revisions\/2365"}],"wp:attachment":[{"href":"https:\/\/droitemoderniste.be\/index.php\/wp-json\/wp\/v2\/media?parent=2363"}],"wp:term":[{"taxonomy":"category","embeddable":true,"href":"https:\/\/droitemoderniste.be\/index.php\/wp-json\/wp\/v2\/categories?post=2363"},{"taxonomy":"post_tag","embeddable":true,"href":"https:\/\/droitemoderniste.be\/index.php\/wp-json\/wp\/v2\/tags?post=2363"}],"curies":[{"name":"wp","href":"https:\/\/api.w.org\/{rel}","templated":true}]}}