{"id":2360,"date":"2025-12-23T14:38:04","date_gmt":"2025-12-23T13:38:04","guid":{"rendered":"https:\/\/droitemoderniste.be\/?p=2360"},"modified":"2025-12-23T14:38:04","modified_gmt":"2025-12-23T13:38:04","slug":"la-fiscalite-belge-est-devenue-une-injustice-organisee","status":"publish","type":"post","link":"https:\/\/droitemoderniste.be\/index.php\/2025\/12\/23\/la-fiscalite-belge-est-devenue-une-injustice-organisee\/","title":{"rendered":"La fiscalit\u00e9 belge est devenue une injustice organis\u00e9e"},"content":{"rendered":"\n<p class=\"wp-block-paragraph\"> <\/p>\n\n\n\n<figure class=\"wp-block-image size-full\"><img loading=\"lazy\" decoding=\"async\" width=\"311\" height=\"162\" src=\"https:\/\/droitemoderniste.be\/wp-content\/uploads\/2025\/12\/moutons1.jpeg\" alt=\"\" class=\"wp-image-2361\" srcset=\"https:\/\/droitemoderniste.be\/wp-content\/uploads\/2025\/12\/moutons1.jpeg 311w, https:\/\/droitemoderniste.be\/wp-content\/uploads\/2025\/12\/moutons1-300x156.jpeg 300w\" sizes=\"auto, (max-width: 311px) 100vw, 311px\" \/><\/figure>\n\n\n\n<p class=\"wp-block-paragraph\">Mes amis,<br>Mesdames et Messieurs,<\/p>\n\n\n\n<p class=\"wp-block-paragraph\">Soyons clairs.<br><strong>La fiscalit\u00e9 belge est devenue une injustice organis\u00e9e.<\/strong><\/p>\n\n\n\n<p class=\"wp-block-paragraph\">On taxe le travail.<br>On \u00e9crase les classes moyennes.<br>On d\u00e9courage ceux qui se l\u00e8vent t\u00f4t.<\/p>\n\n\n\n<p class=\"wp-block-paragraph\">Et pendant ce temps-l\u00e0 ?<br>Les r\u00e8gles sont complexes.<br>Les privil\u00e8ges prosp\u00e8rent.<br>La confiance s\u2019effondre.<\/p>\n\n\n\n<p class=\"wp-block-paragraph\"><strong>Ce syst\u00e8me ne prot\u00e8ge plus les citoyens. Il les \u00e9touffe.<\/strong><\/p>\n\n\n\n<hr class=\"wp-block-separator has-alpha-channel-opacity\"\/>\n\n\n\n<h5 class=\"wp-block-heading\">ASSEZ DE PUNIR LE TRAVAIL !<\/h5>\n\n\n\n<p class=\"wp-block-paragraph\">En Belgique, travailler plus rapporte\u2026 parfois moins.<br>C\u2019est absurde.<br>C\u2019est injuste.<br>Et c\u2019est indigne d\u2019un pays qui se veut moderne.<\/p>\n\n\n\n<p class=\"wp-block-paragraph\">Le <mark style=\"background-color:rgba(0, 0, 0, 0);color:#ff6900\" class=\"has-inline-color\">Mouvement Droite Moderniste<\/mark> le dit haut et fort :<br><strong>le travail n\u2019est pas un probl\u00e8me. C\u2019est la solution.<\/strong><\/p>\n\n\n\n<p class=\"wp-block-paragraph\">Nous voulons :<\/p>\n\n\n\n<ul class=\"wp-block-list\">\n<li>Z\u00e9ro imp\u00f4t sur les revenus de survie<\/li>\n\n\n\n<li>Une fiscalit\u00e9 claire pour les revenus moyens<\/li>\n\n\n\n<li>Une contribution juste, pas confiscatoire, pour les hauts revenus<\/li>\n<\/ul>\n\n\n\n<p class=\"wp-block-paragraph\">Moins de tranches !<br>Moins de pi\u00e8ges !<br>Plus de salaire net !<\/p>\n\n\n\n<p class=\"wp-block-paragraph\"><strong>Travailler doit payer. POINT.<\/strong><\/p>\n\n\n\n<hr class=\"wp-block-separator has-alpha-channel-opacity\"\/>\n\n\n\n<h5 class=\"wp-block-heading\">ASSEZ D\u2019OUBLIER LES FAMILLES ET LES CLASSES MOYENNES !<\/h5>\n\n\n\n<p class=\"wp-block-paragraph\">Ce pays tient debout gr\u00e2ce aux familles,<br>aux travailleurs,<br>aux ind\u00e9pendants.<\/p>\n\n\n\n<p class=\"wp-block-paragraph\">Et pourtant, ce sont eux qu\u2019on presse comme des citrons !<\/p>\n\n\n\n<p class=\"wp-block-paragraph\">Le <mark style=\"background-color:rgba(0, 0, 0, 0);color:#ff6900\" class=\"has-inline-color\">MDM<\/mark> dit stop.<\/p>\n\n\n\n<p class=\"wp-block-paragraph\">Nous instaurerons :<\/p>\n\n\n\n<ul class=\"wp-block-list\">\n<li>Un <strong>vrai cr\u00e9dit d\u2019imp\u00f4t par enfant<\/strong>, simple, lisible<\/li>\n\n\n\n<li>Un <strong>bonus au travail<\/strong>, pour que chaque heure compte<\/li>\n<\/ul>\n\n\n\n<p class=\"wp-block-paragraph\">Moins d\u2019aides humiliantes<br>Plus de dignit\u00e9<br>Plus de pouvoir d\u2019achat<\/p>\n\n\n\n<p class=\"wp-block-paragraph\">Parce qu\u2019une famille qui travaille ne doit jamais \u00eatre trait\u00e9e comme un probl\u00e8me !<\/p>\n\n\n\n<hr class=\"wp-block-separator has-alpha-channel-opacity\"\/>\n\n\n\n<h5 class=\"wp-block-heading\">ASSEZ DE FAIRE FUIR CEUX QUI CR\u00c9ENT LA RICHESSE !<\/h5>\n\n\n\n<p class=\"wp-block-paragraph\">Sans entreprises, il n\u2019y a pas d\u2019emplois.<br>Sans emplois, il n\u2019y a pas de recettes.<br>Sans recettes, il n\u2019y a pas d\u2019\u00c9tat social.<\/p>\n\n\n\n<p class=\"wp-block-paragraph\">C\u2019est simple.<\/p>\n\n\n\n<p class=\"wp-block-paragraph\">Le <mark style=\"background-color:rgba(0, 0, 0, 0);color:#ff6900\" class=\"has-inline-color\">MDM<\/mark> veut :<\/p>\n\n\n\n<ul class=\"wp-block-list\">\n<li>Un imp\u00f4t des soci\u00e9t\u00e9s <strong>comp\u00e9titif<\/strong><\/li>\n\n\n\n<li>Un cadre stable pour les PME, les artisans, les entrepreneurs<\/li>\n<\/ul>\n\n\n\n<p class=\"wp-block-paragraph\">Mais qu\u2019on soit clair !<\/p>\n\n\n\n<p class=\"wp-block-paragraph\">Les multinationales paieront l\u00e0 o\u00f9 elles gagnent leur argent.<br>Fini les profits qui disparaissent dans les paradis fiscaux.<\/p>\n\n\n\n<p class=\"wp-block-paragraph\"><strong>M\u00eame r\u00e8gle pour tous !<\/strong><\/p>\n\n\n\n<hr class=\"wp-block-separator has-alpha-channel-opacity\"\/>\n\n\n\n<h5 class=\"wp-block-heading\">ASSEZ DES PRIVIL\u00c8GES ET DE L\u2019HYPOCRISIE FISCALE !<\/h5>\n\n\n\n<p class=\"wp-block-paragraph\">Il y a deux Belgiques aujourd\u2019hui :<\/p>\n\n\n\n<ul class=\"wp-block-list\">\n<li>Celle qui paie tout<\/li>\n\n\n\n<li>Et celle qui se faufile<\/li>\n<\/ul>\n\n\n\n<p class=\"wp-block-paragraph\">Nous, nous voulons <strong>une seule r\u00e8gle<\/strong>.<\/p>\n\n\n\n<p class=\"wp-block-paragraph\">Le <mark style=\"background-color:rgba(0, 0, 0, 0);color:#ff6900\" class=\"has-inline-color\">MDM<\/mark> supprimera :<\/p>\n\n\n\n<ul class=\"wp-block-list\">\n<li>Les niches fiscales inutiles<\/li>\n\n\n\n<li>Les montages opaques<\/li>\n\n\n\n<li>Les passe-droits r\u00e9serv\u00e9s \u00e0 quelques-uns<\/li>\n<\/ul>\n\n\n\n<p class=\"wp-block-paragraph\">Chaque euro d\u00fb sera pay\u00e9.<br>Chaque euro pay\u00e9 devra servir.<\/p>\n\n\n\n<p class=\"wp-block-paragraph\"><strong>La justice fiscale n\u2019est pas une option. C\u2019est une obligation.<\/strong><\/p>\n\n\n\n<hr class=\"wp-block-separator has-alpha-channel-opacity\"\/>\n\n\n\n<h5 class=\"wp-block-heading\">ASSEZ D\u2019UNE \u00c9COLOGIE QUI PUNIT LES GENS !<\/h5>\n\n\n\n<p class=\"wp-block-paragraph\">Oui, il faut prot\u00e9ger la plan\u00e8te.<br>Mais non, on ne sauvera pas l\u2019environnement en ruinant les m\u00e9nages.<\/p>\n\n\n\n<p class=\"wp-block-paragraph\">Le <mark style=\"background-color:rgba(0, 0, 0, 0);color:#ff6900\" class=\"has-inline-color\">MDM<\/mark> refuse l\u2019\u00e9cologie punitive.<\/p>\n\n\n\n<p class=\"wp-block-paragraph\">Nous voulons :<\/p>\n\n\n\n<ul class=\"wp-block-list\">\n<li>Taxer les <strong>grandes pollutions<\/strong>, pas les familles<\/li>\n\n\n\n<li>Redistribuer un <strong>dividende climatique<\/strong> aux citoyens<\/li>\n\n\n\n<li>Soutenir une industrie propre, locale et souveraine<\/li>\n<\/ul>\n\n\n\n<p class=\"wp-block-paragraph\">Une \u00e9cologie efficace<br>Une \u00e9cologie juste<br>Une \u00e9cologie qui rassemble<\/p>\n\n\n\n<hr class=\"wp-block-separator has-alpha-channel-opacity\"\/>\n\n\n\n<h5 class=\"wp-block-heading\">ASSEZ DE L\u2019\u00c9TAT KAFKA\u00cfEN !<\/h5>\n\n\n\n<p class=\"wp-block-paragraph\">Des formulaires incompr\u00e9hensibles.<br>Des contr\u00f4les absurdes.<br>Des citoyens trait\u00e9s comme des suspects.<\/p>\n\n\n\n<p class=\"wp-block-paragraph\">\u00c7a suffit !<\/p>\n\n\n\n<p class=\"wp-block-paragraph\">Nous voulons un \u00c9tat moderne :<\/p>\n\n\n\n<ul class=\"wp-block-list\">\n<li>Des imp\u00f4ts simples<\/li>\n\n\n\n<li>Des d\u00e9clarations claires<\/li>\n\n\n\n<li>Du respect pour le contribuable honn\u00eate<\/li>\n<\/ul>\n\n\n\n<hr class=\"wp-block-separator has-alpha-channel-opacity\"\/>\n\n\n\n<h5 class=\"wp-block-heading\">CONCLUSION<\/h5>\n\n\n\n<p class=\"wp-block-paragraph\">Mes amis,<\/p>\n\n\n\n<p class=\"wp-block-paragraph\">Cette r\u00e9volution fiscale n\u2019est pas une id\u00e9ologie.<br>C\u2019est du <strong>bon sens<\/strong>.<\/p>\n\n\n\n<p class=\"wp-block-paragraph\">\u2714Travailler doit payer<br>\u2714Entreprendre doit \u00eatre encourag\u00e9<br>\u2714Les familles doivent respirer<br>\u2714Les privil\u00e8ges doivent tomber<br>\u2714La Belgique doit se redresser<\/p>\n\n\n\n<p class=\"wp-block-paragraph\"><strong>Nous ne voulons pas plus d\u2019imp\u00f4ts.<\/strong><strong>Nous voulons de meilleurs imp\u00f4ts.<\/strong><\/p>\n\n\n\n<p class=\"wp-block-paragraph\">C\u2019est cela, la r\u00e9volution fiscale du <mark style=\"background-color:rgba(0, 0, 0, 0);color:#ff6900\" class=\"has-inline-color\">Mouvement Droite Moderniste<\/mark>.<\/p>\n\n\n\n<p class=\"wp-block-paragraph\"><strong>Racines fortes. Regard neuf.<\/strong><br><strong>Et maintenant, en avant !<\/strong><\/p>\n","protected":false},"excerpt":{"rendered":"<p>Mes amis,Mesdames et Messieurs, Soyons clairs.La fiscalit\u00e9 belge est devenue une injustice organis\u00e9e. On taxe le travail.On \u00e9crase les classes moyennes.On d\u00e9courage ceux qui se l\u00e8vent t\u00f4t. Et pendant ce temps-l\u00e0 ?Les r\u00e8gles sont complexes.Les privil\u00e8ges prosp\u00e8rent.La confiance s\u2019effondre. Ce syst\u00e8me ne prot\u00e8ge plus les citoyens. Il les \u00e9touffe. ASSEZ DE PUNIR LE TRAVAIL ! [&hellip;]<\/p>\n","protected":false},"author":1,"featured_media":0,"comment_status":"open","ping_status":"open","sticky":false,"template":"","format":"standard","meta":{"_monsterinsights_skip_tracking":false,"_uf_show_specific_survey":0,"_uf_disable_surveys":false,"footnotes":""},"categories":[42,17],"tags":[],"class_list":["post-2360","post","type-post","status-publish","format-standard","hentry","category-discours","category-fiscalite"],"_links":{"self":[{"href":"https:\/\/droitemoderniste.be\/index.php\/wp-json\/wp\/v2\/posts\/2360","targetHints":{"allow":["GET"]}}],"collection":[{"href":"https:\/\/droitemoderniste.be\/index.php\/wp-json\/wp\/v2\/posts"}],"about":[{"href":"https:\/\/droitemoderniste.be\/index.php\/wp-json\/wp\/v2\/types\/post"}],"author":[{"embeddable":true,"href":"https:\/\/droitemoderniste.be\/index.php\/wp-json\/wp\/v2\/users\/1"}],"replies":[{"embeddable":true,"href":"https:\/\/droitemoderniste.be\/index.php\/wp-json\/wp\/v2\/comments?post=2360"}],"version-history":[{"count":1,"href":"https:\/\/droitemoderniste.be\/index.php\/wp-json\/wp\/v2\/posts\/2360\/revisions"}],"predecessor-version":[{"id":2362,"href":"https:\/\/droitemoderniste.be\/index.php\/wp-json\/wp\/v2\/posts\/2360\/revisions\/2362"}],"wp:attachment":[{"href":"https:\/\/droitemoderniste.be\/index.php\/wp-json\/wp\/v2\/media?parent=2360"}],"wp:term":[{"taxonomy":"category","embeddable":true,"href":"https:\/\/droitemoderniste.be\/index.php\/wp-json\/wp\/v2\/categories?post=2360"},{"taxonomy":"post_tag","embeddable":true,"href":"https:\/\/droitemoderniste.be\/index.php\/wp-json\/wp\/v2\/tags?post=2360"}],"curies":[{"name":"wp","href":"https:\/\/api.w.org\/{rel}","templated":true}]}}