{"id":2357,"date":"2025-12-23T12:07:34","date_gmt":"2025-12-23T11:07:34","guid":{"rendered":"https:\/\/droitemoderniste.be\/?p=2357"},"modified":"2025-12-23T12:07:34","modified_gmt":"2025-12-23T11:07:34","slug":"evaluation-des-10-mesures-fiscales-mdm","status":"publish","type":"post","link":"https:\/\/droitemoderniste.be\/index.php\/2025\/12\/23\/evaluation-des-10-mesures-fiscales-mdm\/","title":{"rendered":"\u00c9valuation des 10 mesures fiscales MDM"},"content":{"rendered":"\n<figure class=\"wp-block-image size-full\"><img loading=\"lazy\" decoding=\"async\" width=\"800\" height=\"445\" src=\"https:\/\/droitemoderniste.be\/wp-content\/uploads\/2025\/12\/17096832777_b86f614a70_b-800x445-1.jpg\" alt=\"\" class=\"wp-image-2358\" srcset=\"https:\/\/droitemoderniste.be\/wp-content\/uploads\/2025\/12\/17096832777_b86f614a70_b-800x445-1.jpg 800w, https:\/\/droitemoderniste.be\/wp-content\/uploads\/2025\/12\/17096832777_b86f614a70_b-800x445-1-300x167.jpg 300w, https:\/\/droitemoderniste.be\/wp-content\/uploads\/2025\/12\/17096832777_b86f614a70_b-800x445-1-768x427.jpg 768w\" sizes=\"auto, (max-width: 800px) 100vw, 800px\" \/><\/figure>\n\n\n\n<h5 class=\"wp-block-heading\">Efficacit\u00e9 fiscale &amp; \u00e9conomique<\/h5>\n\n\n\n<p class=\"wp-block-paragraph\">L\u2019\u00e9chelle utilis\u00e9e :<\/p>\n\n\n\n<ul class=\"wp-block-list\">\n<li><strong>Efficacit\u00e9 fiscale<\/strong> : \u2605\u2606\u2606\u2606\u2606 \u2192 \u2605\u2605\u2605\u2605\u2605<\/li>\n\n\n\n<li><strong>Efficacit\u00e9 \u00e9conomique<\/strong> : \u2605\u2606\u2606\u2606\u2606 \u2192 \u2605\u2605\u2605\u2605\u2605<\/li>\n<\/ul>\n\n\n\n<hr class=\"wp-block-separator has-alpha-channel-opacity\"\/>\n\n\n\n<h6 class=\"wp-block-heading\">1\ufe0f\u20e3 Contribution de souverainet\u00e9 sur les superprofits<\/h6>\n\n\n\n<p class=\"wp-block-paragraph\"><strong>Efficacit\u00e9 fiscale :<\/strong> \u2605\u2605\u2605\u2605\u2606<\/p>\n\n\n\n<ul class=\"wp-block-list\">\n<li>Recettes rapides et concentr\u00e9es<\/li>\n\n\n\n<li>Faible co\u00fbt de collecte<\/li>\n\n\n\n<li>Risque de volatilit\u00e9 (profits exceptionnels par nature)<\/li>\n<\/ul>\n\n\n\n<p class=\"wp-block-paragraph\"><strong>Efficacit\u00e9 \u00e9conomique :<\/strong> \u2605\u2605\u2605\u2606\u2606<\/p>\n\n\n\n<ul class=\"wp-block-list\">\n<li>Ne p\u00e9nalise pas l\u2019investissement <strong>si<\/strong> exon\u00e9ration conditionnelle cr\u00e9dible<\/li>\n\n\n\n<li>Risque mod\u00e9r\u00e9 de perception anti-business si mal cadr\u00e9e<\/li>\n<\/ul>\n\n\n\n<p class=\"wp-block-paragraph\"><strong>Verdict :<\/strong><br>\u2714\ufe0f Tr\u00e8s bonne mesure de <strong>redressement court terme<\/strong><br>\u26a0\ufe0f \u00c0 encadrer strictement dans le temps<\/p>\n\n\n\n<hr class=\"wp-block-separator has-alpha-channel-opacity\"\/>\n\n\n\n<h6 class=\"wp-block-heading\">2\ufe0f\u20e3 Imp\u00f4t minimum effectif sur les grandes entreprises<\/h6>\n\n\n\n<p class=\"wp-block-paragraph\"><strong>Efficacit\u00e9 fiscale :<\/strong> \u2605\u2605\u2605\u2605\u2606<\/p>\n\n\n\n<ul class=\"wp-block-list\">\n<li>Base large, recettes stables<\/li>\n\n\n\n<li>R\u00e9duction massive de l\u2019optimisation agressive<\/li>\n<\/ul>\n\n\n\n<p class=\"wp-block-paragraph\"><strong>Efficacit\u00e9 \u00e9conomique :<\/strong> \u2605\u2605\u2605\u2605\u2606<\/p>\n\n\n\n<ul class=\"wp-block-list\">\n<li>Am\u00e9liore la concurrence loyale<\/li>\n\n\n\n<li>Impact limit\u00e9 sur l\u2019attractivit\u00e9 si align\u00e9 OCDE<\/li>\n<\/ul>\n\n\n\n<p class=\"wp-block-paragraph\"><strong>Verdict :<\/strong><br>\u2714\ufe0f Mesure structurelle <strong>tr\u00e8s solide<\/strong><br>\u2714\ufe0f Excellent rapport rendement \/ risque<\/p>\n\n\n\n<hr class=\"wp-block-separator has-alpha-channel-opacity\"\/>\n\n\n\n<h6 class=\"wp-block-heading\">3\ufe0f\u20e3 Taxe sur la d\u00e9localisation des profits num\u00e9riques<\/h6>\n\n\n\n<p class=\"wp-block-paragraph\"><strong>Efficacit\u00e9 fiscale :<\/strong> \u2605\u2605\u2605\u2606\u2606<\/p>\n\n\n\n<ul class=\"wp-block-list\">\n<li>Potentiel r\u00e9el mais d\u00e9pendant de la coop\u00e9ration europ\u00e9enne<\/li>\n\n\n\n<li>Recettes progressives, pas imm\u00e9diates<\/li>\n<\/ul>\n\n\n\n<p class=\"wp-block-paragraph\"><strong>Efficacit\u00e9 \u00e9conomique :<\/strong> \u2605\u2605\u2605\u2605\u2606<\/p>\n\n\n\n<ul class=\"wp-block-list\">\n<li>Neutralit\u00e9 concurrentielle<\/li>\n\n\n\n<li>Renforce la souverainet\u00e9 num\u00e9rique<\/li>\n\n\n\n<li>Faible impact sur consommateurs<\/li>\n<\/ul>\n\n\n\n<p class=\"wp-block-paragraph\"><strong>Verdict :<\/strong><br>\u2714\ufe0f Excellente mesure strat\u00e9gique<br>\u26a0\ufe0f Rendement d\u00e9pendant du cadre international<\/p>\n\n\n\n<hr class=\"wp-block-separator has-alpha-channel-opacity\"\/>\n\n\n\n<h6 class=\"wp-block-heading\">4\ufe0f\u20e3 R\u00e9forme cibl\u00e9e des droits de succession<\/h6>\n\n\n\n<p class=\"wp-block-paragraph\"><strong>Efficacit\u00e9 fiscale :<\/strong> \u2605\u2605\u2606\u2606\u2606 \u00e0 \u2605\u2605\u2605\u2606\u2606<\/p>\n\n\n\n<ul class=\"wp-block-list\">\n<li>Rendement mod\u00e9r\u00e9<\/li>\n\n\n\n<li>Forte sensibilit\u00e9 politique<\/li>\n<\/ul>\n\n\n\n<p class=\"wp-block-paragraph\"><strong>Efficacit\u00e9 \u00e9conomique :<\/strong> \u2605\u2605\u2605\u2605\u2606<\/p>\n\n\n\n<ul class=\"wp-block-list\">\n<li>Favorise transmission d\u2019entreprises<\/li>\n\n\n\n<li>R\u00e9duit la th\u00e9saurisation patrimoniale improductive<\/li>\n<\/ul>\n\n\n\n<p class=\"wp-block-paragraph\"><strong>Verdict :<\/strong><br>\u2714\ufe0f Tr\u00e8s bonne <strong>mesure qualitative<\/strong><br>\u274c Pas une mesure miracle pour le d\u00e9ficit<\/p>\n\n\n\n<hr class=\"wp-block-separator has-alpha-channel-opacity\"\/>\n\n\n\n<h6 class=\"wp-block-heading\">5\ufe0f\u20e3 TVA diff\u00e9renci\u00e9e incitative<\/h6>\n\n\n\n<p class=\"wp-block-paragraph\"><strong>Efficacit\u00e9 fiscale :<\/strong> \u2605\u2605\u2605\u2606\u2606<\/p>\n\n\n\n<ul class=\"wp-block-list\">\n<li>Rendement net positif mais complexe<\/li>\n\n\n\n<li>N\u00e9cessite contr\u00f4les pr\u00e9cis<\/li>\n<\/ul>\n\n\n\n<p class=\"wp-block-paragraph\"><strong>Efficacit\u00e9 \u00e9conomique :<\/strong> \u2605\u2605\u2605\u2605\u2606<\/p>\n\n\n\n<ul class=\"wp-block-list\">\n<li>Incitation forte \u00e0 la production locale et durable<\/li>\n\n\n\n<li>Effet positif sur emploi non d\u00e9localisable<\/li>\n<\/ul>\n\n\n\n<p class=\"wp-block-paragraph\"><strong>Verdict :<\/strong><br>\u2714\ufe0f Bonne mesure de <strong>r\u00e9orientation \u00e9conomique<\/strong><br>\u26a0\ufe0f Administration plus lourde<\/p>\n\n\n\n<hr class=\"wp-block-separator has-alpha-channel-opacity\"\/>\n\n\n\n<h6 class=\"wp-block-heading\">6\ufe0f\u20e3 Contribution sant\u00e9 sur produits ultra-transform\u00e9s<\/h6>\n\n\n\n<p class=\"wp-block-paragraph\"><strong>Efficacit\u00e9 fiscale :<\/strong> \u2605\u2605\u2606\u2606\u2606<\/p>\n\n\n\n<ul class=\"wp-block-list\">\n<li>Rendement correct mais plafonn\u00e9<\/li>\n\n\n\n<li>Effet d\u00e9croissant si comportements changent (ce qui est\u2026 positif)<\/li>\n<\/ul>\n\n\n\n<p class=\"wp-block-paragraph\"><strong>Efficacit\u00e9 \u00e9conomique :<\/strong> \u2605\u2605\u2605\u2605\u2605<\/p>\n\n\n\n<ul class=\"wp-block-list\">\n<li>R\u00e9duction des co\u00fbts de sant\u00e9 \u00e0 moyen terme<\/li>\n\n\n\n<li>Gain net pour les finances publiques indirectes<\/li>\n<\/ul>\n\n\n\n<p class=\"wp-block-paragraph\"><strong>Verdict :<\/strong><br>\u2714\ufe0f Excellente mesure <strong>pr\u00e9ventive<\/strong><br>\u274c Faible impact direct sur le d\u00e9ficit court terme<\/p>\n\n\n\n<hr class=\"wp-block-separator has-alpha-channel-opacity\"\/>\n\n\n\n<h6 class=\"wp-block-heading\">7\ufe0f\u20e3 R\u00e9\u00e9quilibrage fiscal travail \/ rente<\/h6>\n\n\n\n<p class=\"wp-block-paragraph\"><strong>Efficacit\u00e9 fiscale :<\/strong> \u2605\u2605\u2605\u2606\u2606<\/p>\n\n\n\n<ul class=\"wp-block-list\">\n<li>D\u00e9pend du calibrage<\/li>\n\n\n\n<li>Peut \u00eatre neutre ou l\u00e9g\u00e8rement positif<\/li>\n<\/ul>\n\n\n\n<p class=\"wp-block-paragraph\"><strong>Efficacit\u00e9 \u00e9conomique :<\/strong> \u2605\u2605\u2605\u2605\u2605<\/p>\n\n\n\n<ul class=\"wp-block-list\">\n<li>Effet tr\u00e8s positif sur l\u2019offre de travail<\/li>\n\n\n\n<li>Meilleure acceptabilit\u00e9 sociale de l\u2019imp\u00f4t<\/li>\n<\/ul>\n\n\n\n<p class=\"wp-block-paragraph\"><strong>Verdict :<\/strong><br>\u2714\ufe0f Mesure <strong>cl\u00e9 de cr\u00e9dibilit\u00e9 \u00e9conomique<\/strong><br>\u2714\ufe0f Rend le syst\u00e8me fiscal plus productif<\/p>\n\n\n\n<hr class=\"wp-block-separator has-alpha-channel-opacity\"\/>\n\n\n\n<h6 class=\"wp-block-heading\">8\ufe0f\u20e3 Taxe anti-sp\u00e9culation immobili\u00e8re<\/h6>\n\n\n\n<p class=\"wp-block-paragraph\"><strong>Efficacit\u00e9 fiscale :<\/strong> \u2605\u2605\u2606\u2606\u2606<\/p>\n\n\n\n<ul class=\"wp-block-list\">\n<li>Rendement limit\u00e9 mais stable<\/li>\n\n\n\n<li>Effet dissuasif plus important que budg\u00e9taire<\/li>\n<\/ul>\n\n\n\n<p class=\"wp-block-paragraph\"><strong>Efficacit\u00e9 \u00e9conomique :<\/strong> \u2605\u2605\u2605\u2605\u2606<\/p>\n\n\n\n<ul class=\"wp-block-list\">\n<li>R\u00e9duit bulles immobili\u00e8res<\/li>\n\n\n\n<li>Am\u00e9liore acc\u00e8s au logement<\/li>\n<\/ul>\n\n\n\n<p class=\"wp-block-paragraph\"><strong>Verdict :<\/strong><br>\u2714\ufe0f Tr\u00e8s bonne mesure d\u2019<strong>assainissement du march\u00e9<\/strong><br>\u274c Contribution modeste au d\u00e9ficit<\/p>\n\n\n\n<hr class=\"wp-block-separator has-alpha-channel-opacity\"\/>\n\n\n\n<h6 class=\"wp-block-heading\">9\ufe0f\u20e3 Bonus fiscal pour entreprises sobres en subventions<\/h6>\n\n\n\n<p class=\"wp-block-paragraph\"><strong>Efficacit\u00e9 fiscale :<\/strong> \u2605\u2605\u2605\u2606\u2606<\/p>\n\n\n\n<ul class=\"wp-block-list\">\n<li>Effet net positif via baisse des d\u00e9penses<\/li>\n\n\n\n<li>Rendement progressif<\/li>\n<\/ul>\n\n\n\n<p class=\"wp-block-paragraph\"><strong>Efficacit\u00e9 \u00e9conomique :<\/strong> \u2605\u2605\u2605\u2605\u2606<\/p>\n\n\n\n<ul class=\"wp-block-list\">\n<li>Responsabilise les entreprises<\/li>\n\n\n\n<li>R\u00e9duit d\u00e9pendance \u00e0 l\u2019\u00c9tat<\/li>\n<\/ul>\n\n\n\n<p class=\"wp-block-paragraph\"><strong>Verdict :<\/strong><br>\u2714\ufe0f Mesure intelligente de <strong>d\u00e9sintoxication budg\u00e9taire<\/strong><br>\u26a0\ufe0f Effets visibles \u00e0 moyen terme<\/p>\n\n\n\n<hr class=\"wp-block-separator has-alpha-channel-opacity\"\/>\n\n\n\n<h6 class=\"wp-block-heading\">\ud83d\udd1f Pacte anti-fraude nouvelle g\u00e9n\u00e9ration (IA)<\/h6>\n\n\n\n<p class=\"wp-block-paragraph\"><strong>Efficacit\u00e9 fiscale :<\/strong> \u2605\u2605\u2605\u2605\u2605<\/p>\n\n\n\n<ul class=\"wp-block-list\">\n<li>Meilleur rendement de toutes les mesures<\/li>\n\n\n\n<li>Effet durable et cumulatif<\/li>\n<\/ul>\n\n\n\n<p class=\"wp-block-paragraph\"><strong>Efficacit\u00e9 \u00e9conomique :<\/strong> \u2605\u2605\u2605\u2605\u2605<\/p>\n\n\n\n<ul class=\"wp-block-list\">\n<li>Aucune distorsion \u00e9conomique<\/li>\n\n\n\n<li>R\u00e9tablit l\u2019\u00e9quit\u00e9 fiscale<\/li>\n<\/ul>\n\n\n\n<p class=\"wp-block-paragraph\"><strong>Verdict :<\/strong><br>\u2714\ufe0f MESURE PRIORITAIRE ABSOLUE<br>\u2714\ufe0f Consensus international sur son efficacit\u00e9<\/p>\n\n\n\n<hr class=\"wp-block-separator has-alpha-channel-opacity\"\/>\n\n\n\n<h6 class=\"wp-block-heading\">SYNTH\u00c8SE GLOBALE<\/h6>\n\n\n\n<figure class=\"wp-block-table\"><table class=\"has-fixed-layout\"><thead><tr><td><strong>Mesure<\/strong><strong><\/strong><\/td><td><strong>Rendement<\/strong><strong><\/strong><\/td><td><strong>Effet \u00e9conomique<\/strong><strong><\/strong><\/td><td><strong>Priorit\u00e9<\/strong><strong><\/strong><\/td><\/tr><\/thead><tbody><tr><td>Superprofits<\/td><td>\u00c9lev\u00e9<\/td><td>Moyen<\/td><td>Court terme<\/td><\/tr><tr><td>Imp\u00f4t minimum<\/td><td>\u00c9lev\u00e9<\/td><td>\u00c9lev\u00e9<\/td><td>Structurel<\/td><\/tr><tr><td>Num\u00e9rique<\/td><td>Moyen<\/td><td>\u00c9lev\u00e9<\/td><td>Strat\u00e9gique<\/td><\/tr><tr><td>Successions<\/td><td>Faible<\/td><td>\u00c9lev\u00e9<\/td><td>Qualitatif<\/td><\/tr><tr><td>TVA incitative<\/td><td>Moyen<\/td><td>\u00c9lev\u00e9<\/td><td>R\u00e9orientation<\/td><\/tr><tr><td>Sant\u00e9<\/td><td>Faible<\/td><td>Tr\u00e8s \u00e9lev\u00e9<\/td><td>Pr\u00e9ventif<\/td><\/tr><tr><td>Travail vs rente<\/td><td>Moyen<\/td><td>Tr\u00e8s \u00e9lev\u00e9<\/td><td>Central<\/td><\/tr><tr><td>Immobilier<\/td><td>Faible<\/td><td>\u00c9lev\u00e9<\/td><td>R\u00e9gulation<\/td><\/tr><tr><td>Subventions<\/td><td>Moyen<\/td><td>\u00c9lev\u00e9<\/td><td>Discipline<\/td><\/tr><tr><td>Anti-fraude IA<\/td><td>Tr\u00e8s \u00e9lev\u00e9<\/td><td>Tr\u00e8s \u00e9lev\u00e9<\/td><td>Priorit\u00e9 n\u00b01<\/td><\/tr><\/tbody><\/table><\/figure>\n\n\n\n<hr class=\"wp-block-separator has-alpha-channel-opacity\"\/>\n\n\n\n<p class=\"wp-block-paragraph\">CONCLUSION STRAT\u00c9GIQUE POUR LE MDM<\/p>\n\n\n\n<p class=\"wp-block-paragraph\">\ud83d\udc49 <strong>Cr\u00e9dibilit\u00e9 budg\u00e9taire : forte<\/strong><br>\ud83d\udc49 <strong>Coh\u00e9rence \u00e9conomique : \u00e9lev\u00e9e<\/strong><br>\ud83d\udc49 <strong>Risque macro\u00e9conomique : faible<\/strong><br>\ud83d\udc49 <strong>Acceptabilit\u00e9 sociale : sup\u00e9rieure \u00e0 une hausse d\u2019imp\u00f4ts classique<\/strong><\/p>\n\n\n\n<p class=\"wp-block-paragraph\">Le point cl\u00e9 :<\/p>\n\n\n\n<p class=\"wp-block-paragraph\"><strong>Ce programme ne repose pas sur UNE mesure miracle, mais sur un portefeuille intelligent de mesures compl\u00e9mentaires.<\/strong><\/p>\n","protected":false},"excerpt":{"rendered":"<p>Efficacit\u00e9 fiscale &amp; \u00e9conomique L\u2019\u00e9chelle utilis\u00e9e : 1\ufe0f\u20e3 Contribution de souverainet\u00e9 sur les superprofits Efficacit\u00e9 fiscale : \u2605\u2605\u2605\u2605\u2606 Efficacit\u00e9 \u00e9conomique : \u2605\u2605\u2605\u2606\u2606 Verdict :\u2714\ufe0f Tr\u00e8s bonne mesure de redressement court terme\u26a0\ufe0f \u00c0 encadrer strictement dans le temps 2\ufe0f\u20e3 Imp\u00f4t minimum effectif sur les grandes entreprises Efficacit\u00e9 fiscale : \u2605\u2605\u2605\u2605\u2606 Efficacit\u00e9 \u00e9conomique : \u2605\u2605\u2605\u2605\u2606 Verdict :\u2714\ufe0f [&hellip;]<\/p>\n","protected":false},"author":1,"featured_media":0,"comment_status":"open","ping_status":"open","sticky":false,"template":"","format":"standard","meta":{"_monsterinsights_skip_tracking":false,"_uf_show_specific_survey":0,"_uf_disable_surveys":false,"footnotes":""},"categories":[17],"tags":[],"class_list":["post-2357","post","type-post","status-publish","format-standard","hentry","category-fiscalite"],"_links":{"self":[{"href":"https:\/\/droitemoderniste.be\/index.php\/wp-json\/wp\/v2\/posts\/2357","targetHints":{"allow":["GET"]}}],"collection":[{"href":"https:\/\/droitemoderniste.be\/index.php\/wp-json\/wp\/v2\/posts"}],"about":[{"href":"https:\/\/droitemoderniste.be\/index.php\/wp-json\/wp\/v2\/types\/post"}],"author":[{"embeddable":true,"href":"https:\/\/droitemoderniste.be\/index.php\/wp-json\/wp\/v2\/users\/1"}],"replies":[{"embeddable":true,"href":"https:\/\/droitemoderniste.be\/index.php\/wp-json\/wp\/v2\/comments?post=2357"}],"version-history":[{"count":1,"href":"https:\/\/droitemoderniste.be\/index.php\/wp-json\/wp\/v2\/posts\/2357\/revisions"}],"predecessor-version":[{"id":2359,"href":"https:\/\/droitemoderniste.be\/index.php\/wp-json\/wp\/v2\/posts\/2357\/revisions\/2359"}],"wp:attachment":[{"href":"https:\/\/droitemoderniste.be\/index.php\/wp-json\/wp\/v2\/media?parent=2357"}],"wp:term":[{"taxonomy":"category","embeddable":true,"href":"https:\/\/droitemoderniste.be\/index.php\/wp-json\/wp\/v2\/categories?post=2357"},{"taxonomy":"post_tag","embeddable":true,"href":"https:\/\/droitemoderniste.be\/index.php\/wp-json\/wp\/v2\/tags?post=2357"}],"curies":[{"name":"wp","href":"https:\/\/api.w.org\/{rel}","templated":true}]}}