{"id":2354,"date":"2025-12-23T10:49:32","date_gmt":"2025-12-23T09:49:32","guid":{"rendered":"https:\/\/droitemoderniste.be\/?p=2354"},"modified":"2025-12-23T10:49:32","modified_gmt":"2025-12-23T09:49:32","slug":"pourquoi-le-mdm-nest-pas-defi-et-ne-le-sera-jamais","status":"publish","type":"post","link":"https:\/\/droitemoderniste.be\/index.php\/2025\/12\/23\/pourquoi-le-mdm-nest-pas-defi-et-ne-le-sera-jamais\/","title":{"rendered":"\u00ab\u00a0Pourquoi le MDM n&rsquo;est pas D\u00e9FI- et ne le sera jamais\u00a0\u00bb"},"content":{"rendered":"\n<figure class=\"wp-block-image size-full\"><img loading=\"lazy\" decoding=\"async\" width=\"275\" height=\"183\" src=\"https:\/\/droitemoderniste.be\/wp-content\/uploads\/2025\/12\/DeFI1.jpg\" alt=\"\" class=\"wp-image-2355\"\/><\/figure>\n\n\n\n<p class=\"wp-block-paragraph\">Chers citoyens,<br>Chers \u00e9lecteurs fatigu\u00e9s des partis qui restent sur le compromis,<\/p>\n\n\n\n<p class=\"wp-block-paragraph\">Il est temps d\u2019\u00eatre clair : <strong>le <mark style=\"background-color:rgba(0, 0, 0, 0);color:#ff6900\" class=\"has-inline-color\">MDM<\/mark> n\u2019est pas D\u00e9FI<\/strong>.<br>D\u00e9FI a une mission : d\u00e9fendre certaines communaut\u00e9s, n\u00e9gocier, pr\u00e9server des \u00e9quilibres historiques.<br>C\u2019est un parti utile pour certains, mais limit\u00e9 pour <strong>la Belgique dans son ensemble<\/strong>.<\/p>\n\n\n\n<hr class=\"wp-block-separator has-alpha-channel-opacity\"\/>\n\n\n\n<p class=\"wp-block-paragraph\"><strong>D\u00e9FI d\u00e9fend des int\u00e9r\u00eats partiels.<\/strong><\/p>\n\n\n\n<p class=\"wp-block-paragraph\">Le <mark style=\"background-color:rgba(0, 0, 0, 0);color:#ff6900\" class=\"has-inline-color\">MDM<\/mark> d\u00e9fend l\u2019int\u00e9r\u00eat g\u00e9n\u00e9ral.<\/p>\n\n\n\n<p class=\"wp-block-paragraph\">D\u00e9FI parle souvent d\u2019\u00e9galit\u00e9 et de droits communautaires,<br>mais d\u00e8s qu\u2019il s\u2019agit de r\u00e9formes nationales ambitieuses,<br>le parti reste prudent, attentiste et centr\u00e9 sur des compromis internes.<\/p>\n\n\n\n<p class=\"wp-block-paragraph\">Le <mark style=\"background-color:rgba(0, 0, 0, 0);color:#ff6900\" class=\"has-inline-color\">MDM<\/mark>, lui, regarde <strong>la Belgique enti\u00e8re<\/strong>.<br>Nous voulons une politique qui :<\/p>\n\n\n\n<ul class=\"wp-block-list\">\n<li>prot\u00e8ge notre \u00e9conomie,<\/li>\n\n\n\n<li>r\u00e9organise la mobilit\u00e9 et l\u2019\u00e9ducation,<\/li>\n\n\n\n<li>ma\u00eetrise l\u2019immigration de mani\u00e8re coh\u00e9rente,<\/li>\n\n\n\n<li>assure une justice rapide et efficace,<\/li>\n\n\n\n<li>pr\u00e9pare le pays aux d\u00e9fis climatiques et technologiques.<\/li>\n<\/ul>\n\n\n\n<p class=\"wp-block-paragraph\">Nous ne sommes pas limit\u00e9s par les cloisonnements communautaires ou les alliances temporaires.<br>Nous agissons pour <strong>la coh\u00e9sion et l\u2019avenir du pays<\/strong>.<\/p>\n\n\n\n<hr class=\"wp-block-separator has-alpha-channel-opacity\"\/>\n\n\n\n<p class=\"wp-block-paragraph\"><strong>D\u00e9FI apaise. Le <mark style=\"background-color:rgba(0, 0, 0, 0);color:#ff6900\" class=\"has-inline-color\">MDM<\/mark> r\u00e9forme.<\/strong><\/p>\n\n\n\n<p class=\"wp-block-paragraph\">Quand D\u00e9FI cherche l\u2019\u00e9quilibre, nous prenons des d\u00e9cisions.<br>Quand D\u00e9FI n\u00e9gocie \u00e0 l\u2019infini, nous <strong>tranchons et mettons en \u0153uvre<\/strong>.<br>Quand D\u00e9FI d\u00e9fend des int\u00e9r\u00eats partiels, nous <strong>d\u00e9fendons la Belgique enti\u00e8re<\/strong>.<\/p>\n\n\n\n<p class=\"wp-block-paragraph\">Leurs compromis sont utiles pour conserver des si\u00e8ges.<br>Nos r\u00e9formes sont utiles pour <strong>faire progresser le pays<\/strong>.<\/p>\n\n\n\n<hr class=\"wp-block-separator has-alpha-channel-opacity\"\/>\n\n\n\n<p class=\"wp-block-paragraph\"><strong>Le choix est clair.<\/strong><\/p>\n\n\n\n<p class=\"wp-block-paragraph\">Si vous voulez un parti centr\u00e9 sur des ajustements et la protection de niches, D\u00e9FI est l\u00e0.<br>Si vous voulez un parti <strong>qui transforme, qui assume et qui agit<\/strong>, le <mark style=\"background-color:rgba(0, 0, 0, 0);color:#ff6900\" class=\"has-inline-color\">MDM<\/mark> est la seule alternative.<\/p>\n\n\n\n<p class=\"wp-block-paragraph\">Nous ne sommes pas un parti de gestion.<br>Nous sommes un parti de <strong>vision et d\u2019action<\/strong>.<\/p>\n\n\n\n<p class=\"wp-block-paragraph\"><strong>Le <mark style=\"background-color:rgba(0, 0, 0, 0);color:#ff6900\" class=\"has-inline-color\">Mouvement Droite Moderniste<\/mark>.<br>L\u2019audace d\u2019une droite moderne.<\/strong><\/p>\n\n\n\n<p class=\"wp-block-paragraph\"><\/p>\n","protected":false},"excerpt":{"rendered":"<p>Chers citoyens,Chers \u00e9lecteurs fatigu\u00e9s des partis qui restent sur le compromis, Il est temps d\u2019\u00eatre clair : le MDM n\u2019est pas D\u00e9FI.D\u00e9FI a une mission : d\u00e9fendre certaines communaut\u00e9s, n\u00e9gocier, pr\u00e9server des \u00e9quilibres historiques.C\u2019est un parti utile pour certains, mais limit\u00e9 pour la Belgique dans son ensemble. D\u00e9FI d\u00e9fend des int\u00e9r\u00eats partiels. Le MDM d\u00e9fend [&hellip;]<\/p>\n","protected":false},"author":1,"featured_media":0,"comment_status":"open","ping_status":"open","sticky":false,"template":"","format":"standard","meta":{"_monsterinsights_skip_tracking":false,"_uf_show_specific_survey":0,"_uf_disable_surveys":false,"footnotes":""},"categories":[42],"tags":[],"class_list":["post-2354","post","type-post","status-publish","format-standard","hentry","category-discours"],"_links":{"self":[{"href":"https:\/\/droitemoderniste.be\/index.php\/wp-json\/wp\/v2\/posts\/2354","targetHints":{"allow":["GET"]}}],"collection":[{"href":"https:\/\/droitemoderniste.be\/index.php\/wp-json\/wp\/v2\/posts"}],"about":[{"href":"https:\/\/droitemoderniste.be\/index.php\/wp-json\/wp\/v2\/types\/post"}],"author":[{"embeddable":true,"href":"https:\/\/droitemoderniste.be\/index.php\/wp-json\/wp\/v2\/users\/1"}],"replies":[{"embeddable":true,"href":"https:\/\/droitemoderniste.be\/index.php\/wp-json\/wp\/v2\/comments?post=2354"}],"version-history":[{"count":1,"href":"https:\/\/droitemoderniste.be\/index.php\/wp-json\/wp\/v2\/posts\/2354\/revisions"}],"predecessor-version":[{"id":2356,"href":"https:\/\/droitemoderniste.be\/index.php\/wp-json\/wp\/v2\/posts\/2354\/revisions\/2356"}],"wp:attachment":[{"href":"https:\/\/droitemoderniste.be\/index.php\/wp-json\/wp\/v2\/media?parent=2354"}],"wp:term":[{"taxonomy":"category","embeddable":true,"href":"https:\/\/droitemoderniste.be\/index.php\/wp-json\/wp\/v2\/categories?post=2354"},{"taxonomy":"post_tag","embeddable":true,"href":"https:\/\/droitemoderniste.be\/index.php\/wp-json\/wp\/v2\/tags?post=2354"}],"curies":[{"name":"wp","href":"https:\/\/api.w.org\/{rel}","templated":true}]}}