{"id":2351,"date":"2025-12-22T14:44:14","date_gmt":"2025-12-22T13:44:14","guid":{"rendered":"https:\/\/droitemoderniste.be\/?p=2351"},"modified":"2025-12-22T14:44:14","modified_gmt":"2025-12-22T13:44:14","slug":"la-revolution-fiscale-du-mdm","status":"publish","type":"post","link":"https:\/\/droitemoderniste.be\/index.php\/2025\/12\/22\/la-revolution-fiscale-du-mdm\/","title":{"rendered":"La r\u00e9volution fiscale du MDM"},"content":{"rendered":"\n<figure class=\"wp-block-image size-full\"><img loading=\"lazy\" decoding=\"async\" width=\"633\" height=\"306\" src=\"https:\/\/droitemoderniste.be\/wp-content\/uploads\/2025\/12\/argent.webp\" alt=\"\" class=\"wp-image-2352\" srcset=\"https:\/\/droitemoderniste.be\/wp-content\/uploads\/2025\/12\/argent.webp 633w, https:\/\/droitemoderniste.be\/wp-content\/uploads\/2025\/12\/argent-300x145.webp 300w\" sizes=\"auto, (max-width: 633px) 100vw, 633px\" \/><\/figure>\n\n\n\n<p class=\"wp-block-paragraph\">Chers concitoyens,<br>Chers amis,<\/p>\n\n\n\n<p class=\"wp-block-paragraph\">Aujourd\u2019hui, parlons franchement.<br>La fiscalit\u00e9 belge ne fonctionne plus.<\/p>\n\n\n\n<p class=\"wp-block-paragraph\">Elle est devenue trop lourde pour ceux qui travaillent,<br>trop complexe pour ceux qui veulent comprendre,<br>et trop injuste pour ceux qui jouent le jeu.<\/p>\n\n\n\n<p class=\"wp-block-paragraph\">En Belgique, travailler plus ne rapporte souvent\u2026 presque rien.<br>Les classes moyennes \u00e9touffent.<br>Les ind\u00e9pendants se d\u00e9couragent.<br>Les familles font les comptes en fin de mois pendant que d\u2019autres \u00e9chappent \u00e0 l\u2019imp\u00f4t.<\/p>\n\n\n\n<p class=\"wp-block-paragraph\"><strong>\u00c7a n\u2019est pas une fatalit\u00e9.<\/strong><\/p>\n\n\n\n<p class=\"wp-block-paragraph\">Le <mark style=\"background-color:rgba(0, 0, 0, 0);color:#ff6900\" class=\"has-inline-color\">Mouvement Droite Moderniste<\/mark> propose une <strong>r\u00e9volution fiscale responsable, juste et moderne<\/strong>.<\/p>\n\n\n\n<hr class=\"wp-block-separator has-alpha-channel-opacity\"\/>\n\n\n\n<h6 class=\"wp-block-heading\">Premi\u00e8re priorit\u00e9 : lib\u00e9rer le travail<\/h6>\n\n\n\n<p class=\"wp-block-paragraph\">Notre message est simple :<br><strong>travailler doit toujours payer.<\/strong><\/p>\n\n\n\n<p class=\"wp-block-paragraph\">Nous voulons un imp\u00f4t clair, compr\u00e9hensible, sans pi\u00e8ges :<\/p>\n\n\n\n<ul class=\"wp-block-list\">\n<li>Z\u00e9ro imp\u00f4t sur les revenus de subsistance<\/li>\n\n\n\n<li>Un taux mod\u00e9r\u00e9 pour les revenus moyens<\/li>\n\n\n\n<li>Une contribution \u00e9quitable pour les hauts revenus<\/li>\n<\/ul>\n\n\n\n<p class=\"wp-block-paragraph\">Moins de tranches, moins de calculs absurdes, plus de lisibilit\u00e9.<\/p>\n\n\n\n<p class=\"wp-block-paragraph\">Parce que chaque heure travaill\u00e9e m\u00e9rite respect.<br>Parce que l\u2019effort ne doit plus \u00eatre puni.<\/p>\n\n\n\n<hr class=\"wp-block-separator has-alpha-channel-opacity\"\/>\n\n\n\n<h6 class=\"wp-block-heading\">Deuxi\u00e8me priorit\u00e9 : soutenir les familles et les classes moyennes<\/h6>\n\n\n\n<p class=\"wp-block-paragraph\">Avoir des enfants, travailler dur, entreprendre,<br>ce sont des richesses pour la nation.<\/p>\n\n\n\n<p class=\"wp-block-paragraph\">Le <mark style=\"background-color:rgba(0, 0, 0, 0);color:#ff6900\" class=\"has-inline-color\">MDM<\/mark> instaurera :<\/p>\n\n\n\n<ul class=\"wp-block-list\">\n<li>Un <strong>cr\u00e9dit d\u2019imp\u00f4t fort par enfant<\/strong>, simple et identique pour tous<\/li>\n\n\n\n<li>Un <strong>bonus fiscal au travail<\/strong>, pour augmenter le salaire net sans p\u00e9naliser l\u2019employeur<\/li>\n<\/ul>\n\n\n\n<p class=\"wp-block-paragraph\">C\u2019est une politique de justice sociale,<br>mais aussi une politique de responsabilit\u00e9.<\/p>\n\n\n\n<hr class=\"wp-block-separator has-alpha-channel-opacity\"\/>\n\n\n\n<h6 class=\"wp-block-heading\">Troisi\u00e8me priorit\u00e9 : refaire de la Belgique un pays qui entreprend<\/h6>\n\n\n\n<p class=\"wp-block-paragraph\">La richesse ne tombe pas du ciel.<br>Elle se cr\u00e9e dans nos entreprises, nos PME, nos industries, nos start-ups.<\/p>\n\n\n\n<p class=\"wp-block-paragraph\">Nous voulons :<\/p>\n\n\n\n<ul class=\"wp-block-list\">\n<li>Un imp\u00f4t des soci\u00e9t\u00e9s <strong>comp\u00e9titif<\/strong>, stable, pr\u00e9visible<\/li>\n\n\n\n<li>Un soutien clair \u00e0 l\u2019innovation, \u00e0 la recherche et \u00e0 l\u2019industrie locale<\/li>\n<\/ul>\n\n\n\n<p class=\"wp-block-paragraph\">Mais soyons clairs :<br>les multinationales doivent payer <strong>l\u00e0 o\u00f9 elles cr\u00e9ent r\u00e9ellement de la valeur<\/strong>.<\/p>\n\n\n\n<p class=\"wp-block-paragraph\">Fini les profits d\u00e9plac\u00e9s artificiellement.<br>M\u00eame r\u00e8gle pour tous.<\/p>\n\n\n\n<hr class=\"wp-block-separator has-alpha-channel-opacity\"\/>\n\n\n\n<h6 class=\"wp-block-heading\">Quatri\u00e8me priorit\u00e9 : r\u00e9tablir la justice fiscale<\/h6>\n\n\n\n<p class=\"wp-block-paragraph\">La r\u00e9volution fiscale du <mark style=\"background-color:rgba(0, 0, 0, 0);color:#ff6900\" class=\"has-inline-color\">MDM<\/mark>, c\u2019est aussi le courage de dire stop :<\/p>\n\n\n\n<ul class=\"wp-block-list\">\n<li>Stop aux niches fiscales injustifi\u00e9es<\/li>\n\n\n\n<li>Stop aux privil\u00e8ges opaques<\/li>\n\n\n\n<li>Stop \u00e0 l\u2019\u00e9vasion et \u00e0 l\u2019optimisation agressive<\/li>\n<\/ul>\n\n\n\n<p class=\"wp-block-paragraph\">Chaque euro d\u00fb doit \u00eatre pay\u00e9.<br>Chaque euro pay\u00e9 doit \u00eatre utile.<\/p>\n\n\n\n<p class=\"wp-block-paragraph\">C\u2019est une question de confiance entre l\u2019\u00c9tat et les citoyens.<\/p>\n\n\n\n<hr class=\"wp-block-separator has-alpha-channel-opacity\"\/>\n\n\n\n<h6 class=\"wp-block-heading\">Cinqui\u00e8me priorit\u00e9 : une \u00e9cologie juste, pas punitive<\/h6>\n\n\n\n<p class=\"wp-block-paragraph\">Oui, nous devons prot\u00e9ger l\u2019environnement.<br>Mais non, nous ne sacrifierons pas les familles et les travailleurs.<\/p>\n\n\n\n<p class=\"wp-block-paragraph\">Le <mark style=\"background-color:rgba(0, 0, 0, 0);color:#ff6900\" class=\"has-inline-color\">MDM<\/mark> d\u00e9fend :<\/p>\n\n\n\n<ul class=\"wp-block-list\">\n<li>Une fiscalit\u00e9 environnementale cibl\u00e9e sur les <strong>grandes pollutions<\/strong><\/li>\n\n\n\n<li>Un <strong>dividende climatique<\/strong> redistribu\u00e9 aux citoyens<\/li>\n\n\n\n<li>Des incitants pour produire mieux, plus proprement, localement<\/li>\n<\/ul>\n\n\n\n<p class=\"wp-block-paragraph\">Un environnementalisme efficace<br>Un environnementalisme socialement juste<br>Un environnementalisme souverain<\/p>\n\n\n\n<hr class=\"wp-block-separator has-alpha-channel-opacity\"\/>\n\n\n\n<h6 class=\"wp-block-heading\">Enfin : un \u00c9tat moderne, pas un \u00c9tat kafka\u00efen<\/h6>\n\n\n\n<p class=\"wp-block-paragraph\">Un imp\u00f4t simple est un imp\u00f4t accept\u00e9.<\/p>\n\n\n\n<p class=\"wp-block-paragraph\">Nous voulons :<\/p>\n\n\n\n<ul class=\"wp-block-list\">\n<li>Des d\u00e9clarations pr\u00e9-remplies claires<\/li>\n\n\n\n<li>Moins de paperasse, moins de contr\u00f4les absurdes<\/li>\n\n\n\n<li>Plus de respect pour le contribuable honn\u00eate<\/li>\n<\/ul>\n\n\n\n<hr class=\"wp-block-separator has-alpha-channel-opacity\"\/>\n\n\n\n<h6 class=\"wp-block-heading\">Conclusion<\/h6>\n\n\n\n<p class=\"wp-block-paragraph\">Notre engagement est clair :<\/p>\n\n\n\n<p class=\"wp-block-paragraph\">\u2714Travailler doit payer<br>\u2714Entreprendre doit \u00eatre encourag\u00e9<br>\u2714L\u2019imp\u00f4t doit \u00eatre juste<br>\u2714L\u2019\u00c9tat doit \u00eatre efficace<br>\u2714La Belgique doit rester forte, souveraine et confiante en elle-m\u00eame<\/p>\n\n\n\n<p class=\"wp-block-paragraph\"><strong>C\u2019est cela, la r\u00e9volution fiscale du <mark style=\"background-color:rgba(0, 0, 0, 0);color:#ff6900\" class=\"has-inline-color\">Mouvement Droite Moderniste<\/mark>.<\/strong><\/p>\n\n\n\n<p class=\"wp-block-paragraph\">Une r\u00e9volution de bon sens.<br>Une r\u00e9volution de justice.<br>Une r\u00e9volution pour l\u2019avenir.<\/p>\n\n\n\n<p class=\"wp-block-paragraph\"><strong>Racines fortes, regard neuf.<\/strong><\/p>\n\n\n\n<p class=\"wp-block-paragraph\">Merci.<\/p>\n","protected":false},"excerpt":{"rendered":"<p>Chers concitoyens,Chers amis, Aujourd\u2019hui, parlons franchement.La fiscalit\u00e9 belge ne fonctionne plus. Elle est devenue trop lourde pour ceux qui travaillent,trop complexe pour ceux qui veulent comprendre,et trop injuste pour ceux qui jouent le jeu. En Belgique, travailler plus ne rapporte souvent\u2026 presque rien.Les classes moyennes \u00e9touffent.Les ind\u00e9pendants se d\u00e9couragent.Les familles font les comptes en fin [&hellip;]<\/p>\n","protected":false},"author":1,"featured_media":0,"comment_status":"open","ping_status":"open","sticky":false,"template":"","format":"standard","meta":{"_monsterinsights_skip_tracking":false,"_uf_show_specific_survey":0,"_uf_disable_surveys":false,"footnotes":""},"categories":[42,17],"tags":[],"class_list":["post-2351","post","type-post","status-publish","format-standard","hentry","category-discours","category-fiscalite"],"_links":{"self":[{"href":"https:\/\/droitemoderniste.be\/index.php\/wp-json\/wp\/v2\/posts\/2351","targetHints":{"allow":["GET"]}}],"collection":[{"href":"https:\/\/droitemoderniste.be\/index.php\/wp-json\/wp\/v2\/posts"}],"about":[{"href":"https:\/\/droitemoderniste.be\/index.php\/wp-json\/wp\/v2\/types\/post"}],"author":[{"embeddable":true,"href":"https:\/\/droitemoderniste.be\/index.php\/wp-json\/wp\/v2\/users\/1"}],"replies":[{"embeddable":true,"href":"https:\/\/droitemoderniste.be\/index.php\/wp-json\/wp\/v2\/comments?post=2351"}],"version-history":[{"count":1,"href":"https:\/\/droitemoderniste.be\/index.php\/wp-json\/wp\/v2\/posts\/2351\/revisions"}],"predecessor-version":[{"id":2353,"href":"https:\/\/droitemoderniste.be\/index.php\/wp-json\/wp\/v2\/posts\/2351\/revisions\/2353"}],"wp:attachment":[{"href":"https:\/\/droitemoderniste.be\/index.php\/wp-json\/wp\/v2\/media?parent=2351"}],"wp:term":[{"taxonomy":"category","embeddable":true,"href":"https:\/\/droitemoderniste.be\/index.php\/wp-json\/wp\/v2\/categories?post=2351"},{"taxonomy":"post_tag","embeddable":true,"href":"https:\/\/droitemoderniste.be\/index.php\/wp-json\/wp\/v2\/tags?post=2351"}],"curies":[{"name":"wp","href":"https:\/\/api.w.org\/{rel}","templated":true}]}}