{"id":2334,"date":"2025-12-22T10:29:40","date_gmt":"2025-12-22T09:29:40","guid":{"rendered":"https:\/\/droitemoderniste.be\/?p=2334"},"modified":"2025-12-22T10:29:40","modified_gmt":"2025-12-22T09:29:40","slug":"10-mesures-fiscales-pour-redresser-les-finances-publiques","status":"publish","type":"post","link":"https:\/\/droitemoderniste.be\/index.php\/2025\/12\/22\/10-mesures-fiscales-pour-redresser-les-finances-publiques\/","title":{"rendered":"10 mesures fiscales pour redresser les finances publiques"},"content":{"rendered":"\n<figure class=\"wp-block-image size-full\"><img loading=\"lazy\" decoding=\"async\" width=\"299\" height=\"168\" src=\"https:\/\/droitemoderniste.be\/wp-content\/uploads\/2025\/12\/deficit1-1.jpg\" alt=\"\" class=\"wp-image-2335\"\/><\/figure>\n\n\n\n<p class=\"wp-block-paragraph\">Nous proposons <strong>10 mesures fiscales cibl\u00e9es, innovantes et coh\u00e9rentes avec la ligne du <mark style=\"background-color:rgba(0, 0, 0, 0);color:#ff6900\" class=\"has-inline-color\">MDM<\/mark><\/strong> :<br>=> <strong>pas d\u2019augmentation g\u00e9n\u00e9rale des imp\u00f4ts<\/strong>,<br>=> <strong>justice fiscale<\/strong>,<br>=> <strong>souverainisme \u00e9conomique<\/strong>,<br>=> <strong>efficacit\u00e9 budg\u00e9taire mesurable<\/strong>.<\/p>\n\n\n\n<p class=\"wp-block-paragraph\">L\u2019objectif est clair : <strong>r\u00e9duire le d\u00e9ficit sans casser la croissance ni p\u00e9naliser les classes moyennes actives<\/strong>.<\/p>\n\n\n\n<hr class=\"wp-block-separator has-alpha-channel-opacity\"\/>\n\n\n\n<h6 class=\"wp-block-heading\">1. Contribution de souverainet\u00e9 sur les superprofits exceptionnels<\/h6>\n\n\n\n<p class=\"wp-block-paragraph\"><strong>Principe :<\/strong><br>Taxation temporaire et cibl\u00e9e des <strong>profits exceptionnels non li\u00e9s \u00e0 l\u2019investissement<\/strong> (\u00e9nergie, crises, rentes).<\/p>\n\n\n\n<ul class=\"wp-block-list\">\n<li>Exon\u00e9ration si r\u00e9investissement productif en Belgique<\/li>\n\n\n\n<li>Mesure limit\u00e9e dans le temps<\/li>\n<\/ul>\n\n\n\n<p class=\"wp-block-paragraph\"><strong>Impact estim\u00e9 :<\/strong> +1,5 \u00e0 +2 milliards \u20ac\/an<br><strong>ADN <mark style=\"background-color:rgba(0, 0, 0, 0);color:#ff6900\" class=\"has-inline-color\">MDM<\/mark> :<\/strong> justice, souverainet\u00e9 \u00e9conomique<\/p>\n\n\n\n<hr class=\"wp-block-separator has-alpha-channel-opacity\"\/>\n\n\n\n<h6 class=\"wp-block-heading\">2. Imp\u00f4t minimum effectif sur les grandes entreprises<\/h6>\n\n\n\n<p class=\"wp-block-paragraph\"><strong>Principe :<\/strong><br>Aucune grande entreprise ne peut payer <strong>moins de X % d\u2019imp\u00f4t r\u00e9el<\/strong>, apr\u00e8s d\u00e9ductions.<\/p>\n\n\n\n<ul class=\"wp-block-list\">\n<li>Compatible OCDE<\/li>\n\n\n\n<li>Fin de l\u2019optimisation agressive<\/li>\n<\/ul>\n\n\n\n<p class=\"wp-block-paragraph\"><strong>Impact estim\u00e9 :<\/strong> +1 \u00e0 +1,5 milliard \u20ac\/an<br><strong>ADN <mark style=\"background-color:rgba(0, 0, 0, 0);color:#ff6900\" class=\"has-inline-color\">MDM<\/mark> :<\/strong> \u00e9quit\u00e9 fiscale, concurrence loyale<\/p>\n\n\n\n<hr class=\"wp-block-separator has-alpha-channel-opacity\"\/>\n\n\n\n<h6 class=\"wp-block-heading\">3. Taxe anti-d\u00e9localisation des profits num\u00e9riques<\/h6>\n\n\n\n<p class=\"wp-block-paragraph\"><strong>Principe :<\/strong><br>Taxation des revenus g\u00e9n\u00e9r\u00e9s en Belgique par les plateformes num\u00e9riques \u00e9trang\u00e8res.<\/p>\n\n\n\n<ul class=\"wp-block-list\">\n<li>Bas\u00e9e sur l\u2019activit\u00e9 r\u00e9elle (utilisateurs, donn\u00e9es)<\/li>\n\n\n\n<li>Coordination europ\u00e9enne prioritaire<\/li>\n<\/ul>\n\n\n\n<p class=\"wp-block-paragraph\"><strong>Impact estim\u00e9 :<\/strong> +800 millions \u20ac\/an<br><strong>ADN <mark style=\"background-color:rgba(0, 0, 0, 0);color:#ff6900\" class=\"has-inline-color\">MDM<\/mark> :<\/strong> souverainisme num\u00e9rique<\/p>\n\n\n\n<hr class=\"wp-block-separator has-alpha-channel-opacity\"\/>\n\n\n\n<h6 class=\"wp-block-heading\">4. R\u00e9forme des droits de succession : moins pour transmettre, plus pour accumuler<\/h6>\n\n\n\n<p class=\"wp-block-paragraph\"><strong>Principe :<\/strong><\/p>\n\n\n\n<p class=\"wp-block-paragraph\"><br>* All\u00e8gement des transmissions familiales et PME<br>* Alourdissement sur les <strong>patrimoines dormants ultra-\u00e9lev\u00e9s<\/strong><\/p>\n\n\n\n<p class=\"wp-block-paragraph\"><strong>Impact estim\u00e9 :<\/strong> neutre \u00e0 +500 millions \u20ac\/an<br><strong>ADN <mark style=\"background-color:rgba(0, 0, 0, 0);color:#ff6900\" class=\"has-inline-color\">MDM<\/mark> :<\/strong> m\u00e9ritocratie, enracinement<\/p>\n\n\n\n<hr class=\"wp-block-separator has-alpha-channel-opacity\"\/>\n\n\n\n<h6 class=\"wp-block-heading\">5. TVA diff\u00e9renci\u00e9e incitative<\/h6>\n\n\n\n<p class=\"wp-block-paragraph\"><strong>Principe :<\/strong><br>TVA r\u00e9duite sur les biens <strong>durables, r\u00e9parables, produits localement<\/strong><br>TVA major\u00e9e sur produits jetables, ultra-import\u00e9s ou polluants<\/p>\n\n\n\n<p class=\"wp-block-paragraph\"><strong>Impact estim\u00e9 :<\/strong> +1 milliard \u20ac\/an<br><strong>ADN <mark style=\"background-color:rgba(0, 0, 0, 0);color:#ff6900\" class=\"has-inline-color\">MDM<\/mark> :<\/strong> environnementalisme optimiste, production locale<\/p>\n\n\n\n<hr class=\"wp-block-separator has-alpha-channel-opacity\"\/>\n\n\n\n<h6 class=\"wp-block-heading\">6. Contribution sant\u00e9 sur produits ultra-transform\u00e9s<\/h6>\n\n\n\n<p class=\"wp-block-paragraph\"><strong>Principe :<\/strong><br>Micro-taxe affect\u00e9e aux soins de sant\u00e9 sur les produits \u00e0 fort impact sanitaire.<\/p>\n\n\n\n<ul class=\"wp-block-list\">\n<li>Incitative, pas punitive<\/li>\n\n\n\n<li>Protection des m\u00e9nages modestes (ch\u00e8ques compensatoires)<\/li>\n<\/ul>\n\n\n\n<p class=\"wp-block-paragraph\"><strong>Impact estim\u00e9 :<\/strong> +600 millions \u20ac\/an<br><strong>ADN <mark style=\"background-color:rgba(0, 0, 0, 0);color:#ff6900\" class=\"has-inline-color\">MDM<\/mark> :<\/strong> pr\u00e9vention, justice sociale<\/p>\n\n\n\n<hr class=\"wp-block-separator has-alpha-channel-opacity\"\/>\n\n\n\n<h6 class=\"wp-block-heading\">7. Fiscalit\u00e9 avantageuse pour le travail plut\u00f4t que la rente<\/h6>\n\n\n\n<p class=\"wp-block-paragraph\"><strong>Principe :<\/strong><\/p>\n\n\n\n<p class=\"wp-block-paragraph\"><br>* All\u00e8gement cibl\u00e9 sur les revenus du travail<br>* Harmonisation plus stricte de la fiscalit\u00e9 des revenus purement rentiers<\/p>\n\n\n\n<p class=\"wp-block-paragraph\"><strong>Impact estim\u00e9 :<\/strong> +500 millions \u20ac\/an<br><strong>ADN <mark style=\"background-color:rgba(0, 0, 0, 0);color:#ff6900\" class=\"has-inline-color\">MDM<\/mark> :<\/strong> valorisation du travail<\/p>\n\n\n\n<hr class=\"wp-block-separator has-alpha-channel-opacity\"\/>\n\n\n\n<h6 class=\"wp-block-heading\">8. Taxation intelligente de la sp\u00e9culation immobili\u00e8re<\/h6>\n\n\n\n<p class=\"wp-block-paragraph\"><strong>Principe :<\/strong><br>Taxe progressive sur les <strong>reventes rapides<\/strong> (flipping), pas sur l\u2019habitat principal.<\/p>\n\n\n\n<ul class=\"wp-block-list\">\n<li>Encourage l\u2019investissement long terme<\/li>\n\n\n\n<li>Prot\u00e8ge les primo-acc\u00e9dants<\/li>\n<\/ul>\n\n\n\n<p class=\"wp-block-paragraph\"><strong>Impact estim\u00e9 :<\/strong> +400 millions \u20ac\/an<br><strong>ADN <mark style=\"background-color:rgba(0, 0, 0, 0);color:#ff6900\" class=\"has-inline-color\">MDM<\/mark> :<\/strong> justice territoriale<\/p>\n\n\n\n<hr class=\"wp-block-separator has-alpha-channel-opacity\"\/>\n\n\n\n<h6 class=\"wp-block-heading\">9. Bonus fiscal pour les entreprises sobres en subventions<\/h6>\n\n\n\n<p class=\"wp-block-paragraph\"><strong>Principe :<\/strong><br>Moins de subventions directes = <strong>avantage fiscal<\/strong>.<\/p>\n\n\n\n<ul class=\"wp-block-list\">\n<li>R\u00e9duction des d\u00e9penses publiques<\/li>\n\n\n\n<li>Responsabilisation des entreprises<\/li>\n<\/ul>\n\n\n\n<p class=\"wp-block-paragraph\"><strong>Impact net :<\/strong> +700 millions \u20ac\/an<br><strong>ADN <mark style=\"background-color:rgba(0, 0, 0, 0);color:#ff6900\" class=\"has-inline-color\">MDM<\/mark> :<\/strong> efficacit\u00e9, responsabilit\u00e9<\/p>\n\n\n\n<hr class=\"wp-block-separator has-alpha-channel-opacity\"\/>\n\n\n\n<h6 class=\"wp-block-heading\">10. Pacte anti-fraude nouvelle g\u00e9n\u00e9ration (IA fiscale)<\/h6>\n\n\n\n<p class=\"wp-block-paragraph\"><strong>Principe :<\/strong><br>IA croisant donn\u00e9es fiscales, sociales et douani\u00e8res.<\/p>\n\n\n\n<ul class=\"wp-block-list\">\n<li>Lutte cibl\u00e9e, non intrusive<\/li>\n\n\n\n<li>Priorit\u00e9 aux grandes fraudes<\/li>\n<\/ul>\n\n\n\n<p class=\"wp-block-paragraph\"><strong>Impact estim\u00e9 :<\/strong> +2 \u00e0 +3 milliards \u20ac\/an<br><strong>ADN <mark style=\"background-color:rgba(0, 0, 0, 0);color:#ff6900\" class=\"has-inline-color\">MDM<\/mark> :<\/strong> \u00c9tat moderne, juste<\/p>\n\n\n\n<hr class=\"wp-block-separator has-alpha-channel-opacity\"\/>\n\n\n\n<h6 class=\"wp-block-heading\">Synth\u00e8se d\u2019impact potentiel<\/h6>\n\n\n\n<p class=\"wp-block-paragraph\">\u27a1 <strong>+9 \u00e0 +12 milliards \u20ac\/an<\/strong><br>\u27a1 Sans hausse g\u00e9n\u00e9rale d\u2019imp\u00f4ts<br>\u27a1 Sans pression suppl\u00e9mentaire sur les classes moyennes actives<\/p>\n\n\n\n<hr class=\"wp-block-separator has-alpha-channel-opacity\"\/>\n\n\n\n<h6 class=\"wp-block-heading\">Positionnement politique clair<\/h6>\n\n\n\n<p class=\"wp-block-paragraph\">Le MDM d\u00e9fend une fiscalit\u00e9 :<\/p>\n\n\n\n<ul class=\"wp-block-list\">\n<li><strong>Patriotique mais ouverte<\/strong><\/li>\n\n\n\n<li><strong>Juste mais incitative<\/strong><\/li>\n\n\n\n<li><strong>Moderne mais enracin\u00e9e<\/strong><\/li>\n<\/ul>\n","protected":false},"excerpt":{"rendered":"<p>Nous proposons 10 mesures fiscales cibl\u00e9es, innovantes et coh\u00e9rentes avec la ligne du MDM :=> pas d\u2019augmentation g\u00e9n\u00e9rale des imp\u00f4ts,=> justice fiscale,=> souverainisme \u00e9conomique,=> efficacit\u00e9 budg\u00e9taire mesurable. L\u2019objectif est clair : r\u00e9duire le d\u00e9ficit sans casser la croissance ni p\u00e9naliser les classes moyennes actives. 1. Contribution de souverainet\u00e9 sur les superprofits exceptionnels Principe :Taxation temporaire [&hellip;]<\/p>\n","protected":false},"author":1,"featured_media":0,"comment_status":"open","ping_status":"open","sticky":false,"template":"","format":"standard","meta":{"_monsterinsights_skip_tracking":false,"_uf_show_specific_survey":0,"_uf_disable_surveys":false,"footnotes":""},"categories":[50],"tags":[],"class_list":["post-2334","post","type-post","status-publish","format-standard","hentry","category-deficit-public"],"_links":{"self":[{"href":"https:\/\/droitemoderniste.be\/index.php\/wp-json\/wp\/v2\/posts\/2334","targetHints":{"allow":["GET"]}}],"collection":[{"href":"https:\/\/droitemoderniste.be\/index.php\/wp-json\/wp\/v2\/posts"}],"about":[{"href":"https:\/\/droitemoderniste.be\/index.php\/wp-json\/wp\/v2\/types\/post"}],"author":[{"embeddable":true,"href":"https:\/\/droitemoderniste.be\/index.php\/wp-json\/wp\/v2\/users\/1"}],"replies":[{"embeddable":true,"href":"https:\/\/droitemoderniste.be\/index.php\/wp-json\/wp\/v2\/comments?post=2334"}],"version-history":[{"count":1,"href":"https:\/\/droitemoderniste.be\/index.php\/wp-json\/wp\/v2\/posts\/2334\/revisions"}],"predecessor-version":[{"id":2336,"href":"https:\/\/droitemoderniste.be\/index.php\/wp-json\/wp\/v2\/posts\/2334\/revisions\/2336"}],"wp:attachment":[{"href":"https:\/\/droitemoderniste.be\/index.php\/wp-json\/wp\/v2\/media?parent=2334"}],"wp:term":[{"taxonomy":"category","embeddable":true,"href":"https:\/\/droitemoderniste.be\/index.php\/wp-json\/wp\/v2\/categories?post=2334"},{"taxonomy":"post_tag","embeddable":true,"href":"https:\/\/droitemoderniste.be\/index.php\/wp-json\/wp\/v2\/tags?post=2334"}],"curies":[{"name":"wp","href":"https:\/\/api.w.org\/{rel}","templated":true}]}}