{"id":2331,"date":"2025-12-21T14:15:47","date_gmt":"2025-12-21T13:15:47","guid":{"rendered":"https:\/\/droitemoderniste.be\/?p=2331"},"modified":"2025-12-21T14:15:47","modified_gmt":"2025-12-21T13:15:47","slug":"choisir-les-engages-cest-choisir-le-centre-mou","status":"publish","type":"post","link":"https:\/\/droitemoderniste.be\/index.php\/2025\/12\/21\/choisir-les-engages-cest-choisir-le-centre-mou\/","title":{"rendered":"Choisir Les Engag\u00e9s c&rsquo;est choisir le centre mou"},"content":{"rendered":"\n<figure class=\"wp-block-image size-full\"><img loading=\"lazy\" decoding=\"async\" width=\"300\" height=\"168\" src=\"https:\/\/droitemoderniste.be\/wp-content\/uploads\/2025\/12\/Les-Engages0.jpg\" alt=\"\" class=\"wp-image-2332\"\/><\/figure>\n\n\n\n<p class=\"wp-block-paragraph\">Chers Belges,<br>Chers \u00e9lecteurs fatigu\u00e9s des demi-mesures,<\/p>\n\n\n\n<p class=\"wp-block-paragraph\">Il faut le dire : <strong>Les Engag\u00e9s ne r\u00e9forment pas. Ils rassurent<\/strong>.<br>Ils parlent beaucoup.<br>Ils promettent beaucoup.<br>Et au final\u2026 <strong>ils ne font rien<\/strong>.<\/p>\n\n\n\n<p class=\"wp-block-paragraph\">Ils repeignent la fa\u00e7ade.<br>Ils changent de nom.<br>Ils inventent des slogans.<br>Et ils appellent \u00e7a de la politique.<\/p>\n\n\n\n<p class=\"wp-block-paragraph\">Pendant ce temps, la Belgique stagne.<br>Pendant ce temps, l\u2019\u00e9cole faiblit.<br>Pendant ce temps, la mobilit\u00e9 s\u2019enlise.<br>Pendant ce temps, l\u2019\u00e9conomie se fragilise.<\/p>\n\n\n\n<hr class=\"wp-block-separator has-alpha-channel-opacity\"\/>\n\n\n\n<p class=\"wp-block-paragraph\"><strong>Le <mark style=\"background-color:rgba(0, 0, 0, 0);color:#ff6900\" class=\"has-inline-color\">MDM<\/mark> ne fait pas semblant.<\/strong><\/p>\n\n\n\n<p class=\"wp-block-paragraph\">Nous ne sommes pas l\u00e0 pour rassurer.<br>Nous ne sommes pas l\u00e0 pour plaire aux commentateurs.<br>Nous ne sommes pas l\u00e0 pour apaiser l\u2019opinion.<\/p>\n\n\n\n<p class=\"wp-block-paragraph\">Nous sommes l\u00e0 pour <strong>secouer le syst\u00e8me<\/strong>,<br>pour <strong>trancher l\u00e0 o\u00f9 il faut trancher<\/strong>,<br>pour <strong>r\u00e9former l\u00e0 o\u00f9 tout le monde recule<\/strong>.<\/p>\n\n\n\n<p class=\"wp-block-paragraph\">Le <mark style=\"background-color:rgba(0, 0, 0, 0);color:#ff6900\" class=\"has-inline-color\">MDM<\/mark>, c\u2019est :<\/p>\n\n\n\n<ul class=\"wp-block-list\">\n<li>une droite moderne qui assume son patriotisme,<\/li>\n\n\n\n<li>une \u00e9conomie lib\u00e9rale avec un \u00c9tat strat\u00e8ge,<\/li>\n\n\n\n<li>une transition \u00e9cologique ambitieuse et intelligente,<\/li>\n\n\n\n<li>une immigration ma\u00eetris\u00e9e et coh\u00e9rente,<\/li>\n\n\n\n<li>une justice ferme, rapide, efficace.<\/li>\n<\/ul>\n\n\n\n<p class=\"wp-block-paragraph\">Pas de bla-bla. Pas de demi-mesures. Pas de compromis mous.<\/p>\n\n\n\n<hr class=\"wp-block-separator has-alpha-channel-opacity\"\/>\n\n\n\n<p class=\"wp-block-paragraph\"><strong>Les Engag\u00e9s apaisent. Le <mark style=\"background-color:rgba(0, 0, 0, 0);color:#ff6900\" class=\"has-inline-color\">MDM<\/mark> agit.<\/strong><\/p>\n\n\n\n<p class=\"wp-block-paragraph\">Les Engag\u00e9s veulent \u00e9quilibrer.<br>Nous voulons <strong>avancer<\/strong>.<\/p>\n\n\n\n<p class=\"wp-block-paragraph\">Les Engag\u00e9s veulent concilier.<br>Nous voulons <strong>trancher<\/strong>.<\/p>\n\n\n\n<p class=\"wp-block-paragraph\">Les Engag\u00e9s veulent plaire.<br>Nous voulons <strong>r\u00e9former<\/strong>.<\/p>\n\n\n\n<p class=\"wp-block-paragraph\">Leurs discours sont gentils.<br>Les n\u00f4tres <strong>secouent le pays<\/strong>.<\/p>\n\n\n\n<hr class=\"wp-block-separator has-alpha-channel-opacity\"\/>\n\n\n\n<p class=\"wp-block-paragraph\"><strong>C\u2019est simple : choisir Les Engag\u00e9s, c\u2019est choisir l\u2019inaction.<\/strong><\/p>\n\n\n\n<p class=\"wp-block-paragraph\">Choisir le <mark style=\"background-color:rgba(0, 0, 0, 0);color:#ff6900\" class=\"has-inline-color\">MDM<\/mark>, c\u2019est choisir le progr\u00e8s.<\/p>\n\n\n\n<p class=\"wp-block-paragraph\">Si vous en avez assez des partis qui <strong>parlent mais ne font rien<\/strong>,<br>si vous \u00eates fatigu\u00e9s des demi-mesures et des compromis st\u00e9riles,<br>il est temps de dire <strong>stop au politiquement correct et aux slogans creux<\/strong>.<\/p>\n\n\n\n<p class=\"wp-block-paragraph\">Rejoignez le mouvement qui a <strong>le courage de transformer la Belgique<\/strong>.<br>Rejoignez <strong>le <mark style=\"background-color:rgba(0, 0, 0, 0);color:#ff6900\" class=\"has-inline-color\">Mouvement Droite Moderniste<\/mark><\/strong>.<br>Rejoignez <strong>l\u2019audace d\u2019une droite moderne<\/strong>.<\/p>\n\n\n\n<p class=\"wp-block-paragraph\"><\/p>\n","protected":false},"excerpt":{"rendered":"<p>Chers Belges,Chers \u00e9lecteurs fatigu\u00e9s des demi-mesures, Il faut le dire : Les Engag\u00e9s ne r\u00e9forment pas. Ils rassurent.Ils parlent beaucoup.Ils promettent beaucoup.Et au final\u2026 ils ne font rien. Ils repeignent la fa\u00e7ade.Ils changent de nom.Ils inventent des slogans.Et ils appellent \u00e7a de la politique. Pendant ce temps, la Belgique stagne.Pendant ce temps, l\u2019\u00e9cole faiblit.Pendant ce [&hellip;]<\/p>\n","protected":false},"author":1,"featured_media":0,"comment_status":"open","ping_status":"open","sticky":false,"template":"","format":"standard","meta":{"_monsterinsights_skip_tracking":false,"_uf_show_specific_survey":0,"_uf_disable_surveys":false,"footnotes":""},"categories":[42],"tags":[],"class_list":["post-2331","post","type-post","status-publish","format-standard","hentry","category-discours"],"_links":{"self":[{"href":"https:\/\/droitemoderniste.be\/index.php\/wp-json\/wp\/v2\/posts\/2331","targetHints":{"allow":["GET"]}}],"collection":[{"href":"https:\/\/droitemoderniste.be\/index.php\/wp-json\/wp\/v2\/posts"}],"about":[{"href":"https:\/\/droitemoderniste.be\/index.php\/wp-json\/wp\/v2\/types\/post"}],"author":[{"embeddable":true,"href":"https:\/\/droitemoderniste.be\/index.php\/wp-json\/wp\/v2\/users\/1"}],"replies":[{"embeddable":true,"href":"https:\/\/droitemoderniste.be\/index.php\/wp-json\/wp\/v2\/comments?post=2331"}],"version-history":[{"count":1,"href":"https:\/\/droitemoderniste.be\/index.php\/wp-json\/wp\/v2\/posts\/2331\/revisions"}],"predecessor-version":[{"id":2333,"href":"https:\/\/droitemoderniste.be\/index.php\/wp-json\/wp\/v2\/posts\/2331\/revisions\/2333"}],"wp:attachment":[{"href":"https:\/\/droitemoderniste.be\/index.php\/wp-json\/wp\/v2\/media?parent=2331"}],"wp:term":[{"taxonomy":"category","embeddable":true,"href":"https:\/\/droitemoderniste.be\/index.php\/wp-json\/wp\/v2\/categories?post=2331"},{"taxonomy":"post_tag","embeddable":true,"href":"https:\/\/droitemoderniste.be\/index.php\/wp-json\/wp\/v2\/tags?post=2331"}],"curies":[{"name":"wp","href":"https:\/\/api.w.org\/{rel}","templated":true}]}}