{"id":2327,"date":"2025-12-21T10:26:56","date_gmt":"2025-12-21T09:26:56","guid":{"rendered":"https:\/\/droitemoderniste.be\/?p=2327"},"modified":"2025-12-21T10:28:25","modified_gmt":"2025-12-21T09:28:25","slug":"redresser-la-belgique","status":"publish","type":"post","link":"https:\/\/droitemoderniste.be\/index.php\/2025\/12\/21\/redresser-la-belgique\/","title":{"rendered":"Redresser la Belgique"},"content":{"rendered":"\n<figure class=\"wp-block-image size-full\"><img loading=\"lazy\" decoding=\"async\" width=\"311\" height=\"162\" src=\"https:\/\/droitemoderniste.be\/wp-content\/uploads\/2025\/12\/deficit.jpg\" alt=\"\" class=\"wp-image-2328\" srcset=\"https:\/\/droitemoderniste.be\/wp-content\/uploads\/2025\/12\/deficit.jpg 311w, https:\/\/droitemoderniste.be\/wp-content\/uploads\/2025\/12\/deficit-300x156.jpg 300w\" sizes=\"auto, (max-width: 311px) 100vw, 311px\" \/><\/figure>\n\n\n\n<h5 class=\"wp-block-heading\"><em>L\u2019audace d\u2019une droite moderne<\/em><\/h5>\n\n\n\n<hr class=\"wp-block-separator has-alpha-channel-opacity\"\/>\n\n\n\n<h6 class=\"wp-block-heading\">Pourquoi redresser la Belgique ?<\/h6>\n\n\n\n<p class=\"wp-block-paragraph\">La Belgique fait face \u00e0 un d\u00e9fi historique : un d\u00e9ficit public chronique qui affaiblit notre souverainet\u00e9, hypoth\u00e8que l\u2019avenir de nos enfants et limite notre capacit\u00e9 \u00e0 prot\u00e9ger les plus fragiles.<\/p>\n\n\n\n<p class=\"wp-block-paragraph\">Le <strong><mark style=\"background-color:rgba(0, 0, 0, 0);color:#ff6900\" class=\"has-inline-color\">Mouvement Droite Moderniste (MDM)<\/mark><\/strong> refuse le faux choix entre aust\u00e9rit\u00e9 brutale et laxisme budg\u00e9taire. Nous proposons une <strong>troisi\u00e8me voie<\/strong> : celle de la <strong>responsabilit\u00e9 moderne<\/strong>, de l\u2019<strong>efficacit\u00e9 publique<\/strong> et de la <strong>justice interg\u00e9n\u00e9rationnelle<\/strong>.<\/p>\n\n\n\n<p class=\"wp-block-paragraph\">Redresser la Belgique, ce n\u2019est pas r\u00e9duire l\u2019\u00c9tat.<br>C\u2019est <strong>le rendre plus fort, plus juste et plus strat\u00e9gique<\/strong>.<\/p>\n\n\n\n<hr class=\"wp-block-separator has-alpha-channel-opacity\"\/>\n\n\n\n<h6 class=\"wp-block-heading\">SLOGAN CENTRAL<\/h6>\n\n\n\n<p class=\"wp-block-paragraph\"><strong>\u00ab Redresser la Belgique, prot\u00e9ger l\u2019avenir \u00bb<\/strong><\/p>\n\n\n\n<p class=\"wp-block-paragraph\"><em>Slogan secondaire :<\/em> <strong>\u00ab Moins de gaspillage, plus de justice \u00bb<\/strong><\/p>\n\n\n\n<hr class=\"wp-block-separator has-alpha-channel-opacity\"\/>\n\n\n\n<h5 class=\"wp-block-heading\">Les 10 mesures fondatrices pour r\u00e9duire durablement le d\u00e9ficit public<\/h5>\n\n\n\n<h6 class=\"wp-block-heading\">1. Budget z\u00e9ro-base int\u00e9gral<\/h6>\n\n\n\n<p class=\"wp-block-paragraph\"><strong>Chaque euro public doit \u00eatre justifi\u00e9.<\/strong> Tous les 5 ans, chaque administration repart de z\u00e9ro.<\/p>\n\n\n\n<p class=\"wp-block-paragraph\"><strong>Effet attendu :<\/strong> fin des d\u00e9penses inutiles, culture de la performance.<\/p>\n\n\n\n<hr class=\"wp-block-separator has-alpha-channel-opacity\"\/>\n\n\n\n<h6 class=\"wp-block-heading\">2. Simplification radicale des niveaux de pouvoir<\/h6>\n\n\n\n<p class=\"wp-block-paragraph\">La Belgique souffre de doublons institutionnels co\u00fbteux.<\/p>\n\n\n\n<p class=\"wp-block-paragraph\"><strong>Nous fusionnons, rationalisons et clarifions<\/strong> les comp\u00e9tences redondantes.<\/p>\n\n\n\n<hr class=\"wp-block-separator has-alpha-channel-opacity\"\/>\n\n\n\n<h6 class=\"wp-block-heading\">3. Protection sociale cibl\u00e9e et \u00e9quitable<\/h6>\n\n\n\n<p class=\"wp-block-paragraph\">L\u2019indexation automatique est maintenue pour ceux qui en ont besoin, ajust\u00e9e pour ceux qui peuvent contribuer davantage.<\/p>\n\n\n\n<p class=\"wp-block-paragraph\"><strong>Justice sociale sans aveuglement budg\u00e9taire.<\/strong><\/p>\n\n\n\n<hr class=\"wp-block-separator has-alpha-channel-opacity\"\/>\n\n\n\n<h6 class=\"wp-block-heading\">4. Grand nettoyage des niches fiscales<\/h6>\n\n\n\n<p class=\"wp-block-paragraph\">Chaque avantage fiscal devra prouver son utilit\u00e9 \u00e9conomique ou sociale.<\/p>\n\n\n\n<p class=\"wp-block-paragraph\"><strong>Sinon, il dispara\u00eet.<\/strong><\/p>\n\n\n\n<hr class=\"wp-block-separator has-alpha-channel-opacity\"\/>\n\n\n\n<h6 class=\"wp-block-heading\">5. Retraites : \u00e9quit\u00e9 et soutenabilit\u00e9<\/h6>\n\n\n\n<p class=\"wp-block-paragraph\">Un syst\u00e8me hybride \u00e0 points, lisible, juste, garantissant un minimum digne.<\/p>\n\n\n\n<p class=\"wp-block-paragraph\"><strong>Travailler plus longtemps devient un choix r\u00e9compens\u00e9, pas une obligation subie.<\/strong><\/p>\n\n\n\n<hr class=\"wp-block-separator has-alpha-channel-opacity\"\/>\n\n\n\n<h6 class=\"wp-block-heading\">6. \u00c9tat actionnaire strat\u00e8ge<\/h6>\n\n\n\n<p class=\"wp-block-paragraph\">L\u2019\u00c9tat investit intelligemment dans les secteurs cl\u00e9s (\u00e9nergie, eau, donn\u00e9es, d\u00e9fense).<\/p>\n\n\n\n<p class=\"wp-block-paragraph\"><strong>Des dividendes plut\u00f4t que des dettes.<\/strong><\/p>\n\n\n\n<hr class=\"wp-block-separator has-alpha-channel-opacity\"\/>\n\n\n\n<h6 class=\"wp-block-heading\">7. Immigration responsable et contributive<\/h6>\n\n\n\n<p class=\"wp-block-paragraph\">Une politique humaine mais lucide : priorit\u00e9 \u00e0 l\u2019int\u00e9gration, au travail et \u00e0 l\u2019\u00e9quilibre budg\u00e9taire.<\/p>\n\n\n\n<hr class=\"wp-block-separator has-alpha-channel-opacity\"\/>\n\n\n\n<h6 class=\"wp-block-heading\">8. \u00c9tat num\u00e9rique et intelligent<\/h6>\n\n\n\n<p class=\"wp-block-paragraph\">Guichet unique, IA anti-fraude, d\u00e9marches automatis\u00e9es.<\/p>\n\n\n\n<p class=\"wp-block-paragraph\"><strong>Moins de bureaucratie, plus de service.<\/strong><\/p>\n\n\n\n<hr class=\"wp-block-separator has-alpha-channel-opacity\"\/>\n\n\n\n<h6 class=\"wp-block-heading\">9. Subventions sous conditions de r\u00e9sultats<\/h6>\n\n\n\n<p class=\"wp-block-paragraph\">Chaque euro public doit produire un impact mesurable.<\/p>\n\n\n\n<p class=\"wp-block-paragraph\"><strong>Pas de r\u00e9sultats ? Pas de subvention.<\/strong><\/p>\n\n\n\n<hr class=\"wp-block-separator has-alpha-channel-opacity\"\/>\n\n\n\n<h6 class=\"wp-block-heading\">R\u00e8gle de responsabilit\u00e9 budg\u00e9taire<\/h6>\n\n\n\n<p class=\"wp-block-paragraph\">Le d\u00e9ficit structurel est limit\u00e9 par la Constitution.<\/p>\n\n\n\n<p class=\"wp-block-paragraph\"><strong>La responsabilit\u00e9 devient une obligation politique.<\/strong><\/p>\n\n\n\n<hr class=\"wp-block-separator has-alpha-channel-opacity\"\/>\n\n\n\n<h6 class=\"wp-block-heading\">Conclusion \u2013 Une Belgique adulte et souveraine<\/h6>\n\n\n\n<p class=\"wp-block-paragraph\">Redresser la Belgique, c\u2019est faire le choix du courage.<br>C\u2019est prot\u00e9ger notre mod\u00e8le social <strong>en le rendant soutenable<\/strong>.<br>C\u2019est pr\u00e9parer un \u00c9tat moderne, strat\u00e8ge et respectueux du travail.<\/p>\n\n\n\n<p class=\"wp-block-paragraph\"><strong><mark style=\"background-color:rgba(0, 0, 0, 0);color:#ff6900\" class=\"has-inline-color\">MDM<\/mark> \u2013 Racines fortes, regard neuf.<\/strong><\/p>\n\n\n\n<hr class=\"wp-block-separator has-alpha-channel-opacity\"\/>\n\n\n\n<p class=\"wp-block-paragraph\">Cf. Les dix mesures r\u00e9volutionnaires du MDM pour r\u00e9duire le d\u00e9ficit public : <a href=\"https:\/\/droitemoderniste.be\/index.php\/programme\/priorites\/deficit-public\/dix-mesures-revolutionnaires\/\">https:\/\/droitemoderniste.be\/index.php\/programme\/priorites\/deficit-public\/dix-mesures-revolutionnaires\/<\/a><\/p>\n\n\n\n<p class=\"wp-block-paragraph\"><\/p>\n\n\n\n<p class=\"wp-block-paragraph\">Rejoignez le Mouvement Droite Moderniste.<\/p>\n\n\n\n<p class=\"wp-block-paragraph\">\ud83c\udf10 <a href=\"http:\/\/www.droitemoderniste.be\">www.droitemoderniste.be<\/a><br>\u2709\ufe0f <a href=\"mailto:contact@droitemoderniste.be\">contact@droitemoderniste.be<\/a><br>\ud83d\udc26 @MModerniste<\/p>\n","protected":false},"excerpt":{"rendered":"<p>L\u2019audace d\u2019une droite moderne Pourquoi redresser la Belgique ? La Belgique fait face \u00e0 un d\u00e9fi historique : un d\u00e9ficit public chronique qui affaiblit notre souverainet\u00e9, hypoth\u00e8que l\u2019avenir de nos enfants et limite notre capacit\u00e9 \u00e0 prot\u00e9ger les plus fragiles. Le Mouvement Droite Moderniste (MDM) refuse le faux choix entre aust\u00e9rit\u00e9 brutale et laxisme budg\u00e9taire. [&hellip;]<\/p>\n","protected":false},"author":1,"featured_media":0,"comment_status":"open","ping_status":"open","sticky":false,"template":"","format":"standard","meta":{"_monsterinsights_skip_tracking":false,"_uf_show_specific_survey":0,"_uf_disable_surveys":false,"footnotes":""},"categories":[50],"tags":[],"class_list":["post-2327","post","type-post","status-publish","format-standard","hentry","category-deficit-public"],"_links":{"self":[{"href":"https:\/\/droitemoderniste.be\/index.php\/wp-json\/wp\/v2\/posts\/2327","targetHints":{"allow":["GET"]}}],"collection":[{"href":"https:\/\/droitemoderniste.be\/index.php\/wp-json\/wp\/v2\/posts"}],"about":[{"href":"https:\/\/droitemoderniste.be\/index.php\/wp-json\/wp\/v2\/types\/post"}],"author":[{"embeddable":true,"href":"https:\/\/droitemoderniste.be\/index.php\/wp-json\/wp\/v2\/users\/1"}],"replies":[{"embeddable":true,"href":"https:\/\/droitemoderniste.be\/index.php\/wp-json\/wp\/v2\/comments?post=2327"}],"version-history":[{"count":2,"href":"https:\/\/droitemoderniste.be\/index.php\/wp-json\/wp\/v2\/posts\/2327\/revisions"}],"predecessor-version":[{"id":2330,"href":"https:\/\/droitemoderniste.be\/index.php\/wp-json\/wp\/v2\/posts\/2327\/revisions\/2330"}],"wp:attachment":[{"href":"https:\/\/droitemoderniste.be\/index.php\/wp-json\/wp\/v2\/media?parent=2327"}],"wp:term":[{"taxonomy":"category","embeddable":true,"href":"https:\/\/droitemoderniste.be\/index.php\/wp-json\/wp\/v2\/categories?post=2327"},{"taxonomy":"post_tag","embeddable":true,"href":"https:\/\/droitemoderniste.be\/index.php\/wp-json\/wp\/v2\/tags?post=2327"}],"curies":[{"name":"wp","href":"https:\/\/api.w.org\/{rel}","templated":true}]}}