{"id":2319,"date":"2025-12-20T14:48:17","date_gmt":"2025-12-20T13:48:17","guid":{"rendered":"https:\/\/droitemoderniste.be\/?p=2319"},"modified":"2025-12-20T14:49:56","modified_gmt":"2025-12-20T13:49:56","slug":"plan-du-mdm-pour-reduire-le-deficit-public","status":"publish","type":"post","link":"https:\/\/droitemoderniste.be\/index.php\/2025\/12\/20\/plan-du-mdm-pour-reduire-le-deficit-public\/","title":{"rendered":"Plan du MDM pour r\u00e9duire le d\u00e9ficit public"},"content":{"rendered":"\n<figure class=\"wp-block-image size-full\"><img loading=\"lazy\" decoding=\"async\" width=\"354\" height=\"236\" src=\"https:\/\/droitemoderniste.be\/wp-content\/uploads\/2025\/12\/drapeau-dechire.webp\" alt=\"\" class=\"wp-image-2320\" srcset=\"https:\/\/droitemoderniste.be\/wp-content\/uploads\/2025\/12\/drapeau-dechire.webp 354w, https:\/\/droitemoderniste.be\/wp-content\/uploads\/2025\/12\/drapeau-dechire-300x200.webp 300w\" sizes=\"auto, (max-width: 354px) 100vw, 354px\" \/><\/figure>\n\n\n\n<p class=\"wp-block-paragraph\">Aujourd\u2019hui, la Belgique vit \u00e0 cr\u00e9dit, avec un d\u00e9ficit au\u2011del\u00e0 de 5% du PIB et une dette qui d\u00e9passe 100% de notre richesse nationale.\u200b<\/p>\n\n\n\n<p class=\"wp-block-paragraph\"><br>Le <mark style=\"background-color:rgba(0, 0, 0, 0);color:#ff6900\" class=\"has-inline-color\">MDM <\/mark>propose un plan simple et s\u00e9rieux : r\u00e9cup\u00e9rer <strong>1 point de PIB<\/strong> sur les rentes financi\u00e8res, l\u2019optimisation agressive et la pollution, soit environ <strong>6 \u00e0 7 milliards d\u2019euros<\/strong>.\u200b<br>Ceux qui vivent de la rente paieront plus, pour que ceux qui se l\u00e8vent t\u00f4t, qui travaillent, qui entreprennent, paient enfin moins.<\/p>\n\n\n\n<p class=\"wp-block-paragraph\">\u200bEn parall\u00e8le, nous gagnons <strong>1 point de PIB<\/strong> en modernisant l\u2019\u00c9tat : fusion des structures redondantes, num\u00e9risation, lutte industrielle contre la fraude, meilleure gestion du patrimoine public.<\/p>\n\n\n\n<p class=\"wp-block-paragraph\">\u200bCela repr\u00e9sente <strong>3 \u00e0 5 milliards d\u2019euros<\/strong> d\u2019\u00e9conomies durables, sans couper dans les services essentiels, mais en coupant dans le gaspillage, l\u2019inefficacit\u00e9 et les privil\u00e8ges.<\/p>\n\n\n\n<p class=\"wp-block-paragraph\">\u200bAvec ces <strong>2 points de PIB d\u2019ajustement<\/strong>, nous ramenons progressivement le d\u00e9ficit sous les <strong>3%<\/strong>, comme nos engagements europ\u00e9ens l\u2019exigent, tout en prot\u00e9geant l\u2019emploi et le pouvoir d\u2019achat.<\/p>\n\n\n\n<p class=\"wp-block-paragraph\">\u200bUn euro repris \u00e0 la rente et au gaspillage, c\u2019est un euro rendu au travail, aux PME, aux familles qui portent ce pays.<\/p>\n\n\n\n<p class=\"wp-block-paragraph\">\u200b<\/p>\n\n\n\n<p class=\"wp-block-paragraph\">Le <mark style=\"background-color:rgba(0, 0, 0, 0);color:#ff6900\" class=\"has-inline-color\">MDM<\/mark>, c\u2019est une promesse claire :<br>taxer la rente, pas le m\u00e9rite ; lib\u00e9rer le travail et l\u2019innovation ; moderniser l\u2019\u00c9tat pour qu\u2019il prot\u00e8ge mieux en co\u00fbtant moins.<\/p>\n\n\n\n<p class=\"wp-block-paragraph\">\u200b<br>Ce plan n\u2019est pas un slogan : c\u2019est la condition pour redonner \u00e0 la Belgique sa souverainet\u00e9 budg\u00e9taire et sa fiert\u00e9 collective.\u200b<\/p>\n\n\n\n<p class=\"wp-block-paragraph\"><\/p>\n\n\n\n<p class=\"wp-block-paragraph\">cf. plan : <a href=\"https:\/\/droitemoderniste.be\/index.php\/programme\/priorites\/deficit-public\/\">https:\/\/droitemoderniste.be\/index.php\/programme\/priorites\/deficit-public\/<\/a><\/p>\n","protected":false},"excerpt":{"rendered":"<p>Aujourd\u2019hui, la Belgique vit \u00e0 cr\u00e9dit, avec un d\u00e9ficit au\u2011del\u00e0 de 5% du PIB et une dette qui d\u00e9passe 100% de notre richesse nationale.\u200b Le MDM propose un plan simple et s\u00e9rieux : r\u00e9cup\u00e9rer 1 point de PIB sur les rentes financi\u00e8res, l\u2019optimisation agressive et la pollution, soit environ 6 \u00e0 7 milliards d\u2019euros.\u200bCeux qui [&hellip;]<\/p>\n","protected":false},"author":1,"featured_media":0,"comment_status":"open","ping_status":"open","sticky":false,"template":"","format":"standard","meta":{"_monsterinsights_skip_tracking":false,"_uf_show_specific_survey":0,"_uf_disable_surveys":false,"footnotes":""},"categories":[1],"tags":[],"class_list":["post-2319","post","type-post","status-publish","format-standard","hentry","category-immigration"],"_links":{"self":[{"href":"https:\/\/droitemoderniste.be\/index.php\/wp-json\/wp\/v2\/posts\/2319","targetHints":{"allow":["GET"]}}],"collection":[{"href":"https:\/\/droitemoderniste.be\/index.php\/wp-json\/wp\/v2\/posts"}],"about":[{"href":"https:\/\/droitemoderniste.be\/index.php\/wp-json\/wp\/v2\/types\/post"}],"author":[{"embeddable":true,"href":"https:\/\/droitemoderniste.be\/index.php\/wp-json\/wp\/v2\/users\/1"}],"replies":[{"embeddable":true,"href":"https:\/\/droitemoderniste.be\/index.php\/wp-json\/wp\/v2\/comments?post=2319"}],"version-history":[{"count":2,"href":"https:\/\/droitemoderniste.be\/index.php\/wp-json\/wp\/v2\/posts\/2319\/revisions"}],"predecessor-version":[{"id":2322,"href":"https:\/\/droitemoderniste.be\/index.php\/wp-json\/wp\/v2\/posts\/2319\/revisions\/2322"}],"wp:attachment":[{"href":"https:\/\/droitemoderniste.be\/index.php\/wp-json\/wp\/v2\/media?parent=2319"}],"wp:term":[{"taxonomy":"category","embeddable":true,"href":"https:\/\/droitemoderniste.be\/index.php\/wp-json\/wp\/v2\/categories?post=2319"},{"taxonomy":"post_tag","embeddable":true,"href":"https:\/\/droitemoderniste.be\/index.php\/wp-json\/wp\/v2\/tags?post=2319"}],"curies":[{"name":"wp","href":"https:\/\/api.w.org\/{rel}","templated":true}]}}