{"id":2304,"date":"2025-12-20T10:57:13","date_gmt":"2025-12-20T09:57:13","guid":{"rendered":"https:\/\/droitemoderniste.be\/?p=2304"},"modified":"2025-12-20T10:57:13","modified_gmt":"2025-12-20T09:57:13","slug":"le-programme-social-du-mdm","status":"publish","type":"post","link":"https:\/\/droitemoderniste.be\/index.php\/2025\/12\/20\/le-programme-social-du-mdm\/","title":{"rendered":"Le programme social du MDM"},"content":{"rendered":"\n<figure class=\"wp-block-image size-full\"><img loading=\"lazy\" decoding=\"async\" width=\"300\" height=\"168\" src=\"https:\/\/droitemoderniste.be\/wp-content\/uploads\/2025\/12\/progres-social.jpg\" alt=\"\" class=\"wp-image-2305\"\/><\/figure>\n\n\n\n<h2 class=\"wp-block-heading\">Une soci\u00e9t\u00e9 juste, moderne et responsable<\/h2>\n\n\n\n<p class=\"wp-block-paragraph\">Le <mark style=\"background-color:rgba(0, 0, 0, 0);color:#ff6900\" class=\"has-inline-color\">MDM<\/mark> d\u00e9fend une vision sociale fond\u00e9e sur quatre piliers structurants : <strong>justice sociale<\/strong>, <strong>responsabilit\u00e9 individuelle<\/strong>, <strong>innovation publique<\/strong> et <strong>coh\u00e9sion civique<\/strong>. Notre objectif : construire une soci\u00e9t\u00e9 o\u00f9 chacun dispose des moyens de s\u2019\u00e9manciper, o\u00f9 les solidarit\u00e9s sont fortes mais orient\u00e9es vers l\u2019efficacit\u00e9, et o\u00f9 l\u2019action publique est guid\u00e9e par la rigueur, l\u2019\u00e9thique et la modernit\u00e9.<\/p>\n\n\n\n<hr class=\"wp-block-separator has-alpha-channel-opacity\"\/>\n\n\n\n<h5 class=\"wp-block-heading\">1. Justice sociale renforc\u00e9e<\/h5>\n\n\n\n<h6 class=\"wp-block-heading\">1.1. Simplification du syst\u00e8me social<\/h6>\n\n\n\n<ul class=\"wp-block-list\">\n<li>Fusion progressive des aides existantes (allocations, primes, suppl\u00e9ments) en un <strong>socle social unique<\/strong> clair et accessible.<\/li>\n\n\n\n<li>Cr\u00e9ation d\u2019un <strong>guichet social num\u00e9rique national<\/strong> permettant aux citoyens d\u2019acc\u00e9der automatiquement \u00e0 leurs droits.<\/li>\n<\/ul>\n\n\n\n<h6 class=\"wp-block-heading\">1.2. Acc\u00e8s renforc\u00e9 aux droits fondamentaux<\/h6>\n\n\n\n<ul class=\"wp-block-list\">\n<li>Mise en place d\u2019un <strong>droit effectif \u00e0 l\u2019\u00e9nergie<\/strong> : tarifs encadr\u00e9s pour les foyers fragiles et r\u00e9novation \u00e9nerg\u00e9tique prioritaire des logements occup\u00e9s par des m\u00e9nages pr\u00e9caris\u00e9s.<\/li>\n\n\n\n<li><strong>S\u00e9curisation alimentaire<\/strong> via un r\u00e9seau modernis\u00e9 de banques alimentaires utilisant les surplus agricoles locaux.<\/li>\n\n\n\n<li>Acc\u00e8s garanti \u00e0 la <strong>connexion Internet de base<\/strong>, consid\u00e9r\u00e9e comme un droit social essentiel.<\/li>\n<\/ul>\n\n\n\n<h6 class=\"wp-block-heading\">1.3. Protection des familles et des enfants<\/h6>\n\n\n\n<ul class=\"wp-block-list\">\n<li>Investissements cibl\u00e9s dans les <strong>cr\u00e8ches publiques<\/strong> et les structures d\u2019accueil.<\/li>\n\n\n\n<li>Augmentation des <strong>bourses scolaires<\/strong> et des aides culturelles pour les jeunes issus de milieux modestes.<\/li>\n<\/ul>\n\n\n\n<hr class=\"wp-block-separator has-alpha-channel-opacity\"\/>\n\n\n\n<h5 class=\"wp-block-heading\">2. Lutte structurelle contre la pauvret\u00e9<\/h5>\n\n\n\n<h6 class=\"wp-block-heading\">2.1. R\u00e9duction de 50 % de la pauvret\u00e9 d\u2019ici 2035<\/h6>\n\n\n\n<ul class=\"wp-block-list\">\n<li>Plan national coordonn\u00e9 incluant r\u00e9gions, communes et CPAS.<\/li>\n\n\n\n<li>Obligation pour chaque commune d\u2019adopter un <strong>plan anti\u2011pauvret\u00e9 local<\/strong>.<\/li>\n<\/ul>\n\n\n\n<h6 class=\"wp-block-heading\">2.2. Accompagnement individualis\u00e9<\/h6>\n\n\n\n<ul class=\"wp-block-list\">\n<li>D\u00e9ploiement d\u2019\u00e9quipes sociales mixtes (assistants sociaux, psychologues, conseillers d\u2019insertion).<\/li>\n\n\n\n<li>Suivi personnalis\u00e9 pour les personnes en situation de grande pr\u00e9carit\u00e9, incluant logement, sant\u00e9, et emploi.<\/li>\n<\/ul>\n\n\n\n<h6 class=\"wp-block-heading\">2.3. Logement accessible<\/h6>\n\n\n\n<ul class=\"wp-block-list\">\n<li>R\u00e9habilitation acc\u00e9l\u00e9r\u00e9e des logements publics vacants.<\/li>\n\n\n\n<li>Cr\u00e9ation d\u2019un <strong>fonds national pour le logement social et abordable<\/strong>.<\/li>\n\n\n\n<li>Encouragement des coop\u00e9ratives de logement citoyennes.<\/li>\n<\/ul>\n\n\n\n<hr class=\"wp-block-separator has-alpha-channel-opacity\"\/>\n\n\n\n<h5 class=\"wp-block-heading\">3. Responsabilit\u00e9 individuelle et m\u00e9rite<\/h5>\n\n\n\n<h6 class=\"wp-block-heading\">3.1. Politique d\u2019incitation plut\u00f4t que de sanction<\/h6>\n\n\n\n<ul class=\"wp-block-list\">\n<li>Prime \u00e0 la reprise d\u2019emploi d\u00e9gressive mais attractive.<\/li>\n\n\n\n<li>Accompagnement renforc\u00e9 des ch\u00f4meurs via des parcours de formation qualifiants.<\/li>\n<\/ul>\n\n\n\n<h6 class=\"wp-block-heading\">3.2. M\u00e9rite social et engagement r\u00e9ciproque<\/h6>\n\n\n\n<ul class=\"wp-block-list\">\n<li>Acc\u00e8s prioritaire aux formations qualifiantes pour les personnes faisant preuve d\u2019assiduit\u00e9 dans leurs d\u00e9marches.<\/li>\n\n\n\n<li>\u00ab Contrat social d\u2019engagement \u00bb entre le b\u00e9n\u00e9ficiaire et les services publics : soutien contre participation active.<\/li>\n<\/ul>\n\n\n\n<h6 class=\"wp-block-heading\">3.3. Valorisation des r\u00e9ussites<\/h6>\n\n\n\n<ul class=\"wp-block-list\">\n<li>Programmes publics r\u00e9compensant les parcours de r\u00e9insertion r\u00e9ussis.<\/li>\n<\/ul>\n\n\n\n<hr class=\"wp-block-separator has-alpha-channel-opacity\"\/>\n\n\n\n<h5 class=\"wp-block-heading\">4. Un \u00c9tat strat\u00e8ge : dirigisme mod\u00e9r\u00e9<\/h5>\n\n\n\n<h6 class=\"wp-block-heading\">4.1. Objectifs sociaux nationaux<\/h6>\n\n\n\n<ul class=\"wp-block-list\">\n<li>D\u00e9finition tous les cinq ans de priorit\u00e9s sociales nationales : pauvret\u00e9, sant\u00e9 mentale, logement, digitalisation sociale.<\/li>\n\n\n\n<li>Coordination des politiques r\u00e9gionales avec ces objectifs communs.<\/li>\n<\/ul>\n\n\n\n<h6 class=\"wp-block-heading\">4.2. \u00c9valuation permanente<\/h6>\n\n\n\n<ul class=\"wp-block-list\">\n<li>Cr\u00e9ation d\u2019un <strong>Institut national d\u2019\u00e9valuation sociale<\/strong> charg\u00e9 d\u2019analyser l\u2019efficacit\u00e9 des politiques.<\/li>\n\n\n\n<li>Conditionnement des financements publics \u00e0 des r\u00e9sultats concrets.<\/li>\n<\/ul>\n\n\n\n<h6 class=\"wp-block-heading\">4.3. Innovation sociale<\/h6>\n\n\n\n<ul class=\"wp-block-list\">\n<li>D\u00e9veloppement d\u2019outils de suivi intelligent (IA civique, plateformes d\u2019entraide locale).<\/li>\n\n\n\n<li>Soutien financier aux projets pilotes innovants.<\/li>\n<\/ul>\n\n\n\n<hr class=\"wp-block-separator has-alpha-channel-opacity\"\/>\n\n\n\n<h5 class=\"wp-block-heading\">5. Coh\u00e9sion civique et int\u00e9gration<\/h5>\n\n\n\n<h6 class=\"wp-block-heading\">5.1. Patriotisme civique<\/h6>\n\n\n\n<ul class=\"wp-block-list\">\n<li>Renforcement de l\u2019enseignement des valeurs constitutionnelles.<\/li>\n\n\n\n<li>Promotion du volontariat civique et du service citoyen pour les jeunes.<\/li>\n<\/ul>\n\n\n\n<h6 class=\"wp-block-heading\">5.2. D\u00e9simmigrationnisme rationnel<\/h6>\n\n\n\n<ul class=\"wp-block-list\">\n<li>Politique migratoire fond\u00e9e sur trois crit\u00e8res : capacit\u00e9 d\u2019int\u00e9gration, besoins \u00e9conomiques, coh\u00e9sion sociale.<\/li>\n\n\n\n<li>Acc\u00e8s aux droits sociaux conditionn\u00e9 \u00e0 l\u2019engagement civique et \u00e0 la participation aux parcours d\u2019int\u00e9gration.<\/li>\n<\/ul>\n\n\n\n<h6 class=\"wp-block-heading\">5.3. Int\u00e9gration r\u00e9publicaine<\/h6>\n\n\n\n<ul class=\"wp-block-list\">\n<li>Cours de langue intensifs.<\/li>\n\n\n\n<li>Modules obligatoires sur l\u2019\u00e9galit\u00e9 homme-femme, la la\u00efcit\u00e9 institutionnelle et le respect des libert\u00e9s individuelles.<\/li>\n<\/ul>\n\n\n\n<hr class=\"wp-block-separator has-alpha-channel-opacity\"\/>\n\n\n\n<h5 class=\"wp-block-heading\">6. Bien-\u00eatre, \u00e9thique et modernit\u00e9<\/h5>\n\n\n\n<h6 class=\"wp-block-heading\">6.1. Sant\u00e9 mentale<\/h6>\n\n\n\n<ul class=\"wp-block-list\">\n<li>D\u00e9ploiement de centres locaux de sant\u00e9 mentale accessibles sans prescription.<\/li>\n\n\n\n<li>Programme national de pr\u00e9vention en milieu scolaire.<\/li>\n<\/ul>\n\n\n\n<h6 class=\"wp-block-heading\">6.2. Bien-\u00eatre animal<\/h6>\n\n\n\n<ul class=\"wp-block-list\">\n<li>Renforcement des normes de protection animale.<\/li>\n\n\n\n<li>Int\u00e9gration du bien-\u00eatre animal comme composante des politiques sociales.<\/li>\n<\/ul>\n\n\n\n<h6 class=\"wp-block-heading\">6.3. Sybaritisme \u00e9thique<\/h6>\n\n\n\n<ul class=\"wp-block-list\">\n<li>Promotion d\u2019un mode de vie \u00e9quilibr\u00e9 : culture, loisirs, sport.<\/li>\n\n\n\n<li>Encouragement des entreprises qui favorisent la qualit\u00e9 de vie au travail.<\/li>\n<\/ul>\n\n\n\n<hr class=\"wp-block-separator has-alpha-channel-opacity\"\/>\n\n\n\n<h6 class=\"wp-block-heading\">Conclusion<\/h6>\n\n\n\n<p class=\"wp-block-paragraph\">Le <mark style=\"background-color:rgba(0, 0, 0, 0);color:#ff6900\" class=\"has-inline-color\">MDM <\/mark>propose un programme social \u00e0 la fois <strong>ambitieux, moderne et pragmatique<\/strong> : solidarit\u00e9 cibl\u00e9e, responsabilit\u00e9 partag\u00e9e, innovation continue et coh\u00e9sion civique. Un mod\u00e8le pour une soci\u00e9t\u00e9 qui prot\u00e8ge, \u00e9l\u00e8ve et lib\u00e8re les potentiels de chacun.<\/p>\n","protected":false},"excerpt":{"rendered":"<p>Une soci\u00e9t\u00e9 juste, moderne et responsable Le MDM d\u00e9fend une vision sociale fond\u00e9e sur quatre piliers structurants : justice sociale, responsabilit\u00e9 individuelle, innovation publique et coh\u00e9sion civique. Notre objectif : construire une soci\u00e9t\u00e9 o\u00f9 chacun dispose des moyens de s\u2019\u00e9manciper, o\u00f9 les solidarit\u00e9s sont fortes mais orient\u00e9es vers l\u2019efficacit\u00e9, et o\u00f9 l\u2019action publique est guid\u00e9e [&hellip;]<\/p>\n","protected":false},"author":1,"featured_media":0,"comment_status":"open","ping_status":"open","sticky":false,"template":"","format":"standard","meta":{"_monsterinsights_skip_tracking":false,"_uf_show_specific_survey":0,"_uf_disable_surveys":false,"footnotes":""},"categories":[48],"tags":[],"class_list":["post-2304","post","type-post","status-publish","format-standard","hentry","category-modernisme-social"],"_links":{"self":[{"href":"https:\/\/droitemoderniste.be\/index.php\/wp-json\/wp\/v2\/posts\/2304","targetHints":{"allow":["GET"]}}],"collection":[{"href":"https:\/\/droitemoderniste.be\/index.php\/wp-json\/wp\/v2\/posts"}],"about":[{"href":"https:\/\/droitemoderniste.be\/index.php\/wp-json\/wp\/v2\/types\/post"}],"author":[{"embeddable":true,"href":"https:\/\/droitemoderniste.be\/index.php\/wp-json\/wp\/v2\/users\/1"}],"replies":[{"embeddable":true,"href":"https:\/\/droitemoderniste.be\/index.php\/wp-json\/wp\/v2\/comments?post=2304"}],"version-history":[{"count":1,"href":"https:\/\/droitemoderniste.be\/index.php\/wp-json\/wp\/v2\/posts\/2304\/revisions"}],"predecessor-version":[{"id":2306,"href":"https:\/\/droitemoderniste.be\/index.php\/wp-json\/wp\/v2\/posts\/2304\/revisions\/2306"}],"wp:attachment":[{"href":"https:\/\/droitemoderniste.be\/index.php\/wp-json\/wp\/v2\/media?parent=2304"}],"wp:term":[{"taxonomy":"category","embeddable":true,"href":"https:\/\/droitemoderniste.be\/index.php\/wp-json\/wp\/v2\/categories?post=2304"},{"taxonomy":"post_tag","embeddable":true,"href":"https:\/\/droitemoderniste.be\/index.php\/wp-json\/wp\/v2\/tags?post=2304"}],"curies":[{"name":"wp","href":"https:\/\/api.w.org\/{rel}","templated":true}]}}