{"id":2301,"date":"2025-12-19T14:59:50","date_gmt":"2025-12-19T13:59:50","guid":{"rendered":"https:\/\/droitemoderniste.be\/?p=2301"},"modified":"2025-12-19T14:59:50","modified_gmt":"2025-12-19T13:59:50","slug":"defi-ou-mdm","status":"publish","type":"post","link":"https:\/\/droitemoderniste.be\/index.php\/2025\/12\/19\/defi-ou-mdm\/","title":{"rendered":"D\u00e9Fi ou MDM?"},"content":{"rendered":"\n<figure class=\"wp-block-image size-full\"><img loading=\"lazy\" decoding=\"async\" width=\"300\" height=\"168\" src=\"https:\/\/droitemoderniste.be\/wp-content\/uploads\/2025\/12\/DeFI0.jpg\" alt=\"\" class=\"wp-image-2302\"\/><\/figure>\n\n\n\n<p class=\"wp-block-paragraph\"><strong><mark style=\"background-color:rgba(0, 0, 0, 0);color:#ff6900\" class=\"has-inline-color\">MDM<\/mark> et D\u00e9FI partagent des priorit\u00e9s sociales communes<\/strong>, mais <strong>leur programme social se distingue nettement dans la philosophie, les outils et l\u2019orientation politique<\/strong>.<\/p>\n\n\n\n<p class=\"wp-block-paragraph\">Voici une analyse claire et structur\u00e9e.<\/p>\n\n\n\n<hr class=\"wp-block-separator has-alpha-channel-opacity\"\/>\n\n\n\n<h5 class=\"wp-block-heading\"><strong>1. Ce qu\u2019ils ont en commun sur le social<\/strong><\/h5>\n\n\n\n<p class=\"wp-block-paragraph\">Les deux partis mettent en avant :<\/p>\n\n\n\n<ul class=\"wp-block-list\">\n<li><strong>La justice sociale<\/strong><\/li>\n\n\n\n<li><strong>La lutte contre la pauvret\u00e9<\/strong><\/li>\n\n\n\n<li><strong>L\u2019acc\u00e8s aux services essentiels<\/strong> (sant\u00e9, logement, \u00e9ducation)<\/li>\n\n\n\n<li><strong>Une protection des plus vuln\u00e9rables<\/strong><\/li>\n\n\n\n<li><strong>Une soci\u00e9t\u00e9 inclusive et \u00e9quitable<\/strong><\/li>\n<\/ul>\n\n\n\n<p class=\"wp-block-paragraph\"><strong>Mais la mani\u00e8re d\u2019y parvenir diff\u00e8re sensiblement.<\/strong><\/p>\n\n\n\n<hr class=\"wp-block-separator has-alpha-channel-opacity\"\/>\n\n\n\n<h5 class=\"wp-block-heading\"><strong>2. Comment D\u00e9FI con\u00e7oit le programme social<\/strong><\/h5>\n\n\n\n<p class=\"wp-block-paragraph\">D\u00e9FI s\u2019inscrit dans une tradition <strong>lib\u00e9rale-sociale centriste<\/strong>, influenc\u00e9e par trois principes :<\/p>\n\n\n\n<h6 class=\"wp-block-heading\">1. <strong>L\u2019\u00e9mancipation par les services publics<\/strong><\/h6>\n\n\n\n<p class=\"wp-block-paragraph\">D\u00e9FI croit beaucoup aux politiques publiques classiques :<\/p>\n\n\n\n<ul class=\"wp-block-list\">\n<li>allocations sociales correctes<\/li>\n\n\n\n<li>soutien scolaire<\/li>\n\n\n\n<li>renforcement de la formation professionnelle<\/li>\n\n\n\n<li>services publics accessibles<\/li>\n\n\n\n<li>lutte contre les discriminations<\/li>\n<\/ul>\n\n\n\n<h6 class=\"wp-block-heading\">2. <strong>La justice sociale via la la\u00efcit\u00e9 et l\u2019\u00e9galit\u00e9<\/strong><\/h6>\n\n\n\n<p class=\"wp-block-paragraph\">Leur approche sociale est aussi <strong>id\u00e9ologique<\/strong> :<\/p>\n\n\n\n<ul class=\"wp-block-list\">\n<li>neutralit\u00e9 de l\u2019\u00c9tat<\/li>\n\n\n\n<li>\u00e9galit\u00e9 entre citoyens ind\u00e9pendamment de l\u2019origine<\/li>\n\n\n\n<li>lutte contre les communautarismes<\/li>\n<\/ul>\n\n\n\n<h6 class=\"wp-block-heading\">3. <strong>Le r\u00e9formisme mod\u00e9r\u00e9<\/strong><\/h6>\n\n\n\n<p class=\"wp-block-paragraph\">D\u00e9FI cherche des <strong>r\u00e9formes progressives<\/strong>, jamais radicales, dans un cadre institutionnel stable.<\/p>\n\n\n\n<p class=\"wp-block-paragraph\"><strong>R\u00e9sultat : un programme social \u201cclassique progressiste\u201d, orient\u00e9 sur l\u2019\u00e9mancipation par l\u2019\u00c9tat et l\u2019\u00e9galit\u00e9 des droits.<\/strong><\/p>\n\n\n\n<hr class=\"wp-block-separator has-alpha-channel-opacity\"\/>\n\n\n\n<h5 class=\"wp-block-heading\"><strong>3. Comment le <mark style=\"background-color:rgba(0, 0, 0, 0);color:#ff6900\" class=\"has-inline-color\">MDM<\/mark> con\u00e7oit le programme social<\/strong><\/h5>\n\n\n\n<p class=\"wp-block-paragraph\">Le <mark style=\"background-color:rgba(0, 0, 0, 0);color:#ff6900\" class=\"has-inline-color\">MDM<\/mark>, a une approche <strong>plus philosophique, plus r\u00e9formatrice et plus structur\u00e9e<\/strong> :<\/p>\n\n\n\n<h6 class=\"wp-block-heading\">1. <strong>La justice sociale coupl\u00e9e \u00e0 la responsabilit\u00e9 individuelle<\/strong><\/h6>\n\n\n\n<p class=\"wp-block-paragraph\">Le <mark style=\"background-color:rgba(0, 0, 0, 0);color:#ff6900\" class=\"has-inline-color\">MDM<\/mark> vise un \u00e9quilibre :<\/p>\n\n\n\n<ul class=\"wp-block-list\">\n<li>solidarit\u00e9 forte<\/li>\n\n\n\n<li>mais attente de participation civique et d\u2019effort individuel<\/li>\n\n\n\n<li>syst\u00e8me social fond\u00e9 sur le m\u00e9rite + aide cibl\u00e9e<\/li>\n<\/ul>\n\n\n\n<p class=\"wp-block-paragraph\">C\u2019est une <strong>justice sociale modernis\u00e9e<\/strong>, moins \u201cassistancielle\u201d que chez D\u00e9FI.<\/p>\n\n\n\n<h6 class=\"wp-block-heading\">2. <strong>D\u00e9simmigrationnisme rationnel + coh\u00e9sion civique<\/strong><\/h6>\n\n\n\n<p class=\"wp-block-paragraph\">Une diff\u00e9rence majeure :<\/p>\n\n\n\n<ul class=\"wp-block-list\">\n<li>Pour le <mark style=\"background-color:rgba(0, 0, 0, 0);color:#ff6900\" class=\"has-inline-color\">MDM<\/mark>, la coh\u00e9sion sociale est fragilis\u00e9e par l\u2019immigration d\u00e9sorganis\u00e9e.<\/li>\n\n\n\n<li>Le parti propose un <strong>contr\u00f4le migratoire pragmatique<\/strong>, au nom de la justice sociale.<\/li>\n<\/ul>\n\n\n\n<p class=\"wp-block-paragraph\">D\u00e9FI n\u2019int\u00e8gre <strong>pas<\/strong> cette dimension dans son mod\u00e8le social.<\/p>\n\n\n\n<h6 class=\"wp-block-heading\">3. <strong>Un \u00c9tat strat\u00e8ge : dirigisme mod\u00e9r\u00e9<\/strong><\/h6>\n\n\n\n<p class=\"wp-block-paragraph\">Le social du <mark style=\"background-color:rgba(0, 0, 0, 0);color:#ff6900\" class=\"has-inline-color\">MDM<\/mark> se distingue par :<\/p>\n\n\n\n<ul class=\"wp-block-list\">\n<li>des politiques publiques orient\u00e9es vers l\u2019efficacit\u00e9<\/li>\n\n\n\n<li>un \u00c9tat strat\u00e8ge qui fixe des objectifs<\/li>\n\n\n\n<li>une plus grande place donn\u00e9e \u00e0 l\u2019innovation sociale et \u00e9conomique<\/li>\n\n\n\n<li>un r\u00f4le pr\u00e9cis pour le secteur priv\u00e9<\/li>\n<\/ul>\n\n\n\n<p class=\"wp-block-paragraph\">C\u2019est une vision <strong>plus moderniste, moins \u201cadministrative\u201d<\/strong>.<\/p>\n\n\n\n<h6 class=\"wp-block-heading\">4. <strong>\u00c9thique, animalisme, bien-\u00eatre<\/strong><\/h6>\n\n\n\n<p class=\"wp-block-paragraph\">Le <mark style=\"background-color:rgba(0, 0, 0, 0);color:#ff6900\" class=\"has-inline-color\">MDM<\/mark> incorpore aussi des dimensions originales :<\/p>\n\n\n\n<ul class=\"wp-block-list\">\n<li>bien-\u00eatre animal<\/li>\n\n\n\n<li>\u00e9quilibre de vie<\/li>\n\n\n\n<li>sybaritisme \u00e9thique (qualit\u00e9 de vie, bonheur mat\u00e9riel + moral)<\/li>\n<\/ul>\n\n\n\n<p class=\"wp-block-paragraph\">Ce ne sont pas des axes de D\u00e9FI.<\/p>\n\n\n\n<hr class=\"wp-block-separator has-alpha-channel-opacity\"\/>\n\n\n\n<h5 class=\"wp-block-heading\"><strong>4. Diff\u00e9rences sociales en r\u00e9sum\u00e9<\/strong><\/h5>\n\n\n\n<figure class=\"wp-block-table\"><table class=\"has-fixed-layout\"><thead><tr><td><strong>Th\u00e8me social<\/strong><strong><\/strong><\/td><td><strong>D\u00e9FI<\/strong><strong><\/strong><\/td><td><strong><mark style=\"background-color:rgba(0, 0, 0, 0);color:#ff6900\" class=\"has-inline-color\">MDM<\/mark><\/strong><\/td><\/tr><\/thead><tbody><tr><td><strong>Type d\u2019\u00c9tat<\/strong><\/td><td>\u00c9tat social classique<\/td><td>\u00c9tat strat\u00e8ge (dirigisme mod\u00e9r\u00e9)<\/td><\/tr><tr><td><strong>Justice sociale<\/strong><\/td><td>\u00c9galit\u00e9, droit universel<\/td><td>M\u00e9rite + solidarit\u00e9 cibl\u00e9e<\/td><\/tr><tr><td><strong>Pauvret\u00e9<\/strong><\/td><td>Allocations &amp; services publics<\/td><td>Inclusion par responsabilit\u00e9 + innovation sociale<\/td><\/tr><tr><td><strong>Coh\u00e9sion sociale<\/strong><\/td><td>La\u00efcit\u00e9, neutralit\u00e9<\/td><td>Civisme + identit\u00e9 commune + contr\u00f4le migratoire<\/td><\/tr><tr><td><strong>Immigration<\/strong><\/td><td>Sujet secondaire<\/td><td>Sujet central pour la coh\u00e9sion sociale<\/td><\/tr><tr><td><strong>Vision du progr\u00e8s social<\/strong><\/td><td>Progressisme institutionnel<\/td><td>Modernisme \u00e9thique (animalisme, spiritualisme la\u00efc, qualit\u00e9 de vie)<\/td><\/tr><tr><td><strong>Orientation g\u00e9n\u00e9rale<\/strong><\/td><td>Centre progressiste<\/td><td>Droite moderniste sociale<\/td><\/tr><\/tbody><\/table><\/figure>\n\n\n\n<p class=\"wp-block-paragraph\"><strong>5. Conclusion<\/strong><\/p>\n\n\n\n<p class=\"wp-block-paragraph\"><strong>Le <mark style=\"background-color:rgba(0, 0, 0, 0);color:#ff6900\" class=\"has-inline-color\">MDM<\/mark> et D\u00e9FI ont des valeurs sociales similaires<\/strong>, comme la lutte contre la pauvret\u00e9 et la d\u00e9fense de la justice sociale.<\/p>\n\n\n\n<p class=\"wp-block-paragraph\"><strong>Mais leurs programmes sociaux se distinguent fortement :<\/strong><\/p>\n\n\n\n<ul class=\"wp-block-list\">\n<li><strong>D\u00e9FI<\/strong> reste dans une logique de social-d\u00e9mocratie lib\u00e9rale centriste.<\/li>\n\n\n\n<li><strong>Le <mark style=\"background-color:rgba(0, 0, 0, 0);color:#ff6900\" class=\"has-inline-color\">MDM<\/mark><\/strong> propose un social <strong>plus structur\u00e9, plus moderniste, plus exigeant<\/strong>, int\u00e9grant responsabilit\u00e9, coh\u00e9sion civique, souverainisme social et innovation.<\/li>\n<\/ul>\n\n\n\n<p class=\"wp-block-paragraph\"><\/p>\n","protected":false},"excerpt":{"rendered":"<p>MDM et D\u00e9FI partagent des priorit\u00e9s sociales communes, mais leur programme social se distingue nettement dans la philosophie, les outils et l\u2019orientation politique. Voici une analyse claire et structur\u00e9e. 1. Ce qu\u2019ils ont en commun sur le social Les deux partis mettent en avant : Mais la mani\u00e8re d\u2019y parvenir diff\u00e8re sensiblement. 2. Comment D\u00e9FI [&hellip;]<\/p>\n","protected":false},"author":1,"featured_media":0,"comment_status":"open","ping_status":"open","sticky":false,"template":"","format":"standard","meta":{"_monsterinsights_skip_tracking":false,"_uf_show_specific_survey":0,"_uf_disable_surveys":false,"footnotes":""},"categories":[36,48],"tags":[],"class_list":["post-2301","post","type-post","status-publish","format-standard","hentry","category-equite-sociale","category-modernisme-social"],"_links":{"self":[{"href":"https:\/\/droitemoderniste.be\/index.php\/wp-json\/wp\/v2\/posts\/2301","targetHints":{"allow":["GET"]}}],"collection":[{"href":"https:\/\/droitemoderniste.be\/index.php\/wp-json\/wp\/v2\/posts"}],"about":[{"href":"https:\/\/droitemoderniste.be\/index.php\/wp-json\/wp\/v2\/types\/post"}],"author":[{"embeddable":true,"href":"https:\/\/droitemoderniste.be\/index.php\/wp-json\/wp\/v2\/users\/1"}],"replies":[{"embeddable":true,"href":"https:\/\/droitemoderniste.be\/index.php\/wp-json\/wp\/v2\/comments?post=2301"}],"version-history":[{"count":1,"href":"https:\/\/droitemoderniste.be\/index.php\/wp-json\/wp\/v2\/posts\/2301\/revisions"}],"predecessor-version":[{"id":2303,"href":"https:\/\/droitemoderniste.be\/index.php\/wp-json\/wp\/v2\/posts\/2301\/revisions\/2303"}],"wp:attachment":[{"href":"https:\/\/droitemoderniste.be\/index.php\/wp-json\/wp\/v2\/media?parent=2301"}],"wp:term":[{"taxonomy":"category","embeddable":true,"href":"https:\/\/droitemoderniste.be\/index.php\/wp-json\/wp\/v2\/categories?post=2301"},{"taxonomy":"post_tag","embeddable":true,"href":"https:\/\/droitemoderniste.be\/index.php\/wp-json\/wp\/v2\/tags?post=2301"}],"curies":[{"name":"wp","href":"https:\/\/api.w.org\/{rel}","templated":true}]}}