{"id":2297,"date":"2025-12-19T11:25:25","date_gmt":"2025-12-19T10:25:25","guid":{"rendered":"https:\/\/droitemoderniste.be\/?p=2297"},"modified":"2025-12-19T11:25:25","modified_gmt":"2025-12-19T10:25:25","slug":"pour-ceux-qui-ne-se-reconnaissent-plus-dans-les-engages","status":"publish","type":"post","link":"https:\/\/droitemoderniste.be\/index.php\/2025\/12\/19\/pour-ceux-qui-ne-se-reconnaissent-plus-dans-les-engages\/","title":{"rendered":"\u00ab\u00a0Pour ceux qui ne se reconnaissent plus dans Les Engag\u00e9s\u00a0\u00bb"},"content":{"rendered":"\n<figure class=\"wp-block-image size-full\"><img loading=\"lazy\" decoding=\"async\" width=\"300\" height=\"168\" src=\"https:\/\/droitemoderniste.be\/wp-content\/uploads\/2025\/12\/Maxime-prevot.jpg\" alt=\"\" class=\"wp-image-2298\"\/><\/figure>\n\n\n\n<p class=\"wp-block-paragraph\">Chers \u00e9lecteurs,<br>Chers citoyens attach\u00e9s \u00e0 une vraie r\u00e9forme,<br>Chers Belges qui croient encore que la politique peut transformer le r\u00e9el,<\/p>\n\n\n\n<p class=\"wp-block-paragraph\">Ce message est pour vous.<br>Vous qui avez cru aux promesses des Engag\u00e9s.<br>Vous qui avez vot\u00e9 pour eux en pensant soutenir une droite moderne, \u00e9quilibr\u00e9e et ambitieuse.<br>Et aujourd\u2019hui\u2026 vous \u00eates d\u00e9\u00e7us.<\/p>\n\n\n\n<hr class=\"wp-block-separator has-alpha-channel-opacity\"\/>\n\n\n\n<p class=\"wp-block-paragraph\"><strong>Vous n\u2019\u00eates pas seuls.<\/strong><\/p>\n\n\n\n<p class=\"wp-block-paragraph\">Vous avez vu vos attentes s\u2019\u00e9tioler :<\/p>\n\n\n\n<ul class=\"wp-block-list\">\n<li>des discours s\u00e9duisants qui ne d\u00e9bouchent sur rien,<\/li>\n\n\n\n<li>des compromis permanents qui n\u2019avancent pas le pays,<\/li>\n\n\n\n<li>des promesses d\u2019audace qui se dissolvent dans la prudence.<\/li>\n<\/ul>\n\n\n\n<p class=\"wp-block-paragraph\">Vous avez vot\u00e9 pour l\u2019action, et vous avez eu\u2026 de la gesticulation.<br>Vous avez vot\u00e9 pour la r\u00e9forme, et vous avez eu\u2026 des demi-mesures.<br>Vous avez vot\u00e9 pour le courage, et vous avez eu\u2026 de l\u2019attentisme.<\/p>\n\n\n\n<hr class=\"wp-block-separator has-alpha-channel-opacity\"\/>\n\n\n\n<p class=\"wp-block-paragraph\"><strong>Le <mark style=\"background-color:rgba(0, 0, 0, 0);color:#ff6900\" class=\"has-inline-color\">MDM<\/mark> entend votre frustration.<\/strong><\/p>\n\n\n\n<p class=\"wp-block-paragraph\">Le <mark style=\"background-color:rgba(0, 0, 0, 0);color:#ff6900\" class=\"has-inline-color\">Mouvement Droite Moderniste<\/mark> n\u2019est pas un parti qui repeint les m\u00eames id\u00e9es avec un nouveau logo.<br>Nous ne faisons pas semblant de modernit\u00e9.<br>Nous ne faisons pas semblant de trancher.<\/p>\n\n\n\n<p class=\"wp-block-paragraph\">Nous sommes n\u00e9s pour <strong>prendre les d\u00e9cisions que Les Engag\u00e9s n\u2019osent plus prendre<\/strong>, pour :<\/p>\n\n\n\n<ul class=\"wp-block-list\">\n<li>r\u00e9former l\u2019\u00e9cole et la justice de fa\u00e7on concr\u00e8te,<\/li>\n\n\n\n<li>ma\u00eetriser l\u2019immigration avec coh\u00e9rence et humanit\u00e9,<\/li>\n\n\n\n<li>orienter l\u2019\u00e9conomie avec audace, mais sous contr\u00f4le de l\u2019\u00c9tat strat\u00e8ge,<\/li>\n\n\n\n<li>r\u00e9ussir une transition \u00e9cologique qui cr\u00e9e prosp\u00e9rit\u00e9 et innovation.<\/li>\n<\/ul>\n\n\n\n<p class=\"wp-block-paragraph\">Pas de demi-mesures. Pas de discours creux.<br>Des <strong>actions concr\u00e8tes<\/strong>, des r\u00e9sultats visibles, des d\u00e9cisions assum\u00e9es.<\/p>\n\n\n\n<hr class=\"wp-block-separator has-alpha-channel-opacity\"\/>\n\n\n\n<p class=\"wp-block-paragraph\"><strong>Votre vote peut retrouver sa valeur.<\/strong><\/p>\n\n\n\n<p class=\"wp-block-paragraph\">Si vous \u00eates fatigu\u00e9s d\u2019attendre que vos id\u00e9es se r\u00e9alisent,<br>si vous en avez assez des compromis qui ne m\u00e8nent nulle part,<br>il est temps de faire un choix clair.<\/p>\n\n\n\n<p class=\"wp-block-paragraph\">Le <mark style=\"background-color:rgba(0, 0, 0, 0);color:#ff6900\" class=\"has-inline-color\">MDM<\/mark> n\u2019est pas Les Engag\u00e9s.<br>Le <mark style=\"background-color:rgba(0, 0, 0, 0);color:#ff6900\" class=\"has-inline-color\">MDM <\/mark>ne recule pas.<br>Le <mark style=\"background-color:rgba(0, 0, 0, 0);color:#ff6900\" class=\"has-inline-color\">MDM<\/mark> <strong>avance, d\u00e9cide et transforme<\/strong>.<\/p>\n\n\n\n<p class=\"wp-block-paragraph\">Vous n\u2019abandonnez pas vos convictions.<br>Vous les retrouvez.<br>Vous les incarnez \u00e0 nouveau.<\/p>\n\n\n\n<hr class=\"wp-block-separator has-alpha-channel-opacity\"\/>\n\n\n\n<p class=\"wp-block-paragraph\"><strong>Conclusion<\/strong><\/p>\n\n\n\n<p class=\"wp-block-paragraph\">\u00c9lecteurs d\u00e9\u00e7us de Les Engag\u00e9s :<br>Vous m\u00e9ritez une droite qui agit.<br>Vous m\u00e9ritez une droite moderne, coh\u00e9rente, ambitieuse et responsable.<br>Vous m\u00e9ritez <strong>le <mark style=\"background-color:rgba(0, 0, 0, 0);color:#ff6900\" class=\"has-inline-color\">Mouvement Droite Moderniste<\/mark><\/strong>.<\/p>\n\n\n\n<p class=\"wp-block-paragraph\">Rejoignez l\u2019audace d\u2019une droite moderne.<br>Rejoignez le <mark style=\"background-color:rgba(0, 0, 0, 0);color:#ff6900\" class=\"has-inline-color\">MDM<\/mark>.<\/p>\n\n\n\n<p class=\"wp-block-paragraph\"><\/p>\n","protected":false},"excerpt":{"rendered":"<p>Chers \u00e9lecteurs,Chers citoyens attach\u00e9s \u00e0 une vraie r\u00e9forme,Chers Belges qui croient encore que la politique peut transformer le r\u00e9el, Ce message est pour vous.Vous qui avez cru aux promesses des Engag\u00e9s.Vous qui avez vot\u00e9 pour eux en pensant soutenir une droite moderne, \u00e9quilibr\u00e9e et ambitieuse.Et aujourd\u2019hui\u2026 vous \u00eates d\u00e9\u00e7us. Vous n\u2019\u00eates pas seuls. Vous avez [&hellip;]<\/p>\n","protected":false},"author":1,"featured_media":0,"comment_status":"open","ping_status":"open","sticky":false,"template":"","format":"standard","meta":{"_monsterinsights_skip_tracking":false,"_uf_show_specific_survey":0,"_uf_disable_surveys":false,"footnotes":""},"categories":[42],"tags":[],"class_list":["post-2297","post","type-post","status-publish","format-standard","hentry","category-discours"],"_links":{"self":[{"href":"https:\/\/droitemoderniste.be\/index.php\/wp-json\/wp\/v2\/posts\/2297","targetHints":{"allow":["GET"]}}],"collection":[{"href":"https:\/\/droitemoderniste.be\/index.php\/wp-json\/wp\/v2\/posts"}],"about":[{"href":"https:\/\/droitemoderniste.be\/index.php\/wp-json\/wp\/v2\/types\/post"}],"author":[{"embeddable":true,"href":"https:\/\/droitemoderniste.be\/index.php\/wp-json\/wp\/v2\/users\/1"}],"replies":[{"embeddable":true,"href":"https:\/\/droitemoderniste.be\/index.php\/wp-json\/wp\/v2\/comments?post=2297"}],"version-history":[{"count":1,"href":"https:\/\/droitemoderniste.be\/index.php\/wp-json\/wp\/v2\/posts\/2297\/revisions"}],"predecessor-version":[{"id":2299,"href":"https:\/\/droitemoderniste.be\/index.php\/wp-json\/wp\/v2\/posts\/2297\/revisions\/2299"}],"wp:attachment":[{"href":"https:\/\/droitemoderniste.be\/index.php\/wp-json\/wp\/v2\/media?parent=2297"}],"wp:term":[{"taxonomy":"category","embeddable":true,"href":"https:\/\/droitemoderniste.be\/index.php\/wp-json\/wp\/v2\/categories?post=2297"},{"taxonomy":"post_tag","embeddable":true,"href":"https:\/\/droitemoderniste.be\/index.php\/wp-json\/wp\/v2\/tags?post=2297"}],"curies":[{"name":"wp","href":"https:\/\/api.w.org\/{rel}","templated":true}]}}