{"id":2294,"date":"2025-12-18T14:40:44","date_gmt":"2025-12-18T13:40:44","guid":{"rendered":"https:\/\/droitemoderniste.be\/?p=2294"},"modified":"2025-12-18T14:40:44","modified_gmt":"2025-12-18T13:40:44","slug":"progres-social-deux-visions-opposees","status":"publish","type":"post","link":"https:\/\/droitemoderniste.be\/index.php\/2025\/12\/18\/progres-social-deux-visions-opposees\/","title":{"rendered":"Progr\u00e8s social: deux visions oppos\u00e9es"},"content":{"rendered":"\n<figure class=\"wp-block-image size-full\"><img loading=\"lazy\" decoding=\"async\" width=\"275\" height=\"183\" src=\"https:\/\/droitemoderniste.be\/wp-content\/uploads\/2025\/12\/progres-social1-1.jpg\" alt=\"\" class=\"wp-image-2295\"\/><\/figure>\n\n\n\n<h3 class=\"wp-block-heading\">Le progr\u00e8s social <strong>selon la gauche progressiste<\/strong><\/h3>\n\n\n\n<p class=\"wp-block-paragraph\">Le progressisme de gauche con\u00e7oit le progr\u00e8s social comme une <strong>dynamique \u00e9galitariste<\/strong> :<br>il vise \u00e0 <strong>r\u00e9duire les \u00e9carts<\/strong> entre individus, souvent par la redistribution et la r\u00e9gulation, au nom d\u2019une \u00e9galit\u00e9 de r\u00e9sultat.<br>Il repose sur une id\u00e9e <strong>morale de justice abstraite<\/strong>, parfois au d\u00e9triment du m\u00e9rite, de l\u2019effort ou des appartenances collectives.<\/p>\n\n\n\n<p class=\"wp-block-paragraph\"><em>Le progr\u00e8s, pour la gauche progressiste, c\u2019est l\u2019\u00e9galit\u00e9 absolue.<\/em><\/p>\n\n\n\n<hr class=\"wp-block-separator has-alpha-channel-opacity\"\/>\n\n\n\n<h3 class=\"wp-block-heading\">Le progr\u00e8s social <strong>selon la droite moderniste (<mark style=\"background-color:rgba(0, 0, 0, 0);color:#ff6900\" class=\"has-inline-color\">MDM<\/mark>)<\/strong><\/h3>\n\n\n\n<p class=\"wp-block-paragraph\">Le modernisme politique du <mark style=\"background-color:rgba(0, 0, 0, 0);color:#ff6900\" class=\"has-inline-color\">MDM<\/mark> d\u00e9fend une <strong>autre id\u00e9e du progr\u00e8s social<\/strong> : celle d\u2019un <strong>progr\u00e8s m\u00e9ritocratique, humaniste et enracin\u00e9<\/strong>.<br>Il cherche \u00e0 <strong>\u00e9lever la soci\u00e9t\u00e9<\/strong> en valorisant l\u2019effort, la responsabilit\u00e9 et la solidarit\u00e9 r\u00e9elle, plut\u00f4t qu\u2019\u00e0 niveler les conditions au nom d\u2019un id\u00e9al th\u00e9orique.<\/p>\n\n\n\n<p class=\"wp-block-paragraph\"><em>Le progr\u00e8s, pour le <mark style=\"background-color:rgba(0, 0, 0, 0);color:#ff6900\" class=\"has-inline-color\">MDM<\/mark>, c\u2019est la justice dans la diff\u00e9rence.<\/em><\/p>\n\n\n\n<p class=\"wp-block-paragraph\">Le <mark style=\"background-color:rgba(0, 0, 0, 0);color:#ff6900\" class=\"has-inline-color\">MDM<\/mark> veut un progr\u00e8s social <strong>juste mais exigeant<\/strong>, qui aide chacun \u00e0 s\u2019\u00e9manciper <strong>par le travail, la formation et la dignit\u00e9<\/strong>, et non par la d\u00e9pendance \u00e0 l\u2019\u00c9tat.<\/p>\n\n\n\n<hr class=\"wp-block-separator has-alpha-channel-opacity\"\/>\n\n\n\n<h3 class=\"wp-block-heading\">En r\u00e9sum\u00e9 synth\u00e9tique<\/h3>\n\n\n\n<figure class=\"wp-block-table\"><table class=\"has-fixed-layout\"><thead><tr><td><strong>Dimension<\/strong><strong><\/strong><\/td><td><strong>Gauche progressiste<\/strong><strong><\/strong><\/td><td><strong>Droite moderniste (<mark style=\"background-color:rgba(0, 0, 0, 0);color:#ff6900\" class=\"has-inline-color\">MDM<\/mark>)<\/strong><\/td><\/tr><\/thead><tbody><tr><td>Finalit\u00e9 du progr\u00e8s<\/td><td>\u00c9galit\u00e9 absolue<\/td><td>Dignit\u00e9 par le m\u00e9rite<\/td><\/tr><tr><td>Principe moteur<\/td><td>Redistribution<\/td><td>Responsabilisation<\/td><\/tr><tr><td>Rapport \u00e0 l\u2019effort<\/td><td>Relatif<\/td><td>Central<\/td><\/tr><tr><td>Vision de la justice sociale<\/td><td>\u00c9galitarisme<\/td><td>M\u00e9ritocratie \u00e9quitable<\/td><\/tr><tr><td>R\u00f4le de l\u2019\u00c9tat<\/td><td>Distributeur de droits<\/td><td>Garant des \u00e9quilibres et des chances<\/td><\/tr><tr><td>Type de solidarit\u00e9<\/td><td>Universelle, indistincte<\/td><td>Nationale, cibl\u00e9e et responsable<\/td><\/tr><tr><td>Id\u00e9al social<\/td><td>Uniformit\u00e9<\/td><td>Harmonie et \u00e9l\u00e9vation collective<\/td><\/tr><\/tbody><\/table><\/figure>\n\n\n\n<h3 class=\"wp-block-heading\">La synth\u00e8se doctrinale du <mark style=\"background-color:rgba(0, 0, 0, 0);color:#ff6900\" class=\"has-inline-color\">MDM<\/mark><\/h3>\n\n\n\n<p class=\"wp-block-paragraph\"><strong>Le <mark style=\"background-color:rgba(0, 0, 0, 0);color:#ff6900\" class=\"has-inline-color\">MDM<\/mark> pr\u00f4ne un progr\u00e8s social m\u00e9ritocratique, responsable et enracin\u00e9,<br>l\u00e0 o\u00f9 la gauche progressiste pr\u00f4ne un progr\u00e8s social \u00e9galitariste et id\u00e9ologique.<\/strong><\/p>\n\n\n\n<p class=\"wp-block-paragraph\">Autrement dit :<\/p>\n\n\n\n<p class=\"wp-block-paragraph\"><strong>Le <mark style=\"background-color:rgba(0, 0, 0, 0);color:#ff6900\" class=\"has-inline-color\">MDM<\/mark> veut \u00e9lever chacun \u2014 pas \u00e9galiser tous.<\/strong><\/p>\n\n\n\n<p class=\"wp-block-paragraph\"><\/p>\n","protected":false},"excerpt":{"rendered":"<p>Le progr\u00e8s social selon la gauche progressiste Le progressisme de gauche con\u00e7oit le progr\u00e8s social comme une dynamique \u00e9galitariste :il vise \u00e0 r\u00e9duire les \u00e9carts entre individus, souvent par la redistribution et la r\u00e9gulation, au nom d\u2019une \u00e9galit\u00e9 de r\u00e9sultat.Il repose sur une id\u00e9e morale de justice abstraite, parfois au d\u00e9triment du m\u00e9rite, de l\u2019effort [&hellip;]<\/p>\n","protected":false},"author":1,"featured_media":0,"comment_status":"open","ping_status":"open","sticky":false,"template":"","format":"standard","meta":{"_monsterinsights_skip_tracking":false,"_uf_show_specific_survey":0,"_uf_disable_surveys":false,"footnotes":""},"categories":[36,24,48],"tags":[],"class_list":["post-2294","post","type-post","status-publish","format-standard","hentry","category-equite-sociale","category-justice-sociale","category-modernisme-social"],"_links":{"self":[{"href":"https:\/\/droitemoderniste.be\/index.php\/wp-json\/wp\/v2\/posts\/2294","targetHints":{"allow":["GET"]}}],"collection":[{"href":"https:\/\/droitemoderniste.be\/index.php\/wp-json\/wp\/v2\/posts"}],"about":[{"href":"https:\/\/droitemoderniste.be\/index.php\/wp-json\/wp\/v2\/types\/post"}],"author":[{"embeddable":true,"href":"https:\/\/droitemoderniste.be\/index.php\/wp-json\/wp\/v2\/users\/1"}],"replies":[{"embeddable":true,"href":"https:\/\/droitemoderniste.be\/index.php\/wp-json\/wp\/v2\/comments?post=2294"}],"version-history":[{"count":1,"href":"https:\/\/droitemoderniste.be\/index.php\/wp-json\/wp\/v2\/posts\/2294\/revisions"}],"predecessor-version":[{"id":2296,"href":"https:\/\/droitemoderniste.be\/index.php\/wp-json\/wp\/v2\/posts\/2294\/revisions\/2296"}],"wp:attachment":[{"href":"https:\/\/droitemoderniste.be\/index.php\/wp-json\/wp\/v2\/media?parent=2294"}],"wp:term":[{"taxonomy":"category","embeddable":true,"href":"https:\/\/droitemoderniste.be\/index.php\/wp-json\/wp\/v2\/categories?post=2294"},{"taxonomy":"post_tag","embeddable":true,"href":"https:\/\/droitemoderniste.be\/index.php\/wp-json\/wp\/v2\/tags?post=2294"}],"curies":[{"name":"wp","href":"https:\/\/api.w.org\/{rel}","templated":true}]}}