{"id":2291,"date":"2025-12-18T11:40:04","date_gmt":"2025-12-18T10:40:04","guid":{"rendered":"https:\/\/droitemoderniste.be\/?p=2291"},"modified":"2025-12-18T11:40:04","modified_gmt":"2025-12-18T10:40:04","slug":"pour-une-europe-strategiquement-adulte-lheure-dun-souverainisme-eclaire","status":"publish","type":"post","link":"https:\/\/droitemoderniste.be\/index.php\/2025\/12\/18\/pour-une-europe-strategiquement-adulte-lheure-dun-souverainisme-eclaire\/","title":{"rendered":"Pour une Europe strat\u00e9giquement adulte: l&rsquo;heure d&rsquo;un souverainisme \u00e9clair\u00e9"},"content":{"rendered":"\n<figure class=\"wp-block-image size-large\"><img loading=\"lazy\" decoding=\"async\" width=\"1024\" height=\"512\" src=\"https:\/\/droitemoderniste.be\/wp-content\/uploads\/2025\/12\/5d813cabf20d5a53cce82fa2-1024x512.jpg\" alt=\"\" class=\"wp-image-2292\" srcset=\"https:\/\/droitemoderniste.be\/wp-content\/uploads\/2025\/12\/5d813cabf20d5a53cce82fa2-1024x512.jpg 1024w, https:\/\/droitemoderniste.be\/wp-content\/uploads\/2025\/12\/5d813cabf20d5a53cce82fa2-300x150.jpg 300w, https:\/\/droitemoderniste.be\/wp-content\/uploads\/2025\/12\/5d813cabf20d5a53cce82fa2-768x384.jpg 768w, https:\/\/droitemoderniste.be\/wp-content\/uploads\/2025\/12\/5d813cabf20d5a53cce82fa2.jpg 1280w\" sizes=\"auto, (max-width: 1024px) 100vw, 1024px\" \/><\/figure>\n\n\n\n<p class=\"wp-block-paragraph\">Dans un monde o\u00f9 les rapports de force s\u2019intensifient, l\u2019Europe ne peut plus se satisfaire d\u2019un r\u00f4le secondaire. Le <strong><mark style=\"background-color:rgba(0, 0, 0, 0);color:#ff6900\" class=\"has-inline-color\">Mouvement Droite Moderniste (MDM)<\/mark><\/strong> d\u00e9fend un <strong>souverainisme \u00e9clair\u00e9<\/strong>, c\u2019est-\u00e0-dire une souverainet\u00e9 adulte, rationnelle, technologiquement ambitieuse et inscrite dans la coop\u00e9ration strat\u00e9gique entre nations europ\u00e9ennes.<\/p>\n\n\n\n<p class=\"wp-block-paragraph\">Ce souverainisme n\u2019est ni une nostalgie ni une fermeture ; il est une volont\u00e9 claire de ma\u00eetriser notre destin politique, \u00e9conomique et civilisationnel.<\/p>\n\n\n\n<p class=\"wp-block-paragraph\">La perspective d\u2019un d\u00e9sengagement am\u00e9ricain de l\u2019OTAN \u2014 jadis impensable \u2014 r\u00e9v\u00e8le une v\u00e9rit\u00e9 profonde : <strong>une puissance qui d\u00e9l\u00e8gue sa s\u00e9curit\u00e9 n\u2019est plus une puissance<\/strong>. <\/p>\n\n\n\n<p class=\"wp-block-paragraph\">Pour le <mark style=\"background-color:rgba(0, 0, 0, 0);color:#ff6900\" class=\"has-inline-color\">MDM<\/mark>, ce moment marque le d\u00e9but d\u2019une transition historique : la construction d\u2019une v\u00e9ritable <strong>D\u00e9fense Europ\u00e9enne Autonome<\/strong>, structur\u00e9e, int\u00e9gr\u00e9e et souveraine.<\/p>\n\n\n\n<hr class=\"wp-block-separator has-alpha-channel-opacity\"\/>\n\n\n\n<p class=\"wp-block-paragraph\">L\u2019Europe doit redevenir une actrice centrale de son propre destin. Cela exige une vision claire et des d\u00e9cisions courageuses.<\/p>\n\n\n\n<h5 class=\"wp-block-heading\"><strong>1. Une doctrine militaire europ\u00e9enne commune<\/strong><\/h5>\n\n\n\n<p class=\"wp-block-paragraph\">L\u2019Europe doit d\u00e9passer les ambigu\u00eft\u00e9s strat\u00e9giques. Une doctrine commune doit d\u00e9finir :<\/p>\n\n\n\n<ul class=\"wp-block-list\">\n<li>les menaces prioritaires (agressions hybrides, cyberattaques, expansionnisme hostile),<\/li>\n\n\n\n<li>les lignes rouges europ\u00e9ennes,<\/li>\n\n\n\n<li>le r\u00f4le de l\u2019Europe dans la stabilit\u00e9 r\u00e9gionale et mondiale,<\/li>\n\n\n\n<li>les engagements militaires partag\u00e9s en cas de crise.<\/li>\n<\/ul>\n\n\n\n<p class=\"wp-block-paragraph\">Cette doctrine serait la premi\u00e8re pierre d\u2019une Europe strat\u00e9giquement mature.<\/p>\n\n\n\n<h5 class=\"wp-block-heading\"><strong>2. Une industrie de d\u00e9fense unifi\u00e9e et souveraine<\/strong><\/h5>\n\n\n\n<p class=\"wp-block-paragraph\">Aujourd&rsquo;hui, l\u2019Europe est un g\u00e9ant \u00e9conomique mais un nain strat\u00e9gique, en raison de la <strong>fragmentation technologique<\/strong>. Le <mark style=\"background-color:rgba(0, 0, 0, 0);color:#ff6900\" class=\"has-inline-color\">MDM<\/mark> soutient :<\/p>\n\n\n\n<ul class=\"wp-block-list\">\n<li>la cr\u00e9ation de programmes industriels communs obligatoires pour certains \u00e9quipements clefs,<\/li>\n\n\n\n<li>la mutualisation des capacit\u00e9s de production,<\/li>\n\n\n\n<li>la constitution d\u2019une fili\u00e8re europ\u00e9enne de semi-conducteurs militaires,<\/li>\n\n\n\n<li>une autonomie en mati\u00e8re de drones, missiles, blind\u00e9s, IA militaire et cybers\u00e9curit\u00e9.<\/li>\n<\/ul>\n\n\n\n<p class=\"wp-block-paragraph\">L\u2019objectif est clair : <strong>ne plus d\u00e9pendre technologiquement d\u2019acteurs ext\u00e9rieurs<\/strong> dans les secteurs de d\u00e9fense critiques.<\/p>\n\n\n\n<h5 class=\"wp-block-heading\"><strong>3. Une dissuasion europ\u00e9enne cr\u00e9dible et solidaire<\/strong><\/h5>\n\n\n\n<p class=\"wp-block-paragraph\">Pour \u00eatre une puissance, l\u2019Europe doit \u00eatre capable de dissuader toute agression majeure. Le <mark style=\"background-color:rgba(0, 0, 0, 0);color:#ff6900\" class=\"has-inline-color\">MDM<\/mark> d\u00e9fend :<\/p>\n\n\n\n<ul class=\"wp-block-list\">\n<li>une dissuasion \u00e9largie autour des capacit\u00e9s fran\u00e7aises,<\/li>\n\n\n\n<li>un pacte europ\u00e9en de solidarit\u00e9 nucl\u00e9aire,<\/li>\n\n\n\n<li>l\u2019int\u00e9gration progressive d\u2019une doctrine commune de dissuasion,<\/li>\n\n\n\n<li>une modernisation acc\u00e9l\u00e9r\u00e9e des syst\u00e8mes de d\u00e9fense antimissile europ\u00e9ens.<\/li>\n<\/ul>\n\n\n\n<p class=\"wp-block-paragraph\">Cette approche ne remplace pas les souverainet\u00e9s nationales : elle <strong>les renforce par une solidarit\u00e9 strat\u00e9gique assum\u00e9e<\/strong>.<\/p>\n\n\n\n<h5 class=\"wp-block-heading\"><strong>4. Une structure de commandement int\u00e9gr\u00e9e et op\u00e9rationnelle<\/strong><\/h5>\n\n\n\n<p class=\"wp-block-paragraph\">Le <mark style=\"background-color:rgba(0, 0, 0, 0);color:#ff6900\" class=\"has-inline-color\">MDM<\/mark> propose la cr\u00e9ation d\u2019un <strong>Commandement Europ\u00e9en Permanent<\/strong> dot\u00e9 :<\/p>\n\n\n\n<ul class=\"wp-block-list\">\n<li>d\u2019un \u00e9tat-major unifi\u00e9,<\/li>\n\n\n\n<li>d\u2019une capacit\u00e9 de r\u00e9action rapide,<\/li>\n\n\n\n<li>de forces pr\u00e9positionn\u00e9es,<\/li>\n\n\n\n<li>d\u2019un centre europ\u00e9en de cyberd\u00e9fense,<\/li>\n\n\n\n<li>d\u2019un pilier spatial europ\u00e9en pour la surveillance et la communication militaire.<\/li>\n<\/ul>\n\n\n\n<p class=\"wp-block-paragraph\">L\u2019objectif : passer de la coop\u00e9ration militaire \u00e0 la <strong>capacit\u00e9 d\u2019action strat\u00e9gique autonome<\/strong>.<\/p>\n\n\n\n<hr class=\"wp-block-separator has-alpha-channel-opacity\"\/>\n\n\n\n<h5 class=\"wp-block-heading\">Souverainisme \u00c9clair\u00e9 : la vision <mark style=\"background-color:rgba(0, 0, 0, 0);color:#ff6900\" class=\"has-inline-color\">MDM<\/mark><\/h5>\n\n\n\n<p class=\"wp-block-paragraph\">Le souverainisme \u00e9clair\u00e9 du <mark style=\"background-color:rgba(0, 0, 0, 0);color:#ff6900\" class=\"has-inline-color\">MDM<\/mark> repose sur quatre principes :<\/p>\n\n\n\n<h6 class=\"wp-block-heading\"><strong>1. Souverainet\u00e9 sans isolement<\/strong><\/h6>\n\n\n\n<p class=\"wp-block-paragraph\">Reprendre le contr\u00f4le de nos d\u00e9cisions s\u00e9curitaires tout en renfor\u00e7ant les alliances internes \u00e0 l\u2019Europe.<\/p>\n\n\n\n<h6 class=\"wp-block-heading\"><strong>2. Puissance sans arrogance<\/strong><\/h6>\n\n\n\n<p class=\"wp-block-paragraph\">Construire une force europ\u00e9enne non pour dominer, mais pour prot\u00e9ger et stabiliser.<\/p>\n\n\n\n<h6 class=\"wp-block-heading\"><strong>3. Coop\u00e9ration sans d\u00e9pendance<\/strong><\/h6>\n\n\n\n<p class=\"wp-block-paragraph\">Travailler avec nos alli\u00e9s quand cela est utile, sans jamais d\u00e9l\u00e9guer nos fonctions vitales.<\/p>\n\n\n\n<h6 class=\"wp-block-heading\"><strong>4. Humanisme sans na\u00efvet\u00e9<\/strong><\/h6>\n\n\n\n<p class=\"wp-block-paragraph\">Prot\u00e9ger nos valeurs europ\u00e9ennes tout en tenant compte des r\u00e9alit\u00e9s g\u00e9opolitiques.<\/p>\n\n\n\n<p class=\"wp-block-paragraph\">Cette philosophie fait du souverainisme \u00e9clair\u00e9 non pas un repli, mais un <strong>\u00e9lan vers la ma\u00eetrise collective de notre avenir<\/strong>.<\/p>\n\n\n\n<hr class=\"wp-block-separator has-alpha-channel-opacity\"\/>\n\n\n\n<h5 class=\"wp-block-heading\">L\u2019Europe puissance : une vision moderne, r\u00e9aliste et ambitieuse<\/h5>\n\n\n\n<p class=\"wp-block-paragraph\">L\u2019autonomie strat\u00e9gique n\u2019est pas une option id\u00e9ologique. C\u2019est la condition d\u2019une Europe :<\/p>\n\n\n\n<ul class=\"wp-block-list\">\n<li>capable de d\u00e9fendre ses fronti\u00e8res,<\/li>\n\n\n\n<li>r\u00e9siliente face aux crises internationales,<\/li>\n\n\n\n<li>capable d\u2019agir sans attendre l\u2019aval d\u2019une puissance ext\u00e9rieure,<\/li>\n\n\n\n<li>respect\u00e9e dans les grands \u00e9quilibres mondiaux.<\/li>\n<\/ul>\n\n\n\n<p class=\"wp-block-paragraph\">Le <mark style=\"background-color:rgba(0, 0, 0, 0);color:#ff6900\" class=\"has-inline-color\">MDM<\/mark> d\u00e9fend une Europe redevenue <strong>sujet de l\u2019histoire<\/strong>, assumant pleinement sa place entre les grandes puissances du XXIe si\u00e8cle.<\/p>\n\n\n\n<hr class=\"wp-block-separator has-alpha-channel-opacity\"\/>\n\n\n\n<h5 class=\"wp-block-heading\">Conclusion : L\u2019audace d\u2019une droite moderne<\/h5>\n\n\n\n<p class=\"wp-block-paragraph\">Pour le <mark style=\"background-color:rgba(0, 0, 0, 0);color:#ff6900\" class=\"has-inline-color\">MDM<\/mark>, b\u00e2tir une D\u00e9fense Europ\u00e9enne Autonome est un acte d\u2019audace politique, un acte de responsabilit\u00e9 et un acte civilisationnel.<\/p>\n\n\n\n<p class=\"wp-block-paragraph\">Nous d\u00e9fendons une Europe :<\/p>\n\n\n\n<ul class=\"wp-block-list\">\n<li>souveraine,<\/li>\n\n\n\n<li>forte,<\/li>\n\n\n\n<li>unie,<\/li>\n\n\n\n<li>lucide,<\/li>\n\n\n\n<li>strat\u00e9giquement autonome.<\/li>\n<\/ul>\n\n\n\n<p class=\"wp-block-paragraph\"><strong>L\u2019audace d\u2019une droite moderne, c\u2019est l\u2019ambition d\u2019une Europe ma\u00eetresse de son destin et digne de son h\u00e9ritage civilisationnel.<\/strong><\/p>\n","protected":false},"excerpt":{"rendered":"<p>Dans un monde o\u00f9 les rapports de force s\u2019intensifient, l\u2019Europe ne peut plus se satisfaire d\u2019un r\u00f4le secondaire. Le Mouvement Droite Moderniste (MDM) d\u00e9fend un souverainisme \u00e9clair\u00e9, c\u2019est-\u00e0-dire une souverainet\u00e9 adulte, rationnelle, technologiquement ambitieuse et inscrite dans la coop\u00e9ration strat\u00e9gique entre nations europ\u00e9ennes. Ce souverainisme n\u2019est ni une nostalgie ni une fermeture ; il est [&hellip;]<\/p>\n","protected":false},"author":1,"featured_media":0,"comment_status":"open","ping_status":"open","sticky":false,"template":"","format":"standard","meta":{"_monsterinsights_skip_tracking":false,"_uf_show_specific_survey":0,"_uf_disable_surveys":false,"footnotes":""},"categories":[47,41],"tags":[],"class_list":["post-2291","post","type-post","status-publish","format-standard","hentry","category-souverainisme","category-union-europeenne"],"_links":{"self":[{"href":"https:\/\/droitemoderniste.be\/index.php\/wp-json\/wp\/v2\/posts\/2291","targetHints":{"allow":["GET"]}}],"collection":[{"href":"https:\/\/droitemoderniste.be\/index.php\/wp-json\/wp\/v2\/posts"}],"about":[{"href":"https:\/\/droitemoderniste.be\/index.php\/wp-json\/wp\/v2\/types\/post"}],"author":[{"embeddable":true,"href":"https:\/\/droitemoderniste.be\/index.php\/wp-json\/wp\/v2\/users\/1"}],"replies":[{"embeddable":true,"href":"https:\/\/droitemoderniste.be\/index.php\/wp-json\/wp\/v2\/comments?post=2291"}],"version-history":[{"count":1,"href":"https:\/\/droitemoderniste.be\/index.php\/wp-json\/wp\/v2\/posts\/2291\/revisions"}],"predecessor-version":[{"id":2293,"href":"https:\/\/droitemoderniste.be\/index.php\/wp-json\/wp\/v2\/posts\/2291\/revisions\/2293"}],"wp:attachment":[{"href":"https:\/\/droitemoderniste.be\/index.php\/wp-json\/wp\/v2\/media?parent=2291"}],"wp:term":[{"taxonomy":"category","embeddable":true,"href":"https:\/\/droitemoderniste.be\/index.php\/wp-json\/wp\/v2\/categories?post=2291"},{"taxonomy":"post_tag","embeddable":true,"href":"https:\/\/droitemoderniste.be\/index.php\/wp-json\/wp\/v2\/tags?post=2291"}],"curies":[{"name":"wp","href":"https:\/\/api.w.org\/{rel}","templated":true}]}}