{"id":2288,"date":"2025-12-17T14:56:52","date_gmt":"2025-12-17T13:56:52","guid":{"rendered":"https:\/\/droitemoderniste.be\/?p=2288"},"modified":"2025-12-17T14:56:52","modified_gmt":"2025-12-17T13:56:52","slug":"la-belgique-na-pas-besoin-dun-centre-attentiste","status":"publish","type":"post","link":"https:\/\/droitemoderniste.be\/index.php\/2025\/12\/17\/la-belgique-na-pas-besoin-dun-centre-attentiste\/","title":{"rendered":"\u00ab\u00a0La Belgique n&rsquo;a pas besoin d&rsquo;un centre attentiste\u00a0\u00bb"},"content":{"rendered":"\n<figure class=\"wp-block-image size-full\"><img loading=\"lazy\" decoding=\"async\" width=\"275\" height=\"183\" src=\"https:\/\/droitemoderniste.be\/wp-content\/uploads\/2025\/12\/maxime-P.jpg\" alt=\"\" class=\"wp-image-2289\"\/><\/figure>\n\n\n\n<p class=\"wp-block-paragraph\">Mesdames et Messieurs,<br>Chers \u00e9lecteurs fatigu\u00e9s des demi-mesures,<\/p>\n\n\n\n<p class=\"wp-block-paragraph\">Il est temps d\u2019\u00eatre clair : <strong>Les Engag\u00e9s ne r\u00e9formeront jamais la Belgique<\/strong>.<\/p>\n\n\n\n<p class=\"wp-block-paragraph\">Ils parlent de modernit\u00e9, de rassemblement, d\u2019\u00e9quilibre\u2026<br>Mais derri\u00e8re les mots, que reste-t-il ?<br>Un parti <strong>timide, prudent, mou<\/strong>, qui pr\u00e9f\u00e8re <strong>apaiser que d\u00e9cider<\/strong>, <strong>discuter que trancher<\/strong>, <strong>r\u00e9concilier que transformer<\/strong>.<\/p>\n\n\n\n<p class=\"wp-block-paragraph\">Pendant qu\u2019ils naviguent au centre, la Belgique stagne.<br>Pendant qu\u2019ils parlent d\u2019humanisme, le pays se d\u00e9lite.<br>Pendant qu\u2019ils promettent des r\u00e9formes, <strong>rien ne change vraiment<\/strong>.<\/p>\n\n\n\n<hr class=\"wp-block-separator has-alpha-channel-opacity\"\/>\n\n\n\n<p class=\"wp-block-paragraph\"><strong>Le <mark style=\"background-color:rgba(0, 0, 0, 0);color:#ff6900\" class=\"has-inline-color\">MDM<\/mark>, lui, ne tergiverse pas.<\/strong><\/p>\n\n\n\n<p class=\"wp-block-paragraph\">Nous ne sommes pas un parti de compromis ti\u00e8de.<br>Nous ne sommes pas un parti qui repeint la fa\u00e7ade pour masquer l\u2019absence d\u2019action.<br>Nous ne sommes pas un parti qui recule au moindre frisson m\u00e9diatique.<\/p>\n\n\n\n<p class=\"wp-block-paragraph\">Nous sommes n\u00e9s pour <strong>trancher, d\u00e9cider, transformer<\/strong>.<br>Nous sommes n\u00e9s pour remettre l\u2019\u00c9tat au service des citoyens,<br>et non des strat\u00e9gies de communication.<\/p>\n\n\n\n<p class=\"wp-block-paragraph\">Nous assumons :<\/p>\n\n\n\n<ul class=\"wp-block-list\">\n<li>un patriotisme civique ferme et rassembleur,<\/li>\n\n\n\n<li>une \u00e9conomie lib\u00e9rale mais encadr\u00e9e par l\u2019\u00c9tat strat\u00e8ge,<\/li>\n\n\n\n<li>une transition \u00e9cologique pragmatique et innovante,<\/li>\n\n\n\n<li>une immigration ma\u00eetris\u00e9e et coh\u00e9rente,<\/li>\n\n\n\n<li>une justice rapide et ferme,<\/li>\n\n\n\n<li>une Europe forte et souveraine.<\/li>\n<\/ul>\n\n\n\n<p class=\"wp-block-paragraph\">Pas de demi-mesures.<br>Pas de \u201ccentre confortable\u201d.<br>Pas de compromis pour \u00e9viter le conflit.<\/p>\n\n\n\n<hr class=\"wp-block-separator has-alpha-channel-opacity\"\/>\n\n\n\n<p class=\"wp-block-paragraph\"><strong>Les Engag\u00e9s apaisent, le <mark style=\"background-color:rgba(0, 0, 0, 0);color:#ff6900\" class=\"has-inline-color\">MDM<\/mark> agit.<\/strong><\/p>\n\n\n\n<p class=\"wp-block-paragraph\">Quand Les Engag\u00e9s promettent \u00e9quilibre et harmonie,<br>nous promettons <strong>r\u00e9sultats<\/strong>.<\/p>\n\n\n\n<p class=\"wp-block-paragraph\">Quand Les Engag\u00e9s discutent, nous <strong>r\u00e9formons<\/strong>.<\/p>\n\n\n\n<p class=\"wp-block-paragraph\">Quand Les Engag\u00e9s mod\u00e8rent, nous <strong>tranchons<\/strong>.<\/p>\n\n\n\n<p class=\"wp-block-paragraph\">Leurs propositions sont belles sur papier, mais elles ne d\u00e9placent rien.<br>Le <mark style=\"background-color:rgba(0, 0, 0, 0);color:#ff6900\" class=\"has-inline-color\">MDM<\/mark>, lui, bouge les lignes.<br>Le <mark style=\"background-color:rgba(0, 0, 0, 0);color:#ff6900\" class=\"has-inline-color\">MDM<\/mark> ne craint pas de froisser, de bousculer ou de secouer le syst\u00e8me.<\/p>\n\n\n\n<hr class=\"wp-block-separator has-alpha-channel-opacity\"\/>\n\n\n\n<p class=\"wp-block-paragraph\"><strong>La Belgique n\u2019a pas besoin d\u2019un centre attentiste.<\/strong><\/p>\n\n\n\n<p class=\"wp-block-paragraph\">Elle a besoin d\u2019un moteur.<\/p>\n\n\n\n<p class=\"wp-block-paragraph\">Le <mark style=\"background-color:rgba(0, 0, 0, 0);color:#ff6900\" class=\"has-inline-color\">MDM<\/mark> est ce moteur.<br>Les Engag\u00e9s sont le frein.<\/p>\n\n\n\n<p class=\"wp-block-paragraph\">Si vous \u00eates fatigu\u00e9s des partis qui parlent mais n\u2019agissent pas,<br>si vous en avez assez des demi-mesures et des compromis st\u00e9riles,<br>il est temps de faire un choix clair.<\/p>\n\n\n\n<p class=\"wp-block-paragraph\"><strong>Choisissez le <mark style=\"background-color:rgba(0, 0, 0, 0);color:#ff6900\" class=\"has-inline-color\">MDM<\/mark>.<br>Choisissez l\u2019audace.<br>Choisissez la droite moderniste qui r\u00e9formera la Belgique.<\/strong><\/p>\n\n\n\n<p class=\"wp-block-paragraph\"><\/p>\n","protected":false},"excerpt":{"rendered":"<p>Mesdames et Messieurs,Chers \u00e9lecteurs fatigu\u00e9s des demi-mesures, Il est temps d\u2019\u00eatre clair : Les Engag\u00e9s ne r\u00e9formeront jamais la Belgique. Ils parlent de modernit\u00e9, de rassemblement, d\u2019\u00e9quilibre\u2026Mais derri\u00e8re les mots, que reste-t-il ?Un parti timide, prudent, mou, qui pr\u00e9f\u00e8re apaiser que d\u00e9cider, discuter que trancher, r\u00e9concilier que transformer. Pendant qu\u2019ils naviguent au centre, la Belgique [&hellip;]<\/p>\n","protected":false},"author":1,"featured_media":0,"comment_status":"open","ping_status":"open","sticky":false,"template":"","format":"standard","meta":{"_monsterinsights_skip_tracking":false,"_uf_show_specific_survey":0,"_uf_disable_surveys":false,"footnotes":""},"categories":[42],"tags":[],"class_list":["post-2288","post","type-post","status-publish","format-standard","hentry","category-discours"],"_links":{"self":[{"href":"https:\/\/droitemoderniste.be\/index.php\/wp-json\/wp\/v2\/posts\/2288","targetHints":{"allow":["GET"]}}],"collection":[{"href":"https:\/\/droitemoderniste.be\/index.php\/wp-json\/wp\/v2\/posts"}],"about":[{"href":"https:\/\/droitemoderniste.be\/index.php\/wp-json\/wp\/v2\/types\/post"}],"author":[{"embeddable":true,"href":"https:\/\/droitemoderniste.be\/index.php\/wp-json\/wp\/v2\/users\/1"}],"replies":[{"embeddable":true,"href":"https:\/\/droitemoderniste.be\/index.php\/wp-json\/wp\/v2\/comments?post=2288"}],"version-history":[{"count":1,"href":"https:\/\/droitemoderniste.be\/index.php\/wp-json\/wp\/v2\/posts\/2288\/revisions"}],"predecessor-version":[{"id":2290,"href":"https:\/\/droitemoderniste.be\/index.php\/wp-json\/wp\/v2\/posts\/2288\/revisions\/2290"}],"wp:attachment":[{"href":"https:\/\/droitemoderniste.be\/index.php\/wp-json\/wp\/v2\/media?parent=2288"}],"wp:term":[{"taxonomy":"category","embeddable":true,"href":"https:\/\/droitemoderniste.be\/index.php\/wp-json\/wp\/v2\/categories?post=2288"},{"taxonomy":"post_tag","embeddable":true,"href":"https:\/\/droitemoderniste.be\/index.php\/wp-json\/wp\/v2\/tags?post=2288"}],"curies":[{"name":"wp","href":"https:\/\/api.w.org\/{rel}","templated":true}]}}