{"id":2285,"date":"2025-12-17T10:09:57","date_gmt":"2025-12-17T09:09:57","guid":{"rendered":"https:\/\/droitemoderniste.be\/?p=2285"},"modified":"2025-12-17T10:09:57","modified_gmt":"2025-12-17T09:09:57","slug":"letat-social-moderniste","status":"publish","type":"post","link":"https:\/\/droitemoderniste.be\/index.php\/2025\/12\/17\/letat-social-moderniste\/","title":{"rendered":"L\u2019\u00c9tat social moderniste"},"content":{"rendered":"\n<figure class=\"wp-block-image size-full\"><img loading=\"lazy\" decoding=\"async\" width=\"275\" height=\"183\" src=\"https:\/\/droitemoderniste.be\/wp-content\/uploads\/2025\/12\/Etat-social-moderniste.jpg\" alt=\"\" class=\"wp-image-2286\"\/><\/figure>\n\n\n\n<h5 class=\"wp-block-heading\">Un pilier de justice, pas un instrument id\u00e9ologique<\/h5>\n\n\n\n<p class=\"wp-block-paragraph\">Le <strong><mark style=\"background-color:rgba(0, 0, 0, 0);color:#ff6900\" class=\"has-inline-color\">Mouvement Droite Moderniste (MDM)<\/mark><\/strong> d\u00e9fend un <strong>\u00c9tat-Providence fort, juste et r\u00e9form\u00e9<\/strong>, fond\u00e9 sur l\u2019\u00e9quilibre entre <strong>solidarit\u00e9 nationale<\/strong> et <strong>responsabilit\u00e9 individuelle<\/strong>.<br>Le <mark style=\"background-color:rgba(0, 0, 0, 0);color:#ff6900\" class=\"has-inline-color\">MDM<\/mark> consid\u00e8re que l\u2019\u00c9tat social n\u2019est pas une utopie \u00e9galitariste, mais <strong>une \u0153uvre de civilisation<\/strong> : un devoir collectif envers les plus fragiles, et une garantie de stabilit\u00e9 pour la Nation tout enti\u00e8re.<\/p>\n\n\n\n<p class=\"wp-block-paragraph\"><em>\u201cUn peuple fort est un peuple qui prot\u00e8ge les siens, pas un peuple qui les d\u00e9responsabilise.\u201d<\/em><\/p>\n\n\n\n<hr class=\"wp-block-separator has-alpha-channel-opacity\"\/>\n\n\n\n<h5 class=\"wp-block-heading\">La diff\u00e9rence moderniste<\/h5>\n\n\n\n<p class=\"wp-block-paragraph\">L\u00e0 o\u00f9 le progressisme veut <strong>\u00e9tendre sans fin<\/strong> le champ d\u2019action de l\u2019\u00c9tat au nom de l\u2019\u00e9galit\u00e9 abstraite,<br>le modernisme du <mark style=\"background-color:rgba(0, 0, 0, 0);color:#ff6900\" class=\"has-inline-color\">MDM<\/mark> veut <strong>le concentrer<\/strong> sur ses missions essentielles : <strong>prot\u00e9ger, \u00e9manciper, responsabiliser.<\/strong><\/p>\n\n\n\n<figure class=\"wp-block-table\"><table class=\"has-fixed-layout\"><thead><tr><td><strong>Progressisme<\/strong><strong><\/strong><\/td><td><strong>Modernisme (<mark style=\"background-color:rgba(0, 0, 0, 0);color:#ff6900\" class=\"has-inline-color\">MDM<\/mark>)<\/strong><\/td><\/tr><\/thead><tbody><tr><td>Redistribution \u00e9galitariste<\/td><td>Solidarit\u00e9 fond\u00e9e sur le m\u00e9rite et la responsabilit\u00e9<\/td><\/tr><tr><td>Logique de d\u00e9pendance<\/td><td>Logique d\u2019\u00e9mancipation et d\u2019autonomie<\/td><\/tr><tr><td>Bureaucratie tentaculaire<\/td><td>Administration simplifi\u00e9e et num\u00e9rique<\/td><\/tr><tr><td>Aide g\u00e9n\u00e9ralis\u00e9e<\/td><td>Aide cibl\u00e9e, \u00e9quitable et efficace<\/td><\/tr><tr><td>Uniformisation sociale<\/td><td>Reconnaissance des parcours et des efforts<\/td><\/tr><\/tbody><\/table><\/figure>\n\n\n\n<h5 class=\"wp-block-heading\">Les trois piliers de l\u2019\u00c9tat social moderniste<\/h5>\n\n\n\n<ol class=\"wp-block-list\">\n<li><strong>Responsabilit\u00e9 individuelle<\/strong><br>L\u2019\u00c9tat prot\u00e8ge, mais chacun contribue \u00e0 la mesure de ses capacit\u00e9s.<br>La solidarit\u00e9 ne doit jamais devenir une excuse \u00e0 la passivit\u00e9 : elle est un <strong>pacte de devoirs partag\u00e9s.<\/strong><\/li>\n\n\n\n<li><strong>Efficacit\u00e9 institutionnelle<\/strong><br>Le <mark style=\"background-color:rgba(0, 0, 0, 0);color:#ff6900\" class=\"has-inline-color\">MDM<\/mark> veut <strong>r\u00e9former profond\u00e9ment l\u2019appareil social<\/strong> : simplifier les structures, r\u00e9duire les doublons, num\u00e9riser les services publics, et concentrer les aides sur les b\u00e9n\u00e9ficiaires r\u00e9els.<br>L\u2019objectif est de <strong>rendre chaque euro social utile et mesurable.<\/strong><\/li>\n\n\n\n<li><strong>Justice interg\u00e9n\u00e9rationnelle<\/strong><br>La protection sociale doit \u00eatre durable : le <mark style=\"background-color:rgba(0, 0, 0, 0);color:#ff6900\" class=\"has-inline-color\">MDM<\/mark> d\u00e9fend un mod\u00e8le \u00e9quitable entre les g\u00e9n\u00e9rations, garantissant aux jeunes d\u2019aujourd\u2019hui les m\u00eames droits que leurs a\u00een\u00e9s, <strong>sans dette sociale transf\u00e9r\u00e9e.<\/strong><\/li>\n<\/ol>\n\n\n\n<hr class=\"wp-block-separator has-alpha-channel-opacity\"\/>\n\n\n\n<h5 class=\"wp-block-heading\">Une solidarit\u00e9 enracin\u00e9e<\/h5>\n\n\n\n<p class=\"wp-block-paragraph\">L\u2019\u00c9tat social moderniste repose sur une id\u00e9e simple :<br>la <strong>solidarit\u00e9 nationale<\/strong> pr\u00e9c\u00e8de la solidarit\u00e9 mondiale.<br>Avant de secourir le monde entier, <strong>le <mark style=\"background-color:rgba(0, 0, 0, 0);color:#ff6900\" class=\"has-inline-color\">MDM<\/mark> veut s\u2019assurer qu\u2019aucun Belge ne soit laiss\u00e9 pour compte.<\/strong><\/p>\n\n\n\n<p class=\"wp-block-paragraph\">Ce mod\u00e8le s\u2019enracine dans une vision <strong>patriotique et humaniste<\/strong> :<br>la Nation comme famille \u00e9largie, l\u2019\u00c9tat comme garant de la dignit\u00e9 de chacun.<\/p>\n\n\n\n<p class=\"wp-block-paragraph\"><em>\u201cProt\u00e9ger sans assister. Aider sans niveler. R\u00e9parer sans d\u00e9truire.\u201d<\/em><\/p>\n\n\n\n<hr class=\"wp-block-separator has-alpha-channel-opacity\"\/>\n\n\n\n<h6 class=\"wp-block-heading\">En r\u00e9sum\u00e9<\/h6>\n\n\n\n<p class=\"wp-block-paragraph\">Le <strong>modernisme social du <mark style=\"background-color:rgba(0, 0, 0, 0);color:#ff6900\" class=\"has-inline-color\">MDM<\/mark><\/strong> veut r\u00e9concilier <strong>efficacit\u00e9 et humanit\u00e9<\/strong>, <strong>solidarit\u00e9 et m\u00e9rite<\/strong>, <strong>libert\u00e9 et protection<\/strong>.<br>Son \u00c9tat-Providence n\u2019est ni un vestige du pass\u00e9, ni une utopie d\u2019\u00e9galitarisme, mais <strong>une architecture morale et nationale adapt\u00e9e au XXI\u1d49 si\u00e8cle.<\/strong><\/p>\n\n\n\n<p class=\"wp-block-paragraph\"><strong>\u201cUn \u00c9tat social fort, pour un peuple libre et digne.\u201d<\/strong><\/p>\n","protected":false},"excerpt":{"rendered":"<p>Un pilier de justice, pas un instrument id\u00e9ologique Le Mouvement Droite Moderniste (MDM) d\u00e9fend un \u00c9tat-Providence fort, juste et r\u00e9form\u00e9, fond\u00e9 sur l\u2019\u00e9quilibre entre solidarit\u00e9 nationale et responsabilit\u00e9 individuelle.Le MDM consid\u00e8re que l\u2019\u00c9tat social n\u2019est pas une utopie \u00e9galitariste, mais une \u0153uvre de civilisation : un devoir collectif envers les plus fragiles, et une garantie [&hellip;]<\/p>\n","protected":false},"author":1,"featured_media":0,"comment_status":"open","ping_status":"open","sticky":false,"template":"","format":"standard","meta":{"_monsterinsights_skip_tracking":false,"_uf_show_specific_survey":0,"_uf_disable_surveys":false,"footnotes":""},"categories":[36,49],"tags":[],"class_list":["post-2285","post","type-post","status-publish","format-standard","hentry","category-equite-sociale","category-etat-providence"],"_links":{"self":[{"href":"https:\/\/droitemoderniste.be\/index.php\/wp-json\/wp\/v2\/posts\/2285","targetHints":{"allow":["GET"]}}],"collection":[{"href":"https:\/\/droitemoderniste.be\/index.php\/wp-json\/wp\/v2\/posts"}],"about":[{"href":"https:\/\/droitemoderniste.be\/index.php\/wp-json\/wp\/v2\/types\/post"}],"author":[{"embeddable":true,"href":"https:\/\/droitemoderniste.be\/index.php\/wp-json\/wp\/v2\/users\/1"}],"replies":[{"embeddable":true,"href":"https:\/\/droitemoderniste.be\/index.php\/wp-json\/wp\/v2\/comments?post=2285"}],"version-history":[{"count":1,"href":"https:\/\/droitemoderniste.be\/index.php\/wp-json\/wp\/v2\/posts\/2285\/revisions"}],"predecessor-version":[{"id":2287,"href":"https:\/\/droitemoderniste.be\/index.php\/wp-json\/wp\/v2\/posts\/2285\/revisions\/2287"}],"wp:attachment":[{"href":"https:\/\/droitemoderniste.be\/index.php\/wp-json\/wp\/v2\/media?parent=2285"}],"wp:term":[{"taxonomy":"category","embeddable":true,"href":"https:\/\/droitemoderniste.be\/index.php\/wp-json\/wp\/v2\/categories?post=2285"},{"taxonomy":"post_tag","embeddable":true,"href":"https:\/\/droitemoderniste.be\/index.php\/wp-json\/wp\/v2\/tags?post=2285"}],"curies":[{"name":"wp","href":"https:\/\/api.w.org\/{rel}","templated":true}]}}