{"id":2281,"date":"2025-12-16T14:27:35","date_gmt":"2025-12-16T13:27:35","guid":{"rendered":"https:\/\/droitemoderniste.be\/?p=2281"},"modified":"2025-12-16T14:27:35","modified_gmt":"2025-12-16T13:27:35","slug":"a-ceux-qui-en-ont-assez-des-demi-mesures","status":"publish","type":"post","link":"https:\/\/droitemoderniste.be\/index.php\/2025\/12\/16\/a-ceux-qui-en-ont-assez-des-demi-mesures\/","title":{"rendered":"\u00ab\u00a0A ceux qui en ont assez des demi-mesures\u00a0\u00bb"},"content":{"rendered":"\n<figure class=\"wp-block-image size-full\"><img loading=\"lazy\" decoding=\"async\" width=\"311\" height=\"162\" src=\"https:\/\/droitemoderniste.be\/wp-content\/uploads\/2025\/12\/MR1.jpg\" alt=\"\" class=\"wp-image-2282\" srcset=\"https:\/\/droitemoderniste.be\/wp-content\/uploads\/2025\/12\/MR1.jpg 311w, https:\/\/droitemoderniste.be\/wp-content\/uploads\/2025\/12\/MR1-300x156.jpg 300w\" sizes=\"auto, (max-width: 311px) 100vw, 311px\" \/><\/figure>\n\n\n\n<p class=\"wp-block-paragraph\">Chers r\u00e9formateurs,<br>Chers impatients du progr\u00e8s,<br>Chers esprits pragmatiques qui en ont assez de tourner en rond,<\/p>\n\n\n\n<p class=\"wp-block-paragraph\">Ce message est pour vous.<\/p>\n\n\n\n<hr class=\"wp-block-separator has-alpha-channel-opacity\"\/>\n\n\n\n<p class=\"wp-block-paragraph\"><strong>Vous n\u2019\u00eates pas contre les compromis. Vous \u00eates contre l\u2019immobilisme d\u00e9guis\u00e9 en compromis.<\/strong><\/p>\n\n\n\n<p class=\"wp-block-paragraph\">Depuis trop longtemps en Belgique, on confond compromis et renoncement.<br>On confond n\u00e9gociation et neutralisation.<br>On confond gouverner et bricoler.<\/p>\n\n\n\n<p class=\"wp-block-paragraph\">Vous ne demandez pas l\u2019impossible.<br>Vous ne demandez pas la r\u00e9volution.<br>Vous demandez <strong>des r\u00e9formes qui avancent, qui tranchent, qui am\u00e9liorent r\u00e9ellement la vie des gens<\/strong>.<\/p>\n\n\n\n<p class=\"wp-block-paragraph\">Mais ce que le syst\u00e8me vous a donn\u00e9,<br>c\u2019est une succession de petits gestes,<br>de demi-mesures,<br>de rafistolages qui n\u2019ont jamais le courage d\u2019aller au bout.<\/p>\n\n\n\n<hr class=\"wp-block-separator has-alpha-channel-opacity\"\/>\n\n\n\n<p class=\"wp-block-paragraph\"><strong>Vous avez vu les plans devenir des rapports.<\/strong><\/p>\n\n\n\n<p class=\"wp-block-paragraph\">Les rapports devenir des annonces.<br>Les annonces devenir des compromis.<br>Et les compromis devenir\u2026 du surplace.<\/p>\n\n\n\n<p class=\"wp-block-paragraph\">Vous avez vu l\u2019\u00e9cole s\u2019enfoncer malgr\u00e9 les pactes successifs.<br>Vous avez vu la mobilit\u00e9 stagner malgr\u00e9 les plans quinquennaux.<br>Vous avez vu la justice s\u2019effondrer malgr\u00e9 les promesses d\u2019investissements.<br>Vous avez vu l\u2019immigration devenir ing\u00e9rable faute de d\u00e9cisions claires.<br>Vous avez vu l\u2019administration s\u2019alourdir malgr\u00e9 les discours sur la simplification.<\/p>\n\n\n\n<p class=\"wp-block-paragraph\">Vous avez vu trop de ministres qui \u201cpilotent\u201d,<br>et trop peu qui <strong>transforment<\/strong>.<\/p>\n\n\n\n<hr class=\"wp-block-separator has-alpha-channel-opacity\"\/>\n\n\n\n<p class=\"wp-block-paragraph\"><strong>Le <mark style=\"background-color:rgba(0, 0, 0, 0);color:#ff6900\" class=\"has-inline-color\">MDM<\/mark> parle votre langue : la langue de l\u2019efficacit\u00e9.<\/strong><\/p>\n\n\n\n<p class=\"wp-block-paragraph\">Le <mark style=\"background-color:rgba(0, 0, 0, 0);color:#ff6900\" class=\"has-inline-color\">Mouvement Droite Moderniste<\/mark> n\u2019est pas un parti de slogans creux.<br>C\u2019est un parti d\u2019architecture politique.<br>De plans op\u00e9rationnels.<br>De r\u00e9sultats attendus, chiffr\u00e9s, assum\u00e9s.<\/p>\n\n\n\n<p class=\"wp-block-paragraph\">Nous disons ce que nous faisons.<br>Nous faisons ce que nous d\u00e9cidons.<br>Pas de zigzags.<br>Pas d\u2019ambigu\u00eft\u00e9s.<br>Pas de mesure \u201csymbolique\u201d qui cache l\u2019absence d\u2019action.<\/p>\n\n\n\n<p class=\"wp-block-paragraph\">Ce que propose le <mark style=\"background-color:rgba(0, 0, 0, 0);color:#ff6900\" class=\"has-inline-color\">MDM<\/mark>, c\u2019est une droite moderne <strong>qui ose aller au bout<\/strong> :<\/p>\n\n\n\n<ul class=\"wp-block-list\">\n<li>une r\u00e9forme fiscale lisible et pro-travail ;<\/li>\n\n\n\n<li>une \u00e9cole exigeante qui remet le niveau au c\u0153ur du pacte social ;<\/li>\n\n\n\n<li>une administration rationalis\u00e9e, simplifi\u00e9e, digitalis\u00e9e ;<\/li>\n\n\n\n<li>une politique migratoire coh\u00e9rente et r\u00e9ellement ma\u00eetris\u00e9e ;<\/li>\n\n\n\n<li>un \u00c9tat strat\u00e8ge qui investit dans l\u2019industrie, l\u2019\u00e9nergie et l\u2019innovation ;<\/li>\n\n\n\n<li>une justice acc\u00e9l\u00e9r\u00e9e, renforc\u00e9e, recentr\u00e9e sur l\u2019essentiel.<\/li>\n<\/ul>\n\n\n\n<p class=\"wp-block-paragraph\">Pas des promesses \u00e9tal\u00e9es sur 12 ans.<br>Des changements concrets, graduels, mais r\u00e9els \u2014 et surtout assum\u00e9s.<\/p>\n\n\n\n<hr class=\"wp-block-separator has-alpha-channel-opacity\"\/>\n\n\n\n<p class=\"wp-block-paragraph\"><strong>Avec le <mark style=\"background-color:rgba(0, 0, 0, 0);color:#ff6900\" class=\"has-inline-color\">MDM<\/mark>, la r\u00e9forme n\u2019est plus un slogan : c\u2019est un agenda.<\/strong><\/p>\n\n\n\n<p class=\"wp-block-paragraph\">Nous ne sommes pas l\u00e0 pour commenter le syst\u00e8me.<br>Nous sommes l\u00e0 pour le transformer.<br>Pour sortir la Belgique du cycle de \u201cr\u00e9forme annonc\u00e9e \u2014 compromis \u00e9dulcor\u00e9 \u2014 statu quo\u201d.<\/p>\n\n\n\n<p class=\"wp-block-paragraph\">Nous voulons un pays qui planifie, qui ex\u00e9cute et qui mesure.<br>Un pays o\u00f9 chaque euro public a un impact.<br>Un pays qui n\u2019a pas peur d\u2019arbitrer.<br>Un pays qui doit quelque chose \u00e0 ses citoyens : <strong>des r\u00e9sultats<\/strong>.<\/p>\n\n\n\n<hr class=\"wp-block-separator has-alpha-channel-opacity\"\/>\n\n\n\n<p class=\"wp-block-paragraph\"><strong>Chers r\u00e9formateurs, vous n\u2019\u00eates pas trop exigeants.<\/strong><\/p>\n\n\n\n<p class=\"wp-block-paragraph\">Vous \u00eates trop patients.<\/p>\n\n\n\n<p class=\"wp-block-paragraph\">Vous n\u2019avez pas r\u00eav\u00e9 trop grand.<br>Le syst\u00e8me belge a simplement agi trop petit.<\/p>\n\n\n\n<p class=\"wp-block-paragraph\">Le <mark style=\"background-color:rgba(0, 0, 0, 0);color:#ff6900\" class=\"has-inline-color\">MDM<\/mark> est n\u00e9 pour une raison :<br><strong>sortir la r\u00e9forme de l\u2019attentisme et la remettre dans l\u2019action.<\/strong><\/p>\n\n\n\n<p class=\"wp-block-paragraph\">Si vous voulez une politique qui avance,<br>si vous en avez assez des tables rondes qui tournent en rond,<br>si vous croyez qu\u2019un pays peut et doit fonctionner mieux,<\/p>\n\n\n\n<p class=\"wp-block-paragraph\">Alors vous \u00eates d\u00e9j\u00e0 l\u2019un des n\u00f4tres.<\/p>\n\n\n\n<hr class=\"wp-block-separator has-alpha-channel-opacity\"\/>\n\n\n\n<p class=\"wp-block-paragraph\"><strong>Le <mark style=\"background-color:rgba(0, 0, 0, 0);color:#ff6900\" class=\"has-inline-color\">MDM<\/mark> est la maison de ceux qui veulent que \u00e7a bouge.<\/strong><\/p>\n\n\n\n<p class=\"wp-block-paragraph\">La maison de ceux qui veulent plus qu\u2019un compromis : <strong>une direction<\/strong>.<\/p>\n\n\n\n<p class=\"wp-block-paragraph\">Rejoignez-nous.<br>Rejoignez <strong>l\u2019audace d\u2019une droite moderne<\/strong>.<br>Rejoignez le <mark style=\"background-color:rgba(0, 0, 0, 0);color:#ff6900\" class=\"has-inline-color\">MDM<\/mark>.<\/p>\n\n\n\n<p class=\"wp-block-paragraph\"><\/p>\n","protected":false},"excerpt":{"rendered":"<p>Chers r\u00e9formateurs,Chers impatients du progr\u00e8s,Chers esprits pragmatiques qui en ont assez de tourner en rond, Ce message est pour vous. Vous n\u2019\u00eates pas contre les compromis. Vous \u00eates contre l\u2019immobilisme d\u00e9guis\u00e9 en compromis. Depuis trop longtemps en Belgique, on confond compromis et renoncement.On confond n\u00e9gociation et neutralisation.On confond gouverner et bricoler. Vous ne demandez pas [&hellip;]<\/p>\n","protected":false},"author":1,"featured_media":0,"comment_status":"open","ping_status":"open","sticky":false,"template":"","format":"standard","meta":{"_monsterinsights_skip_tracking":false,"_uf_show_specific_survey":0,"_uf_disable_surveys":false,"footnotes":""},"categories":[42],"tags":[],"class_list":["post-2281","post","type-post","status-publish","format-standard","hentry","category-discours"],"_links":{"self":[{"href":"https:\/\/droitemoderniste.be\/index.php\/wp-json\/wp\/v2\/posts\/2281","targetHints":{"allow":["GET"]}}],"collection":[{"href":"https:\/\/droitemoderniste.be\/index.php\/wp-json\/wp\/v2\/posts"}],"about":[{"href":"https:\/\/droitemoderniste.be\/index.php\/wp-json\/wp\/v2\/types\/post"}],"author":[{"embeddable":true,"href":"https:\/\/droitemoderniste.be\/index.php\/wp-json\/wp\/v2\/users\/1"}],"replies":[{"embeddable":true,"href":"https:\/\/droitemoderniste.be\/index.php\/wp-json\/wp\/v2\/comments?post=2281"}],"version-history":[{"count":1,"href":"https:\/\/droitemoderniste.be\/index.php\/wp-json\/wp\/v2\/posts\/2281\/revisions"}],"predecessor-version":[{"id":2283,"href":"https:\/\/droitemoderniste.be\/index.php\/wp-json\/wp\/v2\/posts\/2281\/revisions\/2283"}],"wp:attachment":[{"href":"https:\/\/droitemoderniste.be\/index.php\/wp-json\/wp\/v2\/media?parent=2281"}],"wp:term":[{"taxonomy":"category","embeddable":true,"href":"https:\/\/droitemoderniste.be\/index.php\/wp-json\/wp\/v2\/categories?post=2281"},{"taxonomy":"post_tag","embeddable":true,"href":"https:\/\/droitemoderniste.be\/index.php\/wp-json\/wp\/v2\/tags?post=2281"}],"curies":[{"name":"wp","href":"https:\/\/api.w.org\/{rel}","templated":true}]}}