{"id":2278,"date":"2025-12-16T09:57:39","date_gmt":"2025-12-16T08:57:39","guid":{"rendered":"https:\/\/droitemoderniste.be\/?p=2278"},"modified":"2025-12-16T09:57:39","modified_gmt":"2025-12-16T08:57:39","slug":"le-mdm-ne-promet-pas-la-revolution-il-promet-la-renaissance","status":"publish","type":"post","link":"https:\/\/droitemoderniste.be\/index.php\/2025\/12\/16\/le-mdm-ne-promet-pas-la-revolution-il-promet-la-renaissance\/","title":{"rendered":"Le MDM ne promet pas la r\u00e9volution: il promet la renaissance"},"content":{"rendered":"\n<figure class=\"wp-block-image size-full\"><img loading=\"lazy\" decoding=\"async\" width=\"300\" height=\"168\" src=\"https:\/\/droitemoderniste.be\/wp-content\/uploads\/2025\/12\/Renaissance-Botticelli.jpg\" alt=\"\" class=\"wp-image-2279\"\/><\/figure>\n\n\n\n<h5 class=\"wp-block-heading\">Une vision distincte du changement<\/h5>\n\n\n\n<p class=\"wp-block-paragraph\">Le <strong><mark style=\"background-color:rgba(0, 0, 0, 0);color:#ff6900\" class=\"has-inline-color\">Mouvement Droite Moderniste (MDM)<\/mark><\/strong> croit au <strong>progr\u00e8s ma\u00eetris\u00e9<\/strong>, pas au <strong>progr\u00e8s perp\u00e9tuel<\/strong>.<br>L\u00e0 o\u00f9 le progressisme consid\u00e8re le changement comme une fin en soi, le <mark style=\"background-color:rgba(0, 0, 0, 0);color:#ff6900\" class=\"has-inline-color\">MDM<\/mark> y voit <strong>un moyen au service de l\u2019\u00e9quilibre, de la justice et du bien commun<\/strong>.<\/p>\n\n\n\n<p class=\"wp-block-paragraph\"><em>\u201cNous ne croyons pas \u00e0 la table rase, mais \u00e0 la transmission vivante.\u201d<\/em><\/p>\n\n\n\n<p class=\"wp-block-paragraph\">Le modernisme politique du <mark style=\"background-color:rgba(0, 0, 0, 0);color:#ff6900\" class=\"has-inline-color\">MDM<\/mark> veut adapter la soci\u00e9t\u00e9 aux d\u00e9fis du XXI\u1d49 si\u00e8cle <strong>sans la d\u00e9raciner<\/strong> : r\u00e9former sans d\u00e9truire, innover sans d\u00e9naturer, ouvrir sans effacer.<\/p>\n\n\n\n<hr class=\"wp-block-separator has-alpha-channel-opacity\"\/>\n\n\n\n<h5 class=\"wp-block-heading\">Le modernisme contre le progressisme : deux philosophies du monde<\/h5>\n\n\n\n<figure class=\"wp-block-table\"><table class=\"has-fixed-layout\"><thead><tr><td><strong>Dimension<\/strong><strong><\/strong><\/td><td><strong>Progressisme<\/strong><strong><\/strong><\/td><td><strong>Modernisme (<mark style=\"background-color:rgba(0, 0, 0, 0);color:#ff6900\" class=\"has-inline-color\">MDM<\/mark>)<\/strong><\/td><\/tr><\/thead><tbody><tr><td><strong>Rapport au pass\u00e9<\/strong><\/td><td>Le pass\u00e9 est un fardeau \u00e0 d\u00e9passer<\/td><td>Le pass\u00e9 est une base \u00e0 actualiser<\/td><\/tr><tr><td><strong>Vision du changement<\/strong><\/td><td>Rupture permanente<\/td><td>\u00c9volution ordonn\u00e9e et r\u00e9fl\u00e9chie<\/td><\/tr><tr><td><strong>Valeur dominante<\/strong><\/td><td>\u00c9galit\u00e9 absolue<\/td><td>Harmonie entre libert\u00e9 et responsabilit\u00e9<\/td><\/tr><tr><td><strong>Soci\u00e9t\u00e9 id\u00e9ale<\/strong><\/td><td>Sans hi\u00e9rarchie, sans ancrage<\/td><td>\u00c9quilibr\u00e9e, enracin\u00e9e, ouverte<\/td><\/tr><tr><td><strong>R\u00f4le de l\u2019\u00c9tat<\/strong><\/td><td>R\u00e9formateur id\u00e9ologique<\/td><td>Pilote rationnel du progr\u00e8s collectif<\/td><\/tr><tr><td><strong>Identit\u00e9 nationale<\/strong><\/td><td>Relativis\u00e9e ou ni\u00e9e<\/td><td>Pr\u00e9serv\u00e9e et valoris\u00e9e<\/td><\/tr><tr><td><strong>Vision du progr\u00e8s<\/strong><\/td><td>Moral et militant<\/td><td>R\u00e9aliste, humain et durable<\/td><\/tr><\/tbody><\/table><\/figure>\n\n\n\n<h5 class=\"wp-block-heading\">Une troisi\u00e8me voie : le modernisme social<\/h5>\n\n\n\n<p class=\"wp-block-paragraph\">Le <mark style=\"background-color:rgba(0, 0, 0, 0);color:#ff6900\" class=\"has-inline-color\">MDM<\/mark> se distingue autant du conservatisme fig\u00e9 que du progressisme d\u00e9constructeur.<br>Il porte une <strong>vision sociale responsable<\/strong>, fond\u00e9e sur trois principes :<\/p>\n\n\n\n<ol class=\"wp-block-list\">\n<li><strong>Justice sans nivellement<\/strong> \u2013 prot\u00e9ger les plus fragiles sans punir l\u2019effort ni le m\u00e9rite.<\/li>\n\n\n\n<li><strong>Solidarit\u00e9 enracin\u00e9e<\/strong> \u2013 soutenir la coh\u00e9sion nationale avant la charit\u00e9 mondiale.<\/li>\n\n\n\n<li><strong>Humanisme lucide<\/strong> \u2013 mettre la technologie, l\u2019\u00e9conomie et la culture au service de l\u2019humain, non l\u2019inverse.<\/li>\n<\/ol>\n\n\n\n<hr class=\"wp-block-separator has-alpha-channel-opacity\"\/>\n\n\n\n<h6 class=\"wp-block-heading\">En r\u00e9sum\u00e9<\/h6>\n\n\n\n<p class=\"wp-block-paragraph\"><strong>Le <mark style=\"background-color:rgba(0, 0, 0, 0);color:#ff6900\" class=\"has-inline-color\">MDM<\/mark> ne promet pas la r\u00e9volution : il promet la renaissance.<\/strong><\/p>\n\n\n\n<p class=\"wp-block-paragraph\">Le modernisme, c\u2019est la volont\u00e9 de faire grandir notre soci\u00e9t\u00e9 sans la renier,<br>d\u2019\u00eatre du XXI\u1d49 si\u00e8cle sans oublier qui nous sommes.<\/p>\n\n\n\n<p class=\"wp-block-paragraph\"><\/p>\n","protected":false},"excerpt":{"rendered":"<p>Une vision distincte du changement Le Mouvement Droite Moderniste (MDM) croit au progr\u00e8s ma\u00eetris\u00e9, pas au progr\u00e8s perp\u00e9tuel.L\u00e0 o\u00f9 le progressisme consid\u00e8re le changement comme une fin en soi, le MDM y voit un moyen au service de l\u2019\u00e9quilibre, de la justice et du bien commun. \u201cNous ne croyons pas \u00e0 la table rase, mais [&hellip;]<\/p>\n","protected":false},"author":1,"featured_media":0,"comment_status":"open","ping_status":"open","sticky":false,"template":"","format":"standard","meta":{"_monsterinsights_skip_tracking":false,"_uf_show_specific_survey":0,"_uf_disable_surveys":false,"footnotes":""},"categories":[43,48,34],"tags":[],"class_list":["post-2278","post","type-post","status-publish","format-standard","hentry","category-modernisme-politique","category-modernisme-social","category-mouvement-droite-moderniste"],"_links":{"self":[{"href":"https:\/\/droitemoderniste.be\/index.php\/wp-json\/wp\/v2\/posts\/2278","targetHints":{"allow":["GET"]}}],"collection":[{"href":"https:\/\/droitemoderniste.be\/index.php\/wp-json\/wp\/v2\/posts"}],"about":[{"href":"https:\/\/droitemoderniste.be\/index.php\/wp-json\/wp\/v2\/types\/post"}],"author":[{"embeddable":true,"href":"https:\/\/droitemoderniste.be\/index.php\/wp-json\/wp\/v2\/users\/1"}],"replies":[{"embeddable":true,"href":"https:\/\/droitemoderniste.be\/index.php\/wp-json\/wp\/v2\/comments?post=2278"}],"version-history":[{"count":1,"href":"https:\/\/droitemoderniste.be\/index.php\/wp-json\/wp\/v2\/posts\/2278\/revisions"}],"predecessor-version":[{"id":2280,"href":"https:\/\/droitemoderniste.be\/index.php\/wp-json\/wp\/v2\/posts\/2278\/revisions\/2280"}],"wp:attachment":[{"href":"https:\/\/droitemoderniste.be\/index.php\/wp-json\/wp\/v2\/media?parent=2278"}],"wp:term":[{"taxonomy":"category","embeddable":true,"href":"https:\/\/droitemoderniste.be\/index.php\/wp-json\/wp\/v2\/categories?post=2278"},{"taxonomy":"post_tag","embeddable":true,"href":"https:\/\/droitemoderniste.be\/index.php\/wp-json\/wp\/v2\/tags?post=2278"}],"curies":[{"name":"wp","href":"https:\/\/api.w.org\/{rel}","templated":true}]}}