{"id":2275,"date":"2025-12-15T14:12:15","date_gmt":"2025-12-15T13:12:15","guid":{"rendered":"https:\/\/droitemoderniste.be\/?p=2275"},"modified":"2025-12-15T14:12:54","modified_gmt":"2025-12-15T13:12:54","slug":"aux-electeurs-mr-qui-ne-se-reconnaissent-plus-dans-leur-parti","status":"publish","type":"post","link":"https:\/\/droitemoderniste.be\/index.php\/2025\/12\/15\/aux-electeurs-mr-qui-ne-se-reconnaissent-plus-dans-leur-parti\/","title":{"rendered":"\u00ab\u00a0Aux \u00e9lecteurs MR qui ne se reconnaissent plus dans leur parti\u00a0\u00bb"},"content":{"rendered":"\n<figure class=\"wp-block-image size-full\"><img loading=\"lazy\" decoding=\"async\" width=\"300\" height=\"168\" src=\"https:\/\/droitemoderniste.be\/wp-content\/uploads\/2025\/12\/MR.jpg\" alt=\"\" class=\"wp-image-2276\"\/><\/figure>\n\n\n\n<p class=\"wp-block-paragraph\">Chers \u00e9lecteurs du MR,<br>Chers lib\u00e9raux, r\u00e9formateurs, engag\u00e9s dans la libert\u00e9 et le progr\u00e8s,<\/p>\n\n\n\n<p class=\"wp-block-paragraph\">Ce message s\u2019adresse \u00e0 vous.<br>\u00c0 vous qui avez vot\u00e9 MR pendant 10, 20, parfois 30 ans.<br>\u00c0 vous qui avez cru \u00e0 une droite moderne, ambitieuse, assum\u00e9e.<br>\u00c0 vous qui avez esp\u00e9r\u00e9 un parti capable de r\u00e9former la Belgique, de la rendre plus forte, plus libre, plus efficace.<\/p>\n\n\n\n<p class=\"wp-block-paragraph\">Et \u00e0 vous qui, aujourd\u2019hui, <strong>ne vous reconnaissez plus dans ce qu\u2019est devenu le MR<\/strong>.<\/p>\n\n\n\n<hr class=\"wp-block-separator has-alpha-channel-opacity\"\/>\n\n\n\n<p class=\"wp-block-paragraph\"><strong>Vous n\u2019avez pas chang\u00e9. C\u2019est votre parti qui a chang\u00e9.<\/strong><\/p>\n\n\n\n<p class=\"wp-block-paragraph\">Vous n\u2019avez pas renonc\u00e9 \u00e0 vos valeurs.<br>Vous n\u2019avez pas cess\u00e9 de croire en la responsabilit\u00e9, l\u2019effort, la libert\u00e9, le m\u00e9rite.<br>Vous n\u2019avez pas soudainement bascul\u00e9 vers l\u2019immobilisme ou la confusion.<\/p>\n\n\n\n<p class=\"wp-block-paragraph\">Mais votre parti, lui, a gliss\u00e9\u2026<br>De plus en plus au centre.<br>De plus en plus h\u00e9sitant.<br>De plus en plus incertain sur ses principes.<br>De plus en plus prompt \u00e0 s\u2019excuser d\u00e8s qu\u2019il faut trancher.<\/p>\n\n\n\n<p class=\"wp-block-paragraph\">Vous vouliez une droite claire :<br>on vous a donn\u00e9 un parti qui parle \u00e0 droite et n\u00e9gocie au centre-gauche.<\/p>\n\n\n\n<p class=\"wp-block-paragraph\">Vous vouliez des r\u00e9formes fortes :<br>on vous a servi des compromis ti\u00e8des.<\/p>\n\n\n\n<p class=\"wp-block-paragraph\">Vous vouliez une politique migratoire coh\u00e9rente :<br>on vous a offert des d\u00e9clarations\u2026 sans actes.<\/p>\n\n\n\n<p class=\"wp-block-paragraph\">Vous vouliez un \u00c9tat efficace :<br>on vous a livr\u00e9 plus de bureaucratie et moins de r\u00e9sultats.<\/p>\n\n\n\n<hr class=\"wp-block-separator has-alpha-channel-opacity\"\/>\n\n\n\n<p class=\"wp-block-paragraph\"><strong>Le <mark style=\"background-color:rgba(0, 0, 0, 0);color:#ff6900\" class=\"has-inline-color\">MDM<\/mark> entend ce que vous ressentez.<\/strong><\/p>\n\n\n\n<p class=\"wp-block-paragraph\">Parce que le <mark style=\"background-color:rgba(0, 0, 0, 0);color:#ff6900\" class=\"has-inline-color\">MDM<\/mark> est n\u00e9 exactement pour r\u00e9pondre \u00e0 ce vide-l\u00e0.<br>Pour repr\u00e9senter <strong>les lib\u00e9raux, les patriotes civiques, les r\u00e9formateurs lucides<\/strong>,<br>qui veulent une droite moderne <strong>vraiment<\/strong> moderne \u2014 pas une droite qui s\u2019excuse d\u2019\u00eatre la droite.<\/p>\n\n\n\n<p class=\"wp-block-paragraph\">Le <mark style=\"background-color:rgba(0, 0, 0, 0);color:#ff6900\" class=\"has-inline-color\">MDM<\/mark>, c\u2019est :<\/p>\n\n\n\n<ul class=\"wp-block-list\">\n<li>une \u00e9conomie dynamique <strong>mais avec un \u00c9tat strat\u00e8ge<\/strong> ;<\/li>\n\n\n\n<li>une transition \u00e9cologique <strong>qui cr\u00e9e de la prosp\u00e9rit\u00e9, pas des interdictions<\/strong> ;<\/li>\n\n\n\n<li>une immigration <strong>ma\u00eetris\u00e9e, r\u00e9aliste et humaine<\/strong> ;<\/li>\n\n\n\n<li>une justice <strong>rapide, ferme et protectrice<\/strong> ;<\/li>\n\n\n\n<li>un patriotisme <strong>serein, civique, rassembleur<\/strong> ;<\/li>\n\n\n\n<li>une Europe <strong>forte, protectrice, souveraine<\/strong>.<\/li>\n<\/ul>\n\n\n\n<p class=\"wp-block-paragraph\">Tout ce que vous attendiez du MR,<br>tout ce que le MR n\u2019a plus le courage de porter,<br>le <mark style=\"background-color:rgba(0, 0, 0, 0);color:#ff6900\" class=\"has-inline-color\">MDM<\/mark> l\u2019assume pleinement.<\/p>\n\n\n\n<hr class=\"wp-block-separator has-alpha-channel-opacity\"\/>\n\n\n\n<p class=\"wp-block-paragraph\"><strong>Votre vote pour le <mark style=\"background-color:rgba(0, 0, 0, 0);color:#ff6900\" class=\"has-inline-color\">MDM<\/mark> n\u2019est pas un saut dans le vide. C\u2019est un retour \u00e0 vos convictions.<\/strong><\/p>\n\n\n\n<p class=\"wp-block-paragraph\">Beaucoup d\u2019entre vous se sentent orphelins.<br>Pas attir\u00e9s par l\u2019extr\u00eame droite,<br>pas convaincus par la gauche,<br>pas inspir\u00e9s par le centre,<br>pas satisfaits du MR qui zigzague.<\/p>\n\n\n\n<p class=\"wp-block-paragraph\">Le <mark style=\"background-color:rgba(0, 0, 0, 0);color:#ff6900\" class=\"has-inline-color\">MDM<\/mark>, lui, <strong>ne zigzague pas<\/strong>.<br>Le <mark style=\"background-color:rgba(0, 0, 0, 0);color:#ff6900\" class=\"has-inline-color\">MDM<\/mark> <strong>ne s\u2019excuse pas<\/strong> de d\u00e9fendre une droite exigeante.<br>Le <mark style=\"background-color:rgba(0, 0, 0, 0);color:#ff6900\" class=\"has-inline-color\">MDM<\/mark> <strong>ne flanche pas<\/strong> quand il faut choisir.<br>Le <mark style=\"background-color:rgba(0, 0, 0, 0);color:#ff6900\" class=\"has-inline-color\">MDM<\/mark> <strong>ne renonce pas<\/strong> quand il faut r\u00e9former.<\/p>\n\n\n\n<p class=\"wp-block-paragraph\">Nous repr\u00e9sentons exactement ce que vous avez esp\u00e9r\u00e9 en vain pendant des ann\u00e9es :<br><strong>une droite lib\u00e9rale, r\u00e9formatrice, patriote et moderne \u2014 enfin coh\u00e9rente.<\/strong><\/p>\n\n\n\n<hr class=\"wp-block-separator has-alpha-channel-opacity\"\/>\n\n\n\n<p class=\"wp-block-paragraph\"><strong>\u00c0 ceux qui h\u00e9sitent encore<\/strong><\/p>\n\n\n\n<p class=\"wp-block-paragraph\">Vous n\u2019\u00eates pas en train d\u2019abandonner la droite r\u00e9formatrice.<br>Vous \u00eates en train de la retrouver.<br>De la restaurer.<br>De lui redonner une colonne vert\u00e9brale, une vision et une direction.<\/p>\n\n\n\n<p class=\"wp-block-paragraph\">Le <mark style=\"background-color:rgba(0, 0, 0, 0);color:#ff6900\" class=\"has-inline-color\">MDM<\/mark> n\u2019est pas une rupture avec vos valeurs.<br>Il est une rupture avec la d\u00e9rive du MR.<\/p>\n\n\n\n<p class=\"wp-block-paragraph\">C\u2019est un retour aux fondamentaux,<br>mais avec l\u2019audace dont la Belgique a besoin en 2026.<\/p>\n\n\n\n<hr class=\"wp-block-separator has-alpha-channel-opacity\"\/>\n\n\n\n<p class=\"wp-block-paragraph\"><strong>Conclusion : Le choix du courage<\/strong><\/p>\n\n\n\n<p class=\"wp-block-paragraph\">\u00c9lecteurs MR d\u00e9\u00e7us,<br>Vous avez toujours \u00e9t\u00e9 la force d\u2019une droite ambitieuse et responsable.<br>Vous m\u00e9ritez un parti qui vous ressemble vraiment.<\/p>\n\n\n\n<p class=\"wp-block-paragraph\">Ce parti existe enfin.<br>Ce parti vous tend la main.<br>Ce parti vous respecte.<br>Ce parti vous repr\u00e9sente.<\/p>\n\n\n\n<p class=\"wp-block-paragraph\">Ce parti, c\u2019est <strong>le <mark style=\"background-color:rgba(0, 0, 0, 0);color:#ff6900\" class=\"has-inline-color\">Mouvement Droite Moderniste<\/mark><\/strong>.<\/p>\n\n\n\n<p class=\"wp-block-paragraph\"><strong>Rejoignez l\u2019audace d\u2019une droite moderne.<br>Rejoignez le <mark style=\"background-color:rgba(0, 0, 0, 0);color:#ff6900\" class=\"has-inline-color\">MDM<\/mark>.<\/strong><\/p>\n\n\n\n<p class=\"wp-block-paragraph\"><\/p>\n","protected":false},"excerpt":{"rendered":"<p>Chers \u00e9lecteurs du MR,Chers lib\u00e9raux, r\u00e9formateurs, engag\u00e9s dans la libert\u00e9 et le progr\u00e8s, Ce message s\u2019adresse \u00e0 vous.\u00c0 vous qui avez vot\u00e9 MR pendant 10, 20, parfois 30 ans.\u00c0 vous qui avez cru \u00e0 une droite moderne, ambitieuse, assum\u00e9e.\u00c0 vous qui avez esp\u00e9r\u00e9 un parti capable de r\u00e9former la Belgique, de la rendre plus forte, [&hellip;]<\/p>\n","protected":false},"author":1,"featured_media":0,"comment_status":"open","ping_status":"open","sticky":false,"template":"","format":"standard","meta":{"_monsterinsights_skip_tracking":false,"_uf_show_specific_survey":0,"_uf_disable_surveys":false,"footnotes":""},"categories":[43,34],"tags":[],"class_list":["post-2275","post","type-post","status-publish","format-standard","hentry","category-modernisme-politique","category-mouvement-droite-moderniste"],"_links":{"self":[{"href":"https:\/\/droitemoderniste.be\/index.php\/wp-json\/wp\/v2\/posts\/2275","targetHints":{"allow":["GET"]}}],"collection":[{"href":"https:\/\/droitemoderniste.be\/index.php\/wp-json\/wp\/v2\/posts"}],"about":[{"href":"https:\/\/droitemoderniste.be\/index.php\/wp-json\/wp\/v2\/types\/post"}],"author":[{"embeddable":true,"href":"https:\/\/droitemoderniste.be\/index.php\/wp-json\/wp\/v2\/users\/1"}],"replies":[{"embeddable":true,"href":"https:\/\/droitemoderniste.be\/index.php\/wp-json\/wp\/v2\/comments?post=2275"}],"version-history":[{"count":1,"href":"https:\/\/droitemoderniste.be\/index.php\/wp-json\/wp\/v2\/posts\/2275\/revisions"}],"predecessor-version":[{"id":2277,"href":"https:\/\/droitemoderniste.be\/index.php\/wp-json\/wp\/v2\/posts\/2275\/revisions\/2277"}],"wp:attachment":[{"href":"https:\/\/droitemoderniste.be\/index.php\/wp-json\/wp\/v2\/media?parent=2275"}],"wp:term":[{"taxonomy":"category","embeddable":true,"href":"https:\/\/droitemoderniste.be\/index.php\/wp-json\/wp\/v2\/categories?post=2275"},{"taxonomy":"post_tag","embeddable":true,"href":"https:\/\/droitemoderniste.be\/index.php\/wp-json\/wp\/v2\/tags?post=2275"}],"curies":[{"name":"wp","href":"https:\/\/api.w.org\/{rel}","templated":true}]}}