{"id":2269,"date":"2025-12-14T15:05:44","date_gmt":"2025-12-14T14:05:44","guid":{"rendered":"https:\/\/droitemoderniste.be\/?p=2269"},"modified":"2025-12-14T15:05:44","modified_gmt":"2025-12-14T14:05:44","slug":"notre-conception-de-letat-providence","status":"publish","type":"post","link":"https:\/\/droitemoderniste.be\/index.php\/2025\/12\/14\/notre-conception-de-letat-providence\/","title":{"rendered":"Notre conception de l\u2019\u00c9tat-providence"},"content":{"rendered":"\n<figure class=\"wp-block-image size-full\"><img loading=\"lazy\" decoding=\"async\" width=\"225\" height=\"225\" src=\"https:\/\/droitemoderniste.be\/wp-content\/uploads\/2025\/12\/Etat-providence0.jpg\" alt=\"\" class=\"wp-image-2270\" srcset=\"https:\/\/droitemoderniste.be\/wp-content\/uploads\/2025\/12\/Etat-providence0.jpg 225w, https:\/\/droitemoderniste.be\/wp-content\/uploads\/2025\/12\/Etat-providence0-150x150.jpg 150w\" sizes=\"auto, (max-width: 225px) 100vw, 225px\" \/><\/figure>\n\n\n\n<p class=\"wp-block-paragraph\">Touchons ici \u00e0 <strong>l\u2019un des points les plus raffin\u00e9s du positionnement doctrinal du <mark style=\"background-color:rgba(0, 0, 0, 0);color:#ff6900\" class=\"has-inline-color\">MDM<\/mark><\/strong> : sa conception de <strong>l\u2019\u00c9tat-providence<\/strong>.<br>Effectivement, le <mark style=\"background-color:rgba(0, 0, 0, 0);color:#ff6900\" class=\"has-inline-color\">MDM <\/mark>d\u00e9fend un <strong>\u00c9tat social fort<\/strong>, mais sa philosophie <strong>n\u2019a rien de progressiste au sens id\u00e9ologique<\/strong>. <\/p>\n\n\n\n<p class=\"wp-block-paragraph\">Voici pourquoi, dans le fond comme dans la finalit\u00e9.<\/p>\n\n\n\n<hr class=\"wp-block-separator has-alpha-channel-opacity\"\/>\n\n\n\n<p class=\"wp-block-paragraph\"><strong>1. Le <mark style=\"background-color:rgba(0, 0, 0, 0);color:#ff6900\" class=\"has-inline-color\">MDM<\/mark> d\u00e9fend un \u00c9tat-Providence modernis\u00e9, pas id\u00e9ologis\u00e9<\/strong><\/p>\n\n\n\n<p class=\"wp-block-paragraph\">Le <mark style=\"background-color:rgba(0, 0, 0, 0);color:#ff6900\" class=\"has-inline-color\">MDM<\/mark> ne cherche pas \u00e0 <strong>\u00e9tendre l\u2019\u00c9tat social par id\u00e9ologie \u00e9galitaire<\/strong>, mais \u00e0 <strong>le renforcer par devoir de civilisation<\/strong>.<br>L\u2019\u00c9tat-providence du <mark style=\"background-color:rgba(0, 0, 0, 0);color:#ff6900\" class=\"has-inline-color\">MDM<\/mark> n\u2019est pas un outil de nivellement, mais un <strong>instrument de stabilit\u00e9 nationale, de coh\u00e9sion sociale et de dignit\u00e9 humaine<\/strong>.<\/p>\n\n\n\n<p class=\"wp-block-paragraph\">&nbsp;<em>\u201cUn \u00c9tat social fort n\u2019est pas un \u00c9tat faible \u2014 c\u2019est un \u00c9tat qui prot\u00e8ge avant de r\u00e9parer.\u201d<\/em><\/p>\n\n\n\n<p class=\"wp-block-paragraph\">Le <mark style=\"background-color:rgba(0, 0, 0, 0);color:#ff6900\" class=\"has-inline-color\">MDM<\/mark> pr\u00f4ne donc un <strong>\u00c9tat-Providence moderniste<\/strong>, qui :<\/p>\n\n\n\n<ul class=\"wp-block-list\">\n<li>prot\u00e8ge les citoyens des crises et des injustices sans encourager l\u2019assistanat ;<\/li>\n\n\n\n<li>valorise le travail, la responsabilit\u00e9 et le m\u00e9rite ;<\/li>\n\n\n\n<li>lutte contre la pauvret\u00e9 par <strong>l\u2019inclusion active<\/strong>, pas la d\u00e9pendance passive ;<\/li>\n\n\n\n<li>simplifie les structures sociales pour <strong>plus d\u2019efficacit\u00e9 et de justice r\u00e9elle<\/strong>.<\/li>\n<\/ul>\n\n\n\n<hr class=\"wp-block-separator has-alpha-channel-opacity\"\/>\n\n\n\n<p class=\"wp-block-paragraph\"><strong>2. La diff\u00e9rence fondamentale : la finalit\u00e9 du mod\u00e8le social<\/strong><\/p>\n\n\n\n<figure class=\"wp-block-table\"><table class=\"has-fixed-layout\"><thead><tr><td><strong>Approche progressiste<\/strong><\/td><td><strong>Approche moderniste (<mark style=\"background-color:rgba(0, 0, 0, 0);color:#ff6900\" class=\"has-inline-color\">MDM<\/mark>)<\/strong><\/td><\/tr><\/thead><tbody><tr><td>L\u2019\u00c9tat social doit redistribuer les richesses pour \u00e9galiser les conditions<\/td><td>L\u2019\u00c9tat social doit garantir la dignit\u00e9 et l\u2019autonomie de chacun<\/td><\/tr><tr><td>Objectif : \u00e9galit\u00e9 des r\u00e9sultats<\/td><td>Objectif : \u00e9galit\u00e9 des chances r\u00e9elles<\/td><\/tr><tr><td>Logique de r\u00e9paration permanente<\/td><td>Logique de pr\u00e9vention et de valorisation<\/td><\/tr><tr><td>Risque : d\u00e9pendance structurelle<\/td><td>Volont\u00e9 : \u00e9mancipation par l\u2019effort et la s\u00e9curit\u00e9<\/td><\/tr><tr><td>Vision : soci\u00e9t\u00e9 sans distinction<\/td><td>Vision : soci\u00e9t\u00e9 \u00e9quilibr\u00e9e, juste et productive<\/td><\/tr><\/tbody><\/table><\/figure>\n\n\n\n<p class=\"wp-block-paragraph\">En clair, le <mark style=\"background-color:rgba(0, 0, 0, 0);color:#ff6900\" class=\"has-inline-color\">MDM<\/mark> <strong>ne veut pas un \u00c9tat qui fait \u00e0 la place de l\u2019individu<\/strong>, mais <strong>un \u00c9tat qui rend l\u2019individu capable<\/strong>.<br>Il ne s\u2019agit pas d\u2019un socialisme masqu\u00e9, mais d\u2019un <strong>social-lib\u00e9ralisme \u00e9thique et patriote<\/strong>.<\/p>\n\n\n\n<hr class=\"wp-block-separator has-alpha-channel-opacity\"\/>\n\n\n\n<p class=\"wp-block-paragraph\"><strong>3. L\u2019\u00c9tat-Providence moderniste : pilier de la stabilit\u00e9 nationale<\/strong><\/p>\n\n\n\n<p class=\"wp-block-paragraph\">Pour le <mark style=\"background-color:rgba(0, 0, 0, 0);color:#ff6900\" class=\"has-inline-color\">MDM<\/mark>, l\u2019\u00c9tat social n\u2019est pas seulement un outil \u00e9conomique : c\u2019est un <strong>pilier civilisationnel<\/strong>.<br>Il incarne <strong>la solidarit\u00e9 organique d\u2019un peuple<\/strong>, la continuit\u00e9 de la nation \u00e0 travers ses g\u00e9n\u00e9rations.<br>C\u2019est pourquoi le <mark style=\"background-color:rgba(0, 0, 0, 0);color:#ff6900\" class=\"has-inline-color\">MDM<\/mark> veut le <strong>renforcer et le moraliser<\/strong>, pas le diluer dans le march\u00e9 global ni le livrer aux logiques id\u00e9ologiques.<\/p>\n\n\n\n<p class=\"wp-block-paragraph\"><em>L\u2019\u00c9tat-providence du <mark style=\"background-color:rgba(0, 0, 0, 0);color:#ff6900\" class=\"has-inline-color\">MDM<\/mark> prot\u00e8ge le citoyen, pas le consommateur.<\/em><\/p>\n\n\n\n<p class=\"wp-block-paragraph\">Ce mod\u00e8le social s\u2019appuie sur trois piliers :<\/p>\n\n\n\n<ol start=\"1\" class=\"wp-block-list\">\n<li><strong>Responsabilit\u00e9 individuelle<\/strong> \u2013 chacun contribue selon ses moyens, re\u00e7oit selon ses besoins r\u00e9els.<\/li>\n\n\n\n<li><strong>Efficacit\u00e9 institutionnelle<\/strong> \u2013 moins de bureaucratie, plus de proximit\u00e9.<\/li>\n\n\n\n<li><strong>Justice interg\u00e9n\u00e9rationnelle<\/strong> \u2013 pr\u00e9server les \u00e9quilibres pour que chaque g\u00e9n\u00e9ration b\u00e9n\u00e9ficie du m\u00eame socle protecteur.<\/li>\n<\/ol>\n\n\n\n<hr class=\"wp-block-separator has-alpha-channel-opacity\"\/>\n\n\n\n<p class=\"wp-block-paragraph\"><strong>4. En r\u00e9sum\u00e9<\/strong><\/p>\n\n\n\n<p class=\"wp-block-paragraph\">Oui, le <mark style=\"background-color:rgba(0, 0, 0, 0);color:#ff6900\" class=\"has-inline-color\">MDM<\/mark> d\u00e9fend un \u00c9tat-providence fort.<br>Non, cela ne le rend pas progressiste.<\/p>\n\n\n\n<p class=\"wp-block-paragraph\">Parce que son objectif n\u2019est pas d\u2019imposer l\u2019\u00e9galit\u00e9 artificielle, mais de <strong>pr\u00e9server la coh\u00e9sion sociale et la dignit\u00e9 nationale<\/strong>.<br>Le <mark style=\"background-color:rgba(0, 0, 0, 0);color:#ff6900\" class=\"has-inline-color\">MDM<\/mark> con\u00e7oit la solidarit\u00e9 <strong>comme un devoir civique<\/strong>, non comme une id\u00e9ologie de nivellement.<\/p>\n\n\n\n<p class=\"wp-block-paragraph\"><em>\u201cProt\u00e9ger, sans infantiliser. Aider, sans d\u00e9responsabiliser.\u201d<\/em><\/p>\n\n\n\n<p class=\"wp-block-paragraph\">Voil\u00e0 l\u2019esprit moderniste de l\u2019\u00c9tat social selon le <mark style=\"background-color:rgba(0, 0, 0, 0);color:#ff6900\" class=\"has-inline-color\">MDM<\/mark>.<\/p>\n\n\n\n<p class=\"wp-block-paragraph\"><\/p>\n","protected":false},"excerpt":{"rendered":"<p>Touchons ici \u00e0 l\u2019un des points les plus raffin\u00e9s du positionnement doctrinal du MDM : sa conception de l\u2019\u00c9tat-providence.Effectivement, le MDM d\u00e9fend un \u00c9tat social fort, mais sa philosophie n\u2019a rien de progressiste au sens id\u00e9ologique. Voici pourquoi, dans le fond comme dans la finalit\u00e9. 1. Le MDM d\u00e9fend un \u00c9tat-Providence modernis\u00e9, pas id\u00e9ologis\u00e9 Le [&hellip;]<\/p>\n","protected":false},"author":1,"featured_media":0,"comment_status":"open","ping_status":"open","sticky":false,"template":"","format":"standard","meta":{"_monsterinsights_skip_tracking":false,"_uf_show_specific_survey":0,"_uf_disable_surveys":false,"footnotes":""},"categories":[49],"tags":[],"class_list":["post-2269","post","type-post","status-publish","format-standard","hentry","category-etat-providence"],"_links":{"self":[{"href":"https:\/\/droitemoderniste.be\/index.php\/wp-json\/wp\/v2\/posts\/2269","targetHints":{"allow":["GET"]}}],"collection":[{"href":"https:\/\/droitemoderniste.be\/index.php\/wp-json\/wp\/v2\/posts"}],"about":[{"href":"https:\/\/droitemoderniste.be\/index.php\/wp-json\/wp\/v2\/types\/post"}],"author":[{"embeddable":true,"href":"https:\/\/droitemoderniste.be\/index.php\/wp-json\/wp\/v2\/users\/1"}],"replies":[{"embeddable":true,"href":"https:\/\/droitemoderniste.be\/index.php\/wp-json\/wp\/v2\/comments?post=2269"}],"version-history":[{"count":1,"href":"https:\/\/droitemoderniste.be\/index.php\/wp-json\/wp\/v2\/posts\/2269\/revisions"}],"predecessor-version":[{"id":2271,"href":"https:\/\/droitemoderniste.be\/index.php\/wp-json\/wp\/v2\/posts\/2269\/revisions\/2271"}],"wp:attachment":[{"href":"https:\/\/droitemoderniste.be\/index.php\/wp-json\/wp\/v2\/media?parent=2269"}],"wp:term":[{"taxonomy":"category","embeddable":true,"href":"https:\/\/droitemoderniste.be\/index.php\/wp-json\/wp\/v2\/categories?post=2269"},{"taxonomy":"post_tag","embeddable":true,"href":"https:\/\/droitemoderniste.be\/index.php\/wp-json\/wp\/v2\/tags?post=2269"}],"curies":[{"name":"wp","href":"https:\/\/api.w.org\/{rel}","templated":true}]}}