{"id":2266,"date":"2025-12-13T14:41:07","date_gmt":"2025-12-13T13:41:07","guid":{"rendered":"https:\/\/droitemoderniste.be\/?p=2266"},"modified":"2025-12-13T14:41:07","modified_gmt":"2025-12-13T13:41:07","slug":"le-mdm-nest-pas-le-mr","status":"publish","type":"post","link":"https:\/\/droitemoderniste.be\/index.php\/2025\/12\/13\/le-mdm-nest-pas-le-mr\/","title":{"rendered":"\u00ab\u00a0Le MDM n&rsquo;est pas le MR\u00a0\u00bb"},"content":{"rendered":"\n<figure class=\"wp-block-image size-full\"><img loading=\"lazy\" decoding=\"async\" width=\"669\" height=\"240\" src=\"https:\/\/droitemoderniste.be\/wp-content\/uploads\/2025\/12\/XVM21571114-2a2a-11e9-85b8-b1891b9fccbc.jpg\" alt=\"\" class=\"wp-image-2267\" srcset=\"https:\/\/droitemoderniste.be\/wp-content\/uploads\/2025\/12\/XVM21571114-2a2a-11e9-85b8-b1891b9fccbc.jpg 669w, https:\/\/droitemoderniste.be\/wp-content\/uploads\/2025\/12\/XVM21571114-2a2a-11e9-85b8-b1891b9fccbc-300x108.jpg 300w\" sizes=\"auto, (max-width: 669px) 100vw, 669px\" \/><figcaption class=\"wp-element-caption\">MERCURY PRESS 04\/02\/19<\/figcaption><\/figure>\n\n\n\n<p class=\"wp-block-paragraph\">Mesdames et Messieurs,<\/p>\n\n\n\n<p class=\"wp-block-paragraph\">Il faut avoir le courage de dire ce que tout le monde pense : <strong>la droite belge n\u2019a plus de boussole depuis longtemps<\/strong>.<br>Et cette d\u00e9rive, elle porte un nom : <strong>le renoncement du MR<\/strong>.<\/p>\n\n\n\n<p class=\"wp-block-paragraph\">Le MR a \u00e9t\u00e9 longtemps le parti de la libert\u00e9.<br>Il a \u00e9t\u00e9 longtemps le parti de l\u2019ambition.<br>Mais aujourd\u2019hui, il est devenu un parti qui <strong>parle comme la droite<\/strong>,<br>mais <strong>gouverne comme le centre<\/strong>,<br>et <strong>recule comme la gauche<\/strong>.<\/p>\n\n\n\n<hr class=\"wp-block-separator has-alpha-channel-opacity\"\/>\n\n\n\n<p class=\"wp-block-paragraph\"><strong>Le MR dit, le MR promet, le MR h\u00e9site.<\/strong><\/p>\n\n\n\n<p class=\"wp-block-paragraph\">Chaque fois qu\u2019une r\u00e9forme est n\u00e9cessaire, le MR cherche un compromis.<br>Chaque fois qu\u2019une position doit \u00eatre tenue, le MR change de discours selon l&rsquo;audience.<br>Chaque fois qu\u2019il faut dire oui ou non, le MR r\u00e9pond \u201cpeut-\u00eatre\u201d.<\/p>\n\n\n\n<p class=\"wp-block-paragraph\">Pendant vingt ans, le MR a promis de r\u00e9duire la bureaucratie :<br>elle n\u2019a fait qu\u2019augmenter.<\/p>\n\n\n\n<p class=\"wp-block-paragraph\">Pendant vingt ans, le MR a promis une justice efficace :<br>elle n\u2019a fait que ralentir.<\/p>\n\n\n\n<p class=\"wp-block-paragraph\">Pendant vingt ans, le MR a promis de ma\u00eetriser l\u2019immigration :<br>il n\u2019a fait que la commenter.<\/p>\n\n\n\n<p class=\"wp-block-paragraph\">Pendant vingt ans, le MR a promis de d\u00e9fendre la Belgique :<br>il n\u2019a fait que d\u00e9fendre son positionnement.<\/p>\n\n\n\n<p class=\"wp-block-paragraph\">Le MR n\u2019est plus une droite moderne,<br>c\u2019est <strong>une droite mod\u00e9r\u00e9e jusqu\u2019\u00e0 l\u2019immobilisme<\/strong>.<\/p>\n\n\n\n<hr class=\"wp-block-separator has-alpha-channel-opacity\"\/>\n\n\n\n<p class=\"wp-block-paragraph\"><strong>Le <mark style=\"background-color:rgba(0, 0, 0, 0);color:#ff6900\" class=\"has-inline-color\">MDM<\/mark>, lui, choisit. Il tranche. Il assume.<\/strong><\/p>\n\n\n\n<p class=\"wp-block-paragraph\">L\u00e0 o\u00f9 le MR parle d\u2019\u201c\u00e9quilibrisme\u201d,<br>nous parlons de <strong>volont\u00e9<\/strong>.<\/p>\n\n\n\n<p class=\"wp-block-paragraph\">L\u00e0 o\u00f9 le MR parle de \u201clib\u00e9ralisme flexible\u201d,<br>nous parlons d\u2019un <strong>\u00c9tat strat\u00e8ge<\/strong> qui prot\u00e8ge nos secteurs vitaux.<\/p>\n\n\n\n<p class=\"wp-block-paragraph\">L\u00e0 o\u00f9 le MR parle de \u201ctransition raisonnable\u201d,<br>nous parlons d\u2019une \u00e9cologie <strong>innovante<\/strong>, ambitieuse et optimiste.<\/p>\n\n\n\n<p class=\"wp-block-paragraph\">L\u00e0 o\u00f9 le MR parle de \u201cgestion migratoire\u201d,<br>nous parlons de <strong>ma\u00eetrise r\u00e9elle<\/strong>, fond\u00e9e sur la coh\u00e9rence et la dignit\u00e9.<\/p>\n\n\n\n<p class=\"wp-block-paragraph\">L\u00e0 o\u00f9 le MR se dit \u201cr\u00e9formateur\u201d,<br>nous r\u00e9formons <strong>pour de vrai<\/strong>.<\/p>\n\n\n\n<hr class=\"wp-block-separator has-alpha-channel-opacity\"\/>\n\n\n\n<p class=\"wp-block-paragraph\"><strong>Nous ne sommes pas la droite qui attend. Nous sommes la droite qui agit.<\/strong><\/p>\n\n\n\n<p class=\"wp-block-paragraph\">Le MR a fait une carri\u00e8re de la prudence.<br>Le <mark style=\"background-color:rgba(0, 0, 0, 0);color:#ff6900\" class=\"has-inline-color\">MDM<\/mark> fait un projet de <strong>vision<\/strong>.<\/p>\n\n\n\n<p class=\"wp-block-paragraph\">Le MR veut plaire \u00e0 tout le monde.<br>Le <mark style=\"background-color:rgba(0, 0, 0, 0);color:#ff6900\" class=\"has-inline-color\">MDM<\/mark> veut <strong>sauver la Belgique<\/strong>, m\u00eame si cela d\u00e9pla\u00eet \u00e0 certains.<\/p>\n\n\n\n<p class=\"wp-block-paragraph\">Le MR suit l\u2019opinion.<br>Le <mark style=\"background-color:rgba(0, 0, 0, 0);color:#ff6900\" class=\"has-inline-color\">MDM<\/mark> <strong>la construit<\/strong>.<\/p>\n\n\n\n<p class=\"wp-block-paragraph\">Le MR se dit moderne.<br>Le <mark style=\"background-color:rgba(0, 0, 0, 0);color:#ff6900\" class=\"has-inline-color\">MDM<\/mark> <strong>l\u2019est r\u00e9ellement<\/strong> : dans l\u2019\u00e9cologie, dans la technologie, dans la souverainet\u00e9, dans l\u2019\u00e9thique, dans l\u2019organisation de l\u2019\u00c9tat.<\/p>\n\n\n\n<hr class=\"wp-block-separator has-alpha-channel-opacity\"\/>\n\n\n\n<p class=\"wp-block-paragraph\"><strong>Le <mark style=\"background-color:rgba(0, 0, 0, 0);color:#ff6900\" class=\"has-inline-color\">MDM<\/mark> n\u2019est pas l\u2019\u00e9dition 2.0 du MR. Nous sommes sa rupture.<\/strong><\/p>\n\n\n\n<p class=\"wp-block-paragraph\">Nous sommes n\u00e9s parce que la Belgique avait besoin d\u2019une droite :<\/p>\n\n\n\n<ul class=\"wp-block-list\">\n<li>qui assume le patriotisme civique,<\/li>\n\n\n\n<li>qui d\u00e9fend une politique migratoire coh\u00e9rente,<\/li>\n\n\n\n<li>qui choisit l\u2019innovation plut\u00f4t que la culpabilisation,<\/li>\n\n\n\n<li>qui prot\u00e8ge ses entreprises strat\u00e9giques,<\/li>\n\n\n\n<li>qui place la justice et l\u2019ordre au c\u0153ur du progr\u00e8s.<\/li>\n<\/ul>\n\n\n\n<p class=\"wp-block-paragraph\">Nous sommes n\u00e9s parce que le MR <strong>ne fait plus ce travail-l\u00e0<\/strong>.<\/p>\n\n\n\n<p class=\"wp-block-paragraph\">Nous ne sommes pas une variante.<br>Nous ne sommes pas un rebranding.<br>Nous ne sommes pas un courant interne.<\/p>\n\n\n\n<p class=\"wp-block-paragraph\"><strong>Nous sommes l\u2019alternative.<br>Nous sommes la rel\u00e8ve.<br>Nous sommes la droite moderniste.<\/strong><\/p>\n\n\n\n<hr class=\"wp-block-separator has-alpha-channel-opacity\"\/>\n\n\n\n<p class=\"wp-block-paragraph\"><strong>Conclusion<\/strong><\/p>\n\n\n\n<p class=\"wp-block-paragraph\">Tant que le MR restera la droite qui s\u2019excuse,<br>la Belgique restera un pays qui h\u00e9site.<\/p>\n\n\n\n<p class=\"wp-block-paragraph\">Nous, au <mark style=\"background-color:rgba(0, 0, 0, 0);color:#ff6900\" class=\"has-inline-color\">MDM<\/mark>, <strong>n\u2019h\u00e9sitons plus<\/strong>.<br>Nous avan\u00e7ons.<br>Nous assumons.<br>Nous r\u00e9formons.<br>Nous tranchons.<\/p>\n\n\n\n<p class=\"wp-block-paragraph\">Le MR a eu sa chance.<br>Il est temps de passer \u00e0 <strong>l\u2019audace d\u2019une droite moderne<\/strong>.<br>Il est temps de passer au <strong><mark style=\"background-color:rgba(0, 0, 0, 0);color:#ff6900\" class=\"has-inline-color\">MDM<\/mark><\/strong>.<\/p>\n\n\n\n<p class=\"wp-block-paragraph\"><\/p>\n","protected":false},"excerpt":{"rendered":"<p>Mesdames et Messieurs, Il faut avoir le courage de dire ce que tout le monde pense : la droite belge n\u2019a plus de boussole depuis longtemps.Et cette d\u00e9rive, elle porte un nom : le renoncement du MR. Le MR a \u00e9t\u00e9 longtemps le parti de la libert\u00e9.Il a \u00e9t\u00e9 longtemps le parti de l\u2019ambition.Mais aujourd\u2019hui, [&hellip;]<\/p>\n","protected":false},"author":1,"featured_media":0,"comment_status":"open","ping_status":"open","sticky":false,"template":"","format":"standard","meta":{"_monsterinsights_skip_tracking":false,"_uf_show_specific_survey":0,"_uf_disable_surveys":false,"footnotes":""},"categories":[34,8],"tags":[],"class_list":["post-2266","post","type-post","status-publish","format-standard","hentry","category-mouvement-droite-moderniste","category-positionnement"],"_links":{"self":[{"href":"https:\/\/droitemoderniste.be\/index.php\/wp-json\/wp\/v2\/posts\/2266","targetHints":{"allow":["GET"]}}],"collection":[{"href":"https:\/\/droitemoderniste.be\/index.php\/wp-json\/wp\/v2\/posts"}],"about":[{"href":"https:\/\/droitemoderniste.be\/index.php\/wp-json\/wp\/v2\/types\/post"}],"author":[{"embeddable":true,"href":"https:\/\/droitemoderniste.be\/index.php\/wp-json\/wp\/v2\/users\/1"}],"replies":[{"embeddable":true,"href":"https:\/\/droitemoderniste.be\/index.php\/wp-json\/wp\/v2\/comments?post=2266"}],"version-history":[{"count":1,"href":"https:\/\/droitemoderniste.be\/index.php\/wp-json\/wp\/v2\/posts\/2266\/revisions"}],"predecessor-version":[{"id":2268,"href":"https:\/\/droitemoderniste.be\/index.php\/wp-json\/wp\/v2\/posts\/2266\/revisions\/2268"}],"wp:attachment":[{"href":"https:\/\/droitemoderniste.be\/index.php\/wp-json\/wp\/v2\/media?parent=2266"}],"wp:term":[{"taxonomy":"category","embeddable":true,"href":"https:\/\/droitemoderniste.be\/index.php\/wp-json\/wp\/v2\/categories?post=2266"},{"taxonomy":"post_tag","embeddable":true,"href":"https:\/\/droitemoderniste.be\/index.php\/wp-json\/wp\/v2\/tags?post=2266"}],"curies":[{"name":"wp","href":"https:\/\/api.w.org\/{rel}","templated":true}]}}