{"id":2263,"date":"2025-12-13T12:25:49","date_gmt":"2025-12-13T11:25:49","guid":{"rendered":"https:\/\/droitemoderniste.be\/?p=2263"},"modified":"2025-12-13T12:25:49","modified_gmt":"2025-12-13T11:25:49","slug":"le-modernisme-social-du-mdm-une-troisieme-voie","status":"publish","type":"post","link":"https:\/\/droitemoderniste.be\/index.php\/2025\/12\/13\/le-modernisme-social-du-mdm-une-troisieme-voie\/","title":{"rendered":"Le modernisme social du MDM: une troisi\u00e8me voie"},"content":{"rendered":"\n<figure class=\"wp-block-image size-full\"><img loading=\"lazy\" decoding=\"async\" width=\"225\" height=\"225\" src=\"https:\/\/droitemoderniste.be\/wp-content\/uploads\/2025\/12\/modernismeP3.jpg\" alt=\"\" class=\"wp-image-2264\" srcset=\"https:\/\/droitemoderniste.be\/wp-content\/uploads\/2025\/12\/modernismeP3.jpg 225w, https:\/\/droitemoderniste.be\/wp-content\/uploads\/2025\/12\/modernismeP3-150x150.jpg 150w\" sizes=\"auto, (max-width: 225px) 100vw, 225px\" \/><\/figure>\n\n\n\n<p class=\"wp-block-paragraph\">Cette question touche \u00e0 un point <strong>subtil mais essentiel<\/strong> dans l\u2019identit\u00e9 du <strong><mark style=\"background-color:rgba(0, 0, 0, 0);color:#ff6900\" class=\"has-inline-color\">Mouvement Droite Moderniste (MDM)<\/mark><\/strong>.<br>En effet, <strong>le <mark style=\"background-color:rgba(0, 0, 0, 0);color:#ff6900\" class=\"has-inline-color\">MDM<\/mark> n\u2019est pas progressiste<\/strong>, m\u00eame si <strong>certains aspects de son programme social peuvent sembler modernisateurs, humanistes ou ouverts<\/strong>. Voici pourquoi et comment cela se distingue clairement :<\/p>\n\n\n\n<hr class=\"wp-block-separator has-alpha-channel-opacity\"\/>\n\n\n\n<h6 class=\"wp-block-heading\">1. <strong>Le <mark style=\"background-color:rgba(0, 0, 0, 0);color:#ff6900\" class=\"has-inline-color\">MDM<\/mark> n\u2019est pas progressiste \u2014 il est moderniste<\/strong><\/h6>\n\n\n\n<p class=\"wp-block-paragraph\">Le <strong>progressisme<\/strong> consid\u00e8re que la soci\u00e9t\u00e9 doit \u00eatre transform\u00e9e <strong>par principe<\/strong>, dans un mouvement <strong>permanent de rupture<\/strong> avec les h\u00e9ritages du pass\u00e9 (famille, culture, religion, nation, etc.), au profit d\u2019une soci\u00e9t\u00e9 \u00ab nouvelle \u00bb, souvent d\u00e9finie par l\u2019id\u00e9ologie du moment.<\/p>\n\n\n\n<p class=\"wp-block-paragraph\">Le <strong>modernisme du <mark style=\"background-color:rgba(0, 0, 0, 0);color:#ff6900\" class=\"has-inline-color\">MDM<\/mark><\/strong>, au contraire, vise \u00e0 <strong>adapter<\/strong> et <strong>r\u00e9actualiser<\/strong> ces h\u00e9ritages, non \u00e0 les abolir.<br>Le <mark style=\"background-color:rgba(0, 0, 0, 0);color:#ff6900\" class=\"has-inline-color\">MDM<\/mark> ne cherche pas \u00e0 d\u00e9construire, mais \u00e0 <strong>r\u00e9concilier<\/strong> : tradition et modernit\u00e9, responsabilit\u00e9 individuelle et solidarit\u00e9, efficacit\u00e9 et humanit\u00e9.<\/p>\n\n\n\n<p class=\"wp-block-paragraph\">En un mot : le <mark style=\"background-color:rgba(0, 0, 0, 0);color:#ff6900\" class=\"has-inline-color\">MDM<\/mark> n\u2019est pas \u201cprogressiste\u201d, il est \u201cprogressif dans la continuit\u00e9\u201d.<\/p>\n\n\n\n<hr class=\"wp-block-separator has-alpha-channel-opacity\"\/>\n\n\n\n<h6 class=\"wp-block-heading\">2. <strong>Pourquoi le programme social du <mark style=\"background-color:rgba(0, 0, 0, 0);color:#ff6900\" class=\"has-inline-color\">MDM<\/mark> para\u00eet ouvert ou \u201cmoderne\u201d<\/strong><\/h6>\n\n\n\n<p class=\"wp-block-paragraph\">Le <mark style=\"background-color:rgba(0, 0, 0, 0);color:#ff6900\" class=\"has-inline-color\">MDM<\/mark> d\u00e9fend un <strong>social-lib\u00e9ralisme \u00e9thique<\/strong>, une <strong>justice sociale pragmatique<\/strong> et une <strong>vision humaine du travail et de la dignit\u00e9<\/strong>.<br>Ces positions, parce qu\u2019elles rompent avec le conservatisme fig\u00e9, <strong>peuvent donner une impression de progressisme<\/strong>, mais elles reposent sur <strong>une autre logique<\/strong> : celle de la <strong>modernisation enracin\u00e9e<\/strong>.<\/p>\n\n\n\n<h6 class=\"wp-block-heading\">Exemples concrets :<\/h6>\n\n\n\n<figure class=\"wp-block-table\"><table class=\"has-fixed-layout\"><thead><tr><td><strong>Th\u00e8me<\/strong><strong><\/strong><\/td><td><strong>Approche progressiste<\/strong><strong><\/strong><\/td><td><strong><mark style=\"background-color:rgba(0, 0, 0, 0);color:#000000\" class=\"has-inline-color\">Approche moderniste<\/mark><mark style=\"background-color:rgba(0, 0, 0, 0);color:#ff6900\" class=\"has-inline-color\"> (MDM)<\/mark><\/strong><\/td><\/tr><\/thead><tbody><tr><td>\u00c9ducation<\/td><td>D\u00e9construction des hi\u00e9rarchies, uniformisation<\/td><td>R\u00e9tablissement du m\u00e9rite et de l\u2019exigence, modernisation des m\u00e9thodes<\/td><\/tr><tr><td>Famille<\/td><td>Multiplicit\u00e9 des mod\u00e8les sans distinction<\/td><td>Respect de toutes les formes familiales, mais valorisation de la stabilit\u00e9 et de la responsabilit\u00e9<\/td><\/tr><tr><td>Travail<\/td><td>Redistribution \u00e9galitaire<\/td><td>Promotion de l\u2019effort, de la valeur travail et du m\u00e9rite, avec une protection intelligente des plus vuln\u00e9rables<\/td><\/tr><tr><td>Soci\u00e9t\u00e9<\/td><td>Lutte id\u00e9ologique contre les traditions<\/td><td>R\u00e9conciliation entre progr\u00e8s social et identit\u00e9 nationale<\/td><\/tr><tr><td>\u00c9cologie<\/td><td>Moralisme climatique<\/td><td>Transition \u00e9cologique technologique et rationnelle<\/td><\/tr><tr><td>Immigration<\/td><td>Fronti\u00e8res ouvertes au nom des droits universels<\/td><td>Politique d\u2019immigration ma\u00eetris\u00e9e et choisie au service de la coh\u00e9sion nationale<\/td><\/tr><\/tbody><\/table><\/figure>\n\n\n\n<p class=\"wp-block-paragraph\"><strong>3. Le modernisme social du <mark style=\"background-color:rgba(0, 0, 0, 0);color:#ff6900\" class=\"has-inline-color\">MDM<\/mark> : une troisi\u00e8me voie<\/strong><\/p>\n\n\n\n<p class=\"wp-block-paragraph\">Le <mark style=\"background-color:rgba(0, 0, 0, 0);color:#ff6900\" class=\"has-inline-color\">MDM<\/mark> se situe <strong>entre la droite conservatrice et la gauche progressiste<\/strong> :<br>il pr\u00f4ne <strong>un humanisme social enracin\u00e9<\/strong>, o\u00f9 la solidarit\u00e9 ne se fait pas au d\u00e9triment de la responsabilit\u00e9.<\/p>\n\n\n\n<p class=\"wp-block-paragraph\"><strong>Le <mark style=\"background-color:rgba(0, 0, 0, 0);color:#ff6900\" class=\"has-inline-color\">MDM<\/mark> veut une soci\u00e9t\u00e9 juste sans \u00eatre nivelante, moderne sans \u00eatre amn\u00e9sique.<\/strong><\/p>\n\n\n\n<p class=\"wp-block-paragraph\">Cette position lui permet de :<\/p>\n\n\n\n<ul class=\"wp-block-list\">\n<li>d\u00e9fendre <strong>les travailleurs<\/strong> et <strong>les familles<\/strong> sans id\u00e9ologie de classe ;<\/li>\n\n\n\n<li>promouvoir <strong>l\u2019\u00e9galit\u00e9 des chances<\/strong>, mais pas l\u2019\u00e9galitarisme de r\u00e9sultat ;<\/li>\n\n\n\n<li>encourager <strong>l\u2019innovation sociale<\/strong> tout en pr\u00e9servant <strong>le cadre culturel et moral<\/strong> de la civilisation europ\u00e9enne.<\/li>\n<\/ul>\n\n\n\n<hr class=\"wp-block-separator has-alpha-channel-opacity\"\/>\n\n\n\n<p class=\"wp-block-paragraph\"><strong>4. Conclusion : un humanisme moderniste, pas progressiste<\/strong><\/p>\n\n\n\n<p class=\"wp-block-paragraph\">Le <mark style=\"background-color:rgba(0, 0, 0, 0);color:#ff6900\" class=\"has-inline-color\"><strong>MDM<\/strong> <\/mark>n\u2019est donc pas progressiste au sens doctrinal du terme.<br>Il est <strong>socialement moderniste<\/strong>, c\u2019est-\u00e0-dire <strong>humain, pragmatique et r\u00e9formateur<\/strong>, mais <strong>sans adh\u00e9rer au culte du changement perp\u00e9tuel<\/strong> ni \u00e0 l\u2019id\u00e9ologie du progr\u00e8s automatique.<\/p>\n\n\n\n<p class=\"wp-block-paragraph\"><strong>Le <mark style=\"background-color:rgba(0, 0, 0, 0);color:#ff6900\" class=\"has-inline-color\">MDM<\/mark> ne veut pas \u201cchanger la soci\u00e9t\u00e9\u201d \u2014 il veut la faire grandir.<\/strong><\/p>\n\n\n\n<p class=\"wp-block-paragraph\"><\/p>\n","protected":false},"excerpt":{"rendered":"<p>Cette question touche \u00e0 un point subtil mais essentiel dans l\u2019identit\u00e9 du Mouvement Droite Moderniste (MDM).En effet, le MDM n\u2019est pas progressiste, m\u00eame si certains aspects de son programme social peuvent sembler modernisateurs, humanistes ou ouverts. Voici pourquoi et comment cela se distingue clairement : 1. Le MDM n\u2019est pas progressiste \u2014 il est moderniste [&hellip;]<\/p>\n","protected":false},"author":1,"featured_media":0,"comment_status":"open","ping_status":"open","sticky":false,"template":"","format":"standard","meta":{"_monsterinsights_skip_tracking":false,"_uf_show_specific_survey":0,"_uf_disable_surveys":false,"footnotes":""},"categories":[24,48],"tags":[],"class_list":["post-2263","post","type-post","status-publish","format-standard","hentry","category-justice-sociale","category-modernisme-social"],"_links":{"self":[{"href":"https:\/\/droitemoderniste.be\/index.php\/wp-json\/wp\/v2\/posts\/2263","targetHints":{"allow":["GET"]}}],"collection":[{"href":"https:\/\/droitemoderniste.be\/index.php\/wp-json\/wp\/v2\/posts"}],"about":[{"href":"https:\/\/droitemoderniste.be\/index.php\/wp-json\/wp\/v2\/types\/post"}],"author":[{"embeddable":true,"href":"https:\/\/droitemoderniste.be\/index.php\/wp-json\/wp\/v2\/users\/1"}],"replies":[{"embeddable":true,"href":"https:\/\/droitemoderniste.be\/index.php\/wp-json\/wp\/v2\/comments?post=2263"}],"version-history":[{"count":1,"href":"https:\/\/droitemoderniste.be\/index.php\/wp-json\/wp\/v2\/posts\/2263\/revisions"}],"predecessor-version":[{"id":2265,"href":"https:\/\/droitemoderniste.be\/index.php\/wp-json\/wp\/v2\/posts\/2263\/revisions\/2265"}],"wp:attachment":[{"href":"https:\/\/droitemoderniste.be\/index.php\/wp-json\/wp\/v2\/media?parent=2263"}],"wp:term":[{"taxonomy":"category","embeddable":true,"href":"https:\/\/droitemoderniste.be\/index.php\/wp-json\/wp\/v2\/categories?post=2263"},{"taxonomy":"post_tag","embeddable":true,"href":"https:\/\/droitemoderniste.be\/index.php\/wp-json\/wp\/v2\/tags?post=2263"}],"curies":[{"name":"wp","href":"https:\/\/api.w.org\/{rel}","templated":true}]}}