{"id":2257,"date":"2025-12-12T14:40:09","date_gmt":"2025-12-12T13:40:09","guid":{"rendered":"https:\/\/droitemoderniste.be\/?p=2257"},"modified":"2025-12-12T14:40:09","modified_gmt":"2025-12-12T13:40:09","slug":"le-desengagement-americain-de-lotan-la-grande-opportunite-europeenne","status":"publish","type":"post","link":"https:\/\/droitemoderniste.be\/index.php\/2025\/12\/12\/le-desengagement-americain-de-lotan-la-grande-opportunite-europeenne\/","title":{"rendered":"Le d\u00e9sengagement am\u00e9ricain de l&rsquo;OTAN: la grande opportunit\u00e9 europ\u00e9enne"},"content":{"rendered":"\n<figure class=\"wp-block-image size-full\"><img loading=\"lazy\" decoding=\"async\" width=\"310\" height=\"163\" src=\"https:\/\/droitemoderniste.be\/wp-content\/uploads\/2025\/12\/rump-Otan2.jpg\" alt=\"\" class=\"wp-image-2258\" srcset=\"https:\/\/droitemoderniste.be\/wp-content\/uploads\/2025\/12\/rump-Otan2.jpg 310w, https:\/\/droitemoderniste.be\/wp-content\/uploads\/2025\/12\/rump-Otan2-300x158.jpg 300w\" sizes=\"auto, (max-width: 310px) 100vw, 310px\" \/><\/figure>\n\n\n\n<p class=\"wp-block-paragraph\">Au <mark style=\"background-color:rgba(0, 0, 0, 0);color:#ff6900\" class=\"has-inline-color\">MDM<\/mark>, nous affirmons une conviction simple : <strong>le XXIe si\u00e8cle sera celui des puissances capables d&rsquo;assurer leur propre s\u00e9curit\u00e9<\/strong>. L\u2019Europe ne pourra devenir une puissance politique, \u00e9conomique et civilisationnelle qu\u2019en assumant lucidement son autonomie strat\u00e9gique.<\/p>\n\n\n\n<p class=\"wp-block-paragraph\">Or, le possible d\u00e9sengagement des \u00c9tats-Unis de l\u2019OTAN constitue \u2014 non pas une menace \u2014 mais <strong>une fen\u00eatre historique<\/strong>. Une chance rare, brutale peut-\u00eatre, mais d\u00e9cisive pour rompre avec la d\u00e9pendance infantilisante qui emp\u00eache l\u2019Europe de devenir une v\u00e9ritable force souveraine.<\/p>\n\n\n\n<hr class=\"wp-block-separator has-alpha-channel-opacity\"\/>\n\n\n\n<h5 class=\"wp-block-heading\">1. Le choc n\u00e9cessaire \u00e0 l\u2019\u00e9veil europ\u00e9en<\/h5>\n\n\n\n<p class=\"wp-block-paragraph\">Depuis 1949, la s\u00e9curit\u00e9 de l\u2019Europe repose sur un axiome : <em>l\u2019Am\u00e9rique viendra toujours<\/em>.<br>Cet axiome est obsol\u00e8te.<\/p>\n\n\n\n<p class=\"wp-block-paragraph\">Le <mark style=\"background-color:rgba(0, 0, 0, 0);color:#ff6900\" class=\"has-inline-color\">MDM<\/mark> d\u00e9fend l\u2019id\u00e9e que l\u2019Europe doit sortir d\u2019une posture de sous-traitance militaire.<br>Le retrait am\u00e9ricain serait un signal d\u2019alarme, mais aussi <strong>un \u00e9lectrochoc salutaire<\/strong>, permettant enfin de d\u00e9passer les inerties nationales et les illusions s\u00e9curitaires.<\/p>\n\n\n\n<hr class=\"wp-block-separator has-alpha-channel-opacity\"\/>\n\n\n\n<h5 class=\"wp-block-heading\">2. Le moment de b\u00e2tir une D\u00e9fense Europ\u00e9enne Autonome<\/h5>\n\n\n\n<p class=\"wp-block-paragraph\">Une Europe d\u00e9pendante ne sera jamais respect\u00e9e.<br>Une Europe arm\u00e9e, organis\u00e9e et responsable, oui.<\/p>\n\n\n\n<p class=\"wp-block-paragraph\">Le d\u00e9sengagement am\u00e9ricain obligerait les Europ\u00e9ens \u00e0 :<\/p>\n\n\n\n<h6 class=\"wp-block-heading\">Forger une doctrine militaire commune<\/h6>\n\n\n\n<p class=\"wp-block-paragraph\">Fini le patchwork strat\u00e9gique.<br>L\u2019Europe doit d\u00e9finir <em>qui nous sommes, ce que nous d\u00e9fendons et jusqu\u2019o\u00f9<\/em>.<\/p>\n\n\n\n<h6 class=\"wp-block-heading\">Rationaliser les capacit\u00e9s militaires<\/h6>\n\n\n\n<p class=\"wp-block-paragraph\">Le <mark style=\"background-color:rgba(0, 0, 0, 0);color:#ff6900\" class=\"has-inline-color\">MDM<\/mark> d\u00e9fend un mod\u00e8le industriel commun :<\/p>\n\n\n\n<ul class=\"wp-block-list\">\n<li>moins de doublons,<\/li>\n\n\n\n<li>plus de programmes partag\u00e9s,<\/li>\n\n\n\n<li>un complexe militaro-industriel europ\u00e9en robuste, comp\u00e9titif, souverain.<\/li>\n<\/ul>\n\n\n\n<h6 class=\"wp-block-heading\">Assumer une dissuasion cr\u00e9dible<\/h6>\n\n\n\n<p class=\"wp-block-paragraph\">Gr\u00e2ce \u00e0 la France, l\u2019Europe dispose d\u2019un socle nucl\u00e9aire.<br>Il doit devenir le c\u0153ur d\u2019une <strong>dissuasion europ\u00e9enne \u00e9largie<\/strong>, fond\u00e9e sur une solidarit\u00e9 strat\u00e9gique mutuelle.<\/p>\n\n\n\n<hr class=\"wp-block-separator has-alpha-channel-opacity\"\/>\n\n\n\n<h5 class=\"wp-block-heading\">3. L\u2019Europe puissance : un choix, pas un slogan<\/h5>\n\n\n\n<p class=\"wp-block-paragraph\">Le <mark style=\"background-color:rgba(0, 0, 0, 0);color:#ff6900\" class=\"has-inline-color\">MDM<\/mark> porte une vision : <strong>une Europe forte, s\u00fbre d\u2019elle-m\u00eame, civilement pacifique mais strat\u00e9giquement redoutable<\/strong>.<br>Le d\u00e9sengagement am\u00e9ricain transformerait une id\u00e9e en obligation.<\/p>\n\n\n\n<p class=\"wp-block-paragraph\">Ce serait la naissance de :<\/p>\n\n\n\n<ul class=\"wp-block-list\">\n<li><strong>une autonomie strat\u00e9gique r\u00e9elle<\/strong>,<\/li>\n\n\n\n<li><strong>une verticalit\u00e9 militaire europ\u00e9enne<\/strong>,<\/li>\n\n\n\n<li><strong>une nouvelle architecture de s\u00e9curit\u00e9 continentale<\/strong>,<\/li>\n\n\n\n<li><strong>une Europe fi\u00e8re, souveraine et adulte<\/strong>.<\/li>\n<\/ul>\n\n\n\n<hr class=\"wp-block-separator has-alpha-channel-opacity\"\/>\n\n\n\n<h5 class=\"wp-block-heading\">4. Le risque : l\u2019esprit de renoncement<\/h5>\n\n\n\n<p class=\"wp-block-paragraph\">L\u2019unique danger : l\u2019ind\u00e9cision.<br>L\u2019Europe n\u2019a plus le luxe de tergiverser.<\/p>\n\n\n\n<p class=\"wp-block-paragraph\">Un retrait am\u00e9ricain mettrait \u00e0 nu :<\/p>\n\n\n\n<ul class=\"wp-block-list\">\n<li>nos insuffisances,<\/li>\n\n\n\n<li>nos divisions,<\/li>\n\n\n\n<li>notre d\u00e9pendance technologique.<\/li>\n<\/ul>\n\n\n\n<p class=\"wp-block-paragraph\">Mais au <mark style=\"background-color:rgba(0, 0, 0, 0);color:#ff6900\" class=\"has-inline-color\">MDM<\/mark>, nous estimons qu\u2019une Europe confront\u00e9e \u00e0 la n\u00e9cessit\u00e9 agit plus vite qu\u2019une Europe install\u00e9e dans le confort.<\/p>\n\n\n\n<hr class=\"wp-block-separator has-alpha-channel-opacity\"\/>\n\n\n\n<h5 class=\"wp-block-heading\">5. Conclusion <\/h5>\n\n\n\n<p class=\"wp-block-paragraph\">Le d\u00e9sengagement am\u00e9ricain serait un d\u00e9fi immense.<br>Mais pour une Europe qui veut <strong>redevenir sujet de l\u2019histoire<\/strong>, ce serait surtout <strong>une opportunit\u00e9 fondatrice<\/strong>.<\/p>\n\n\n\n<p class=\"wp-block-paragraph\">Le <mark style=\"background-color:rgba(0, 0, 0, 0);color:#ff6900\" class=\"has-inline-color\">Mouvement Droite Moderniste <\/mark>appelle donc \u00e0 <strong>embrasser cette transition<\/strong>, non dans la peur, mais dans <strong>l\u2019audace d\u2019une droite moderne<\/strong> :<\/p>\n\n\n\n<ul class=\"wp-block-list\">\n<li>souveraine,<\/li>\n\n\n\n<li>europ\u00e9enne,<\/li>\n\n\n\n<li>lucide,<\/li>\n\n\n\n<li>tourn\u00e9e vers la puissance et la responsabilit\u00e9.<\/li>\n<\/ul>\n","protected":false},"excerpt":{"rendered":"<p>Au MDM, nous affirmons une conviction simple : le XXIe si\u00e8cle sera celui des puissances capables d&rsquo;assurer leur propre s\u00e9curit\u00e9. L\u2019Europe ne pourra devenir une puissance politique, \u00e9conomique et civilisationnelle qu\u2019en assumant lucidement son autonomie strat\u00e9gique. Or, le possible d\u00e9sengagement des \u00c9tats-Unis de l\u2019OTAN constitue \u2014 non pas une menace \u2014 mais une fen\u00eatre historique. [&hellip;]<\/p>\n","protected":false},"author":1,"featured_media":0,"comment_status":"open","ping_status":"open","sticky":false,"template":"","format":"standard","meta":{"_monsterinsights_skip_tracking":false,"_uf_show_specific_survey":0,"_uf_disable_surveys":false,"footnotes":""},"categories":[47],"tags":[],"class_list":["post-2257","post","type-post","status-publish","format-standard","hentry","category-souverainisme"],"_links":{"self":[{"href":"https:\/\/droitemoderniste.be\/index.php\/wp-json\/wp\/v2\/posts\/2257","targetHints":{"allow":["GET"]}}],"collection":[{"href":"https:\/\/droitemoderniste.be\/index.php\/wp-json\/wp\/v2\/posts"}],"about":[{"href":"https:\/\/droitemoderniste.be\/index.php\/wp-json\/wp\/v2\/types\/post"}],"author":[{"embeddable":true,"href":"https:\/\/droitemoderniste.be\/index.php\/wp-json\/wp\/v2\/users\/1"}],"replies":[{"embeddable":true,"href":"https:\/\/droitemoderniste.be\/index.php\/wp-json\/wp\/v2\/comments?post=2257"}],"version-history":[{"count":1,"href":"https:\/\/droitemoderniste.be\/index.php\/wp-json\/wp\/v2\/posts\/2257\/revisions"}],"predecessor-version":[{"id":2259,"href":"https:\/\/droitemoderniste.be\/index.php\/wp-json\/wp\/v2\/posts\/2257\/revisions\/2259"}],"wp:attachment":[{"href":"https:\/\/droitemoderniste.be\/index.php\/wp-json\/wp\/v2\/media?parent=2257"}],"wp:term":[{"taxonomy":"category","embeddable":true,"href":"https:\/\/droitemoderniste.be\/index.php\/wp-json\/wp\/v2\/categories?post=2257"},{"taxonomy":"post_tag","embeddable":true,"href":"https:\/\/droitemoderniste.be\/index.php\/wp-json\/wp\/v2\/tags?post=2257"}],"curies":[{"name":"wp","href":"https:\/\/api.w.org\/{rel}","templated":true}]}}