{"id":2254,"date":"2025-12-12T10:39:21","date_gmt":"2025-12-12T09:39:21","guid":{"rendered":"https:\/\/droitemoderniste.be\/?p=2254"},"modified":"2025-12-12T10:39:21","modified_gmt":"2025-12-12T09:39:21","slug":"principes-modernistes-du-mdm-appliques-a-leuthanasie","status":"publish","type":"post","link":"https:\/\/droitemoderniste.be\/index.php\/2025\/12\/12\/principes-modernistes-du-mdm-appliques-a-leuthanasie\/","title":{"rendered":"Principes modernistes du MDM appliqu\u00e9s \u00e0 l&rsquo;euthanasie"},"content":{"rendered":"\n<figure class=\"wp-block-image size-full\"><img loading=\"lazy\" decoding=\"async\" width=\"450\" height=\"112\" src=\"https:\/\/droitemoderniste.be\/wp-content\/uploads\/2025\/12\/euthanasie1-1.jpg\" alt=\"\" class=\"wp-image-2255\" srcset=\"https:\/\/droitemoderniste.be\/wp-content\/uploads\/2025\/12\/euthanasie1-1.jpg 450w, https:\/\/droitemoderniste.be\/wp-content\/uploads\/2025\/12\/euthanasie1-1-300x75.jpg 300w\" sizes=\"auto, (max-width: 450px) 100vw, 450px\" \/><\/figure>\n\n\n\n<p class=\"wp-block-paragraph\">Voici une <strong>clarification des principes modernistes du MDM appliqu\u00e9s \u00e0 l\u2019euthanasie<\/strong>, expos\u00e9e de mani\u00e8re synth\u00e9tique et doctrinale. Elle explique <em>pourquoi<\/em> le parti adopte sa position et <em>comment<\/em> ses principes g\u00e9n\u00e9raux se traduisent concr\u00e8tement dans ce domaine sensible.<\/p>\n\n\n\n<hr class=\"wp-block-separator has-alpha-channel-opacity\"\/>\n\n\n\n<p class=\"wp-block-paragraph\">Le <mark style=\"background-color:rgba(0, 0, 0, 0);color:#ff6900\" class=\"has-inline-color\">Mouvement Droite Moderniste (MDM)<\/mark> applique \u00e0 l\u2019euthanasie les m\u00eames valeurs qui fondent sa philosophie politique : <strong>libert\u00e9 individuelle, dignit\u00e9 humaine, responsabilit\u00e9 sociale, rationalit\u00e9 scientifique et \u00e9thique nuanc\u00e9e<\/strong>.<\/p>\n\n\n\n<hr class=\"wp-block-separator has-alpha-channel-opacity\"\/>\n\n\n\n<h6 class=\"wp-block-heading\">1. <strong>Libert\u00e9 morale individuelle<\/strong><\/h6>\n\n\n\n<ul class=\"wp-block-list\">\n<li>Chaque personne est <strong>souveraine sur sa propre vie<\/strong>.<\/li>\n\n\n\n<li>L\u2019\u00c9tat ne doit pas imposer une norme absolue sur la fin de vie.<\/li>\n\n\n\n<li>Le choix de recourir \u00e0 l\u2019euthanasie doit \u00eatre <strong>libre, \u00e9clair\u00e9 et r\u00e9it\u00e9r\u00e9<\/strong>.<br><strong>Principe moderniste : la libert\u00e9 est respect\u00e9e mais jamais laiss\u00e9e sans encadrement.<\/strong><\/li>\n<\/ul>\n\n\n\n<hr class=\"wp-block-separator has-alpha-channel-opacity\"\/>\n\n\n\n<h6 class=\"wp-block-heading\">2. <strong>Dignit\u00e9 humaine et autonomie progressive<\/strong><\/h6>\n\n\n\n<ul class=\"wp-block-list\">\n<li>La dignit\u00e9 humaine est centrale, tant pour la personne en fin de vie que pour le respect de la souffrance.<\/li>\n\n\n\n<li>La d\u00e9cision d\u2019euthanasie doit toujours respecter la <strong>valeur intrins\u00e8que de la vie<\/strong>, sans la transformer en geste banal.<br><strong>Principe moderniste : \u00e9quilibre entre autonomie et protection de la dignit\u00e9.<\/strong><\/li>\n<\/ul>\n\n\n\n<hr class=\"wp-block-separator has-alpha-channel-opacity\"\/>\n\n\n\n<h6 class=\"wp-block-heading\">3. <strong>Responsabilit\u00e9 sociale et accompagnement<\/strong><\/h6>\n\n\n\n<ul class=\"wp-block-list\">\n<li>La soci\u00e9t\u00e9 a le devoir de <strong>pr\u00e9venir que la souffrance ou la d\u00e9tresse sociale ne conduise \u00e0 un choix subi<\/strong>.<\/li>\n\n\n\n<li>Cela implique des soins palliatifs de qualit\u00e9, un accompagnement psychologique et un soutien mat\u00e9riel et familial.<br><strong>Principe moderniste : la libert\u00e9 ne peut \u00eatre exerc\u00e9e dans le vide social.<\/strong><\/li>\n<\/ul>\n\n\n\n<hr class=\"wp-block-separator has-alpha-channel-opacity\"\/>\n\n\n\n<h6 class=\"wp-block-heading\">4. <strong>Rationalit\u00e9 scientifique<\/strong><\/h6>\n\n\n\n<ul class=\"wp-block-list\">\n<li>Les d\u00e9cisions doivent \u00eatre <strong>fond\u00e9es sur des donn\u00e9es m\u00e9dicales fiables<\/strong>, incluant l\u2019\u00e9valuation de la souffrance physique et psychique.<\/li>\n\n\n\n<li>La recherche sur les soins palliatifs, la gestion de la douleur et les alternatives th\u00e9rapeutiques est prioritaire.<br><strong>Principe moderniste : la science \u00e9claire l\u2019\u00e9thique, elle ne la remplace pas.<\/strong><\/li>\n<\/ul>\n\n\n\n<hr class=\"wp-block-separator has-alpha-channel-opacity\"\/>\n\n\n\n<h6 class=\"wp-block-heading\">5. <strong>\u00c9thique graduelle et nuanc\u00e9e<\/strong><\/h6>\n\n\n\n<ul class=\"wp-block-list\">\n<li>L\u2019euthanasie n\u2019est ni interdite, ni banalis\u00e9e : elle est consid\u00e9r\u00e9e comme <strong>un dernier recours<\/strong> apr\u00e8s toutes les alternatives.<\/li>\n\n\n\n<li>Les r\u00e8gles sont strictes pour les cas de souffrance physique ou psychique.<br><strong>Principe moderniste : juste milieu entre extr\u00eame libertaire et extr\u00eame conservateur.<\/strong><\/li>\n<\/ul>\n\n\n\n<hr class=\"wp-block-separator has-alpha-channel-opacity\"\/>\n\n\n\n<h6 class=\"wp-block-heading\">6. <strong>Pluralisme et respect des consciences<\/strong><\/h6>\n\n\n\n<ul class=\"wp-block-list\">\n<li>Les soignants conservent une <strong>clause de conscience<\/strong>, mais doivent orienter rapidement les patients vers un professionnel disponible.<\/li>\n\n\n\n<li>La soci\u00e9t\u00e9 accepte la diversit\u00e9 des convictions sur la fin de vie.<br><strong>Principe moderniste : libert\u00e9 des individus et respect des pluralismes.<\/strong><\/li>\n<\/ul>\n\n\n\n<hr class=\"wp-block-separator has-alpha-channel-opacity\"\/>\n\n\n\n<h6 class=\"wp-block-heading\"><strong>Synth\u00e8se<\/strong><\/h6>\n\n\n\n<p class=\"wp-block-paragraph\">La politique moderniste du <mark style=\"background-color:rgba(0, 0, 0, 0);color:#ff6900\" class=\"has-inline-color\">MDM<\/mark> sur l\u2019euthanasie repose sur :<\/p>\n\n\n\n<ul class=\"wp-block-list\">\n<li><strong>Libert\u00e9 individuelle<\/strong><\/li>\n\n\n\n<li><strong>Dignit\u00e9 humaine et autonomie graduelle<\/strong><\/li>\n\n\n\n<li><strong>Responsabilit\u00e9 sociale et accompagnement<\/strong><\/li>\n\n\n\n<li><strong>Rationalit\u00e9 scientifique<\/strong><\/li>\n\n\n\n<li><strong>\u00c9thique graduelle et nuanc\u00e9e<\/strong><\/li>\n\n\n\n<li><strong>Pluralisme et respect des consciences<\/strong><\/li>\n<\/ul>\n\n\n\n<p class=\"wp-block-paragraph\"><strong>En r\u00e9sum\u00e9 : \u201cLa libert\u00e9 de mourir dignement, jamais faute de vivre dignement.\u201d<\/strong><\/p>\n","protected":false},"excerpt":{"rendered":"<p>Voici une clarification des principes modernistes du MDM appliqu\u00e9s \u00e0 l\u2019euthanasie, expos\u00e9e de mani\u00e8re synth\u00e9tique et doctrinale. Elle explique pourquoi le parti adopte sa position et comment ses principes g\u00e9n\u00e9raux se traduisent concr\u00e8tement dans ce domaine sensible. Le Mouvement Droite Moderniste (MDM) applique \u00e0 l\u2019euthanasie les m\u00eames valeurs qui fondent sa philosophie politique : libert\u00e9 [&hellip;]<\/p>\n","protected":false},"author":1,"featured_media":0,"comment_status":"open","ping_status":"open","sticky":false,"template":"","format":"standard","meta":{"_monsterinsights_skip_tracking":false,"_uf_show_specific_survey":0,"_uf_disable_surveys":false,"footnotes":""},"categories":[45],"tags":[],"class_list":["post-2254","post","type-post","status-publish","format-standard","hentry","category-euthanasie"],"_links":{"self":[{"href":"https:\/\/droitemoderniste.be\/index.php\/wp-json\/wp\/v2\/posts\/2254","targetHints":{"allow":["GET"]}}],"collection":[{"href":"https:\/\/droitemoderniste.be\/index.php\/wp-json\/wp\/v2\/posts"}],"about":[{"href":"https:\/\/droitemoderniste.be\/index.php\/wp-json\/wp\/v2\/types\/post"}],"author":[{"embeddable":true,"href":"https:\/\/droitemoderniste.be\/index.php\/wp-json\/wp\/v2\/users\/1"}],"replies":[{"embeddable":true,"href":"https:\/\/droitemoderniste.be\/index.php\/wp-json\/wp\/v2\/comments?post=2254"}],"version-history":[{"count":1,"href":"https:\/\/droitemoderniste.be\/index.php\/wp-json\/wp\/v2\/posts\/2254\/revisions"}],"predecessor-version":[{"id":2256,"href":"https:\/\/droitemoderniste.be\/index.php\/wp-json\/wp\/v2\/posts\/2254\/revisions\/2256"}],"wp:attachment":[{"href":"https:\/\/droitemoderniste.be\/index.php\/wp-json\/wp\/v2\/media?parent=2254"}],"wp:term":[{"taxonomy":"category","embeddable":true,"href":"https:\/\/droitemoderniste.be\/index.php\/wp-json\/wp\/v2\/categories?post=2254"},{"taxonomy":"post_tag","embeddable":true,"href":"https:\/\/droitemoderniste.be\/index.php\/wp-json\/wp\/v2\/tags?post=2254"}],"curies":[{"name":"wp","href":"https:\/\/api.w.org\/{rel}","templated":true}]}}