{"id":2251,"date":"2025-12-11T15:00:28","date_gmt":"2025-12-11T14:00:28","guid":{"rendered":"https:\/\/droitemoderniste.be\/?p=2251"},"modified":"2025-12-11T15:00:28","modified_gmt":"2025-12-11T14:00:28","slug":"le-modernisme-politique-selon-le-mouvement-droite-moderniste","status":"publish","type":"post","link":"https:\/\/droitemoderniste.be\/index.php\/2025\/12\/11\/le-modernisme-politique-selon-le-mouvement-droite-moderniste\/","title":{"rendered":"Le modernisme politique selon le Mouvement Droite Moderniste"},"content":{"rendered":"\n<figure class=\"wp-block-image size-full\"><img loading=\"lazy\" decoding=\"async\" width=\"275\" height=\"183\" src=\"https:\/\/droitemoderniste.be\/wp-content\/uploads\/2025\/12\/progres-social1.jpg\" alt=\"\" class=\"wp-image-2252\"\/><\/figure>\n\n\n\n<p class=\"wp-block-paragraph\">Voici une <strong>d\u00e9finition doctrinale claire et structur\u00e9e du \u201cmodernisme politique\u201d<\/strong> telle qu\u2019elle figure dans les textes fondateurs ou les brochures officielles du <strong><mark style=\"background-color:rgba(0, 0, 0, 0);color:#ff6900\" class=\"has-inline-color\">Mouvement Droite Moderniste (MDM)<\/mark><\/strong>.<\/p>\n\n\n\n<hr class=\"wp-block-separator has-alpha-channel-opacity\"\/>\n\n\n\n<h6 class=\"wp-block-heading\">D\u00e9finition g\u00e9n\u00e9rale<\/h6>\n\n\n\n<p class=\"wp-block-paragraph\">Le <strong>modernisme politique<\/strong> est une philosophie d\u2019\u00e9quilibre et d\u2019audace.<br>Il affirme que la soci\u00e9t\u00e9 doit \u00e9voluer, se transformer et s\u2019adapter au monde contemporain <strong>sans rompre avec ses racines, ses valeurs et son identit\u00e9<\/strong>.<br>Le modernisme politique refuse le conservatisme immobile comme le progressisme d\u00e9structurant : il pr\u00f4ne <strong>une modernisation enracin\u00e9e<\/strong>, \u00e0 la fois lucide, pragmatique et profond\u00e9ment humaine.<\/p>\n\n\n\n<p class=\"wp-block-paragraph\"><strong>\u00catre moderniste, c\u2019est vouloir le progr\u00e8s sans renier la m\u00e9moire.<\/strong><\/p>\n\n\n\n<hr class=\"wp-block-separator has-alpha-channel-opacity\"\/>\n\n\n\n<h6 class=\"wp-block-heading\">Principes fondamentaux du modernisme politique<\/h6>\n\n\n\n<ol class=\"wp-block-list\">\n<li><strong>Racines fortes, regard neuf<\/strong><br>La modernit\u00e9 ne se construit pas sur l\u2019oubli, mais sur la transmission. Le modernisme politique vise \u00e0 <strong>actualiser la tradition<\/strong>, \u00e0 l\u2019adapter au XXI\u1d49 si\u00e8cle, et non \u00e0 la d\u00e9truire.<\/li>\n\n\n\n<li><strong>\u00c9volution ma\u00eetris\u00e9e, pas r\u00e9volution permanente<\/strong><br>Le changement n\u2019est pas une fin en soi : il doit \u00eatre <strong>ordonn\u00e9, mesur\u00e9 et r\u00e9fl\u00e9chi<\/strong>, au service du bien commun et non d\u2019id\u00e9ologies de rupture.<\/li>\n\n\n\n<li><strong>Alliance du r\u00e9el et de l\u2019id\u00e9al<\/strong><br>Le modernisme politique allie <strong>le sens du concret<\/strong> (gestion, innovation, efficacit\u00e9) \u00e0 <strong>l\u2019\u00e9l\u00e9vation morale et culturelle<\/strong> (\u00e9thique, beaut\u00e9, devoir, civilisation).<\/li>\n\n\n\n<li><strong>Moderniser l\u2019\u00c9tat sans l\u2019affaiblir<\/strong><br>Le modernisme vise \u00e0 rendre les institutions plus agiles et plus proches des citoyens, tout en pr\u00e9servant <strong>l\u2019autorit\u00e9 l\u00e9gitime, la souverainet\u00e9 nationale et la continuit\u00e9 de l\u2019\u00c9tat<\/strong>.<\/li>\n\n\n\n<li><strong>Humanisme technologique et environnementalisme rationnel<\/strong><br>La modernit\u00e9 doit \u00eatre <strong>au service de l\u2019humain<\/strong> : l\u2019innovation, l\u2019intelligence artificielle et la transition \u00e9cologique ne sont pas des fins id\u00e9ologiques, mais des outils au service du progr\u00e8s humain et collectif.<\/li>\n\n\n\n<li><strong>Patriotisme civique et ouverture lucide<\/strong><br>\u00catre moderniste, c\u2019est croire en <strong>une nation ouverte mais ma\u00eetresse de son destin<\/strong>, capable d\u2019exister dans le monde globalis\u00e9 sans se dissoudre en lui.<\/li>\n<\/ol>\n\n\n\n<hr class=\"wp-block-separator has-alpha-channel-opacity\"\/>\n\n\n\n<h6 class=\"wp-block-heading\">Positionnement id\u00e9ologique<\/h6>\n\n\n\n<p class=\"wp-block-paragraph\">Le modernisme politique du <mark style=\"background-color:rgba(0, 0, 0, 0);color:#ff6900\" class=\"has-inline-color\">MDM<\/mark> se situe \u00e0 la <strong>crois\u00e9e de la droite humaniste et du lib\u00e9ralisme social<\/strong>, avec un ancrage patriote, europ\u00e9en et souverainiste \u00e9clair\u00e9.<br>Il pr\u00f4ne une <strong>soci\u00e9t\u00e9 libre, responsable et harmonieuse<\/strong>, o\u00f9 l\u2019innovation et la tradition se conjuguent au service du bien commun.<\/p>\n\n\n\n<hr class=\"wp-block-separator has-alpha-channel-opacity\"\/>\n\n\n\n<h6 class=\"wp-block-heading\">Devise moderniste<\/h6>\n\n\n\n<p class=\"wp-block-paragraph\"><strong>\u201cR\u00e9former sans d\u00e9raciner. Innover sans d\u00e9naturer.\u201d<\/strong><\/p>\n\n\n\n<p class=\"wp-block-paragraph\"><\/p>\n","protected":false},"excerpt":{"rendered":"<p>Voici une d\u00e9finition doctrinale claire et structur\u00e9e du \u201cmodernisme politique\u201d telle qu\u2019elle figure dans les textes fondateurs ou les brochures officielles du Mouvement Droite Moderniste (MDM). D\u00e9finition g\u00e9n\u00e9rale Le modernisme politique est une philosophie d\u2019\u00e9quilibre et d\u2019audace.Il affirme que la soci\u00e9t\u00e9 doit \u00e9voluer, se transformer et s\u2019adapter au monde contemporain sans rompre avec ses racines, [&hellip;]<\/p>\n","protected":false},"author":1,"featured_media":0,"comment_status":"open","ping_status":"open","sticky":false,"template":"","format":"standard","meta":{"_monsterinsights_skip_tracking":false,"_uf_show_specific_survey":0,"_uf_disable_surveys":false,"footnotes":""},"categories":[43],"tags":[],"class_list":["post-2251","post","type-post","status-publish","format-standard","hentry","category-modernisme-politique"],"_links":{"self":[{"href":"https:\/\/droitemoderniste.be\/index.php\/wp-json\/wp\/v2\/posts\/2251","targetHints":{"allow":["GET"]}}],"collection":[{"href":"https:\/\/droitemoderniste.be\/index.php\/wp-json\/wp\/v2\/posts"}],"about":[{"href":"https:\/\/droitemoderniste.be\/index.php\/wp-json\/wp\/v2\/types\/post"}],"author":[{"embeddable":true,"href":"https:\/\/droitemoderniste.be\/index.php\/wp-json\/wp\/v2\/users\/1"}],"replies":[{"embeddable":true,"href":"https:\/\/droitemoderniste.be\/index.php\/wp-json\/wp\/v2\/comments?post=2251"}],"version-history":[{"count":1,"href":"https:\/\/droitemoderniste.be\/index.php\/wp-json\/wp\/v2\/posts\/2251\/revisions"}],"predecessor-version":[{"id":2253,"href":"https:\/\/droitemoderniste.be\/index.php\/wp-json\/wp\/v2\/posts\/2251\/revisions\/2253"}],"wp:attachment":[{"href":"https:\/\/droitemoderniste.be\/index.php\/wp-json\/wp\/v2\/media?parent=2251"}],"wp:term":[{"taxonomy":"category","embeddable":true,"href":"https:\/\/droitemoderniste.be\/index.php\/wp-json\/wp\/v2\/categories?post=2251"},{"taxonomy":"post_tag","embeddable":true,"href":"https:\/\/droitemoderniste.be\/index.php\/wp-json\/wp\/v2\/tags?post=2251"}],"curies":[{"name":"wp","href":"https:\/\/api.w.org\/{rel}","templated":true}]}}