{"id":2248,"date":"2025-12-11T10:58:03","date_gmt":"2025-12-11T09:58:03","guid":{"rendered":"https:\/\/droitemoderniste.be\/?p=2248"},"modified":"2025-12-11T10:58:03","modified_gmt":"2025-12-11T09:58:03","slug":"progressiste-ou-moderniste","status":"publish","type":"post","link":"https:\/\/droitemoderniste.be\/index.php\/2025\/12\/11\/progressiste-ou-moderniste\/","title":{"rendered":"Progressiste ou moderniste ?"},"content":{"rendered":"\n<figure class=\"wp-block-image size-full\"><img loading=\"lazy\" decoding=\"async\" width=\"299\" height=\"168\" src=\"https:\/\/droitemoderniste.be\/wp-content\/uploads\/2025\/12\/parite-ballet.jpg\" alt=\"\" class=\"wp-image-2249\"\/><\/figure>\n\n\n\n<p class=\"wp-block-paragraph\">Les mots <strong>progressiste<\/strong> et <strong>moderniste<\/strong> sont souvent confondus, car tous deux \u00e9voquent le changement et la modernit\u00e9. Pourtant, ils renvoient \u00e0 <strong>deux philosophies distinctes<\/strong>, parfois m\u00eame oppos\u00e9es dans leurs intentions. <\/p>\n\n\n\n<p class=\"wp-block-paragraph\">Voici une distinction claire et nuanc\u00e9e :<\/p>\n\n\n\n<hr class=\"wp-block-separator has-alpha-channel-opacity\"\/>\n\n\n\n<h6 class=\"wp-block-heading\"><strong>Progressiste<\/strong><\/h6>\n\n\n\n<p class=\"wp-block-paragraph\"><strong>Origine et sens g\u00e9n\u00e9ral :<\/strong><br>Le progressisme est une <strong>philosophie politique et sociale<\/strong> qui mise sur <strong>le progr\u00e8s constant de la soci\u00e9t\u00e9<\/strong> \u00e0 travers des r\u00e9formes, souvent dans une optique d\u2019\u00e9mancipation individuelle, d\u2019\u00e9galit\u00e9 et de transformation des structures traditionnelles.<\/p>\n\n\n\n<p class=\"wp-block-paragraph\"><strong>Caract\u00e9ristiques principales :<\/strong><\/p>\n\n\n\n<ul class=\"wp-block-list\">\n<li>Croit que la soci\u00e9t\u00e9 doit <strong>\u00e9voluer en permanence<\/strong> pour devenir plus juste, plus inclusive et plus \u00e9galitaire.<\/li>\n\n\n\n<li>Souhaite <strong>remettre en question les traditions<\/strong> jug\u00e9es d\u00e9pass\u00e9es ou oppressives.<\/li>\n\n\n\n<li>S\u2019aligne souvent avec les <strong>id\u00e9es de gauche<\/strong> (mais pas exclusivement).<\/li>\n\n\n\n<li>Met en avant des <strong>valeurs universalistes<\/strong> (droits humains, \u00e9galit\u00e9 des genres, inclusion).<\/li>\n\n\n\n<li>Peut parfois tendre vers une <strong>rupture avec le pass\u00e9<\/strong> au nom du progr\u00e8s moral ou social.<\/li>\n<\/ul>\n\n\n\n<p class=\"wp-block-paragraph\"><strong>En r\u00e9sum\u00e9 :<\/strong><br>Le progressiste veut <strong>changer le monde<\/strong> en profondeur, parfois en se <strong>d\u00e9tachant du pass\u00e9<\/strong>.<\/p>\n\n\n\n<hr class=\"wp-block-separator has-alpha-channel-opacity\"\/>\n\n\n\n<h5 class=\"wp-block-heading\"><strong>Moderniste<\/strong><\/h5>\n\n\n\n<p class=\"wp-block-paragraph\"><strong>Origine et sens g\u00e9n\u00e9ral :<\/strong><br>Le modernisme est d\u2019abord une <strong>attitude culturelle et philosophique<\/strong> (art, architecture, pens\u00e9e politique) qui vise \u00e0 <strong>adapter la tradition aux r\u00e9alit\u00e9s contemporaines<\/strong>, sans pour autant la renier.<\/p>\n\n\n\n<p class=\"wp-block-paragraph\"><strong>Caract\u00e9ristiques principales :<\/strong><\/p>\n\n\n\n<ul class=\"wp-block-list\">\n<li>Croit \u00e0 la <strong>modernisation<\/strong>, pas forc\u00e9ment au progr\u00e8s moral infini.<\/li>\n\n\n\n<li>Cherche \u00e0 <strong>r\u00e9concilier h\u00e9ritage et innovation<\/strong> : \u00ab moderniser sans d\u00e9raciner \u00bb.<\/li>\n\n\n\n<li>Peut \u00eatre associ\u00e9 \u00e0 une <strong>droite r\u00e9novatrice<\/strong> ou \u00e0 un <strong>centrisme pragmatique<\/strong>.<\/li>\n\n\n\n<li>Met l\u2019accent sur <strong>l\u2019efficacit\u00e9, la rationalit\u00e9, la technologie<\/strong>, mais dans le respect de la culture, de la nation ou des valeurs durables.<\/li>\n\n\n\n<li>Refuse \u00e0 la fois le <strong>conservatisme fig\u00e9<\/strong> et le <strong>progressisme d\u00e9constructeur<\/strong>.<\/li>\n<\/ul>\n\n\n\n<p class=\"wp-block-paragraph\"><strong>En r\u00e9sum\u00e9 :<\/strong><br>Le moderniste veut <strong>faire \u00e9voluer le monde<\/strong> en <strong>gardant un lien fort avec ses racines<\/strong>.<\/p>\n\n\n\n<hr class=\"wp-block-separator has-alpha-channel-opacity\"\/>\n\n\n\n<h3 class=\"wp-block-heading\"><strong>Comparatif synth\u00e9tique<\/strong><\/h3>\n\n\n\n<figure class=\"wp-block-table\"><table class=\"has-fixed-layout\"><thead><tr><td><strong>Dimension<\/strong><strong><\/strong><\/td><td><strong>Progressiste<\/strong><strong><\/strong><\/td><td><strong>Moderniste<\/strong><strong><\/strong><\/td><\/tr><\/thead><tbody><tr><td>Rapport au pass\u00e9<\/td><td>\u00c0 d\u00e9passer<\/td><td>\u00c0 actualiser<\/td><\/tr><tr><td>Rapport au changement<\/td><td>Rupture<\/td><td>\u00c9volution ma\u00eetris\u00e9e<\/td><\/tr><tr><td>Valeurs dominantes<\/td><td>\u00c9galit\u00e9, \u00e9mancipation<\/td><td>Harmonie, efficacit\u00e9, \u00e9quilibre<\/td><\/tr><tr><td>Vision du progr\u00e8s<\/td><td>Moral et soci\u00e9tal<\/td><td>Technique, culturel et institutionnel<\/td><\/tr><tr><td>Position typique<\/td><td>Plut\u00f4t gauche<\/td><td>Plut\u00f4t droite r\u00e9formatrice ou centre-droit<\/td><\/tr><tr><td>Rapport \u00e0 la tradition<\/td><td>M\u00e9fiance<\/td><td>Respect r\u00e9interpr\u00e9t\u00e9<\/td><\/tr><\/tbody><\/table><\/figure>\n\n\n\n<h6 class=\"wp-block-heading\">Exemple concret<\/h6>\n\n\n\n<ul class=\"wp-block-list\">\n<li><strong>Progressiste<\/strong> : veut refondre compl\u00e8tement le mod\u00e8le scolaire pour abolir les distinctions et les hi\u00e9rarchies jug\u00e9es injustes.<\/li>\n\n\n\n<li><strong>Moderniste<\/strong> : veut moderniser l\u2019\u00e9cole, introduire des m\u00e9thodes nouvelles et des outils num\u00e9riques, mais <strong>sans d\u00e9truire les fondements \u00e9ducatifs traditionnels<\/strong> comme la rigueur, l\u2019exigence et la transmission.<\/li>\n<\/ul>\n\n\n\n<hr class=\"wp-block-separator has-alpha-channel-opacity\"\/>\n\n\n\n<h6 class=\"wp-block-heading\">En r\u00e9sum\u00e9 final<\/h6>\n\n\n\n<p class=\"wp-block-paragraph\"><strong>Le progressiste croit au changement pour changer.<\/strong><strong><br>Le moderniste croit au changement pour mieux durer.<\/strong><\/p>\n\n\n\n<p class=\"wp-block-paragraph\"><\/p>\n","protected":false},"excerpt":{"rendered":"<p>Les mots progressiste et moderniste sont souvent confondus, car tous deux \u00e9voquent le changement et la modernit\u00e9. Pourtant, ils renvoient \u00e0 deux philosophies distinctes, parfois m\u00eame oppos\u00e9es dans leurs intentions. Voici une distinction claire et nuanc\u00e9e : Progressiste Origine et sens g\u00e9n\u00e9ral :Le progressisme est une philosophie politique et sociale qui mise sur le progr\u00e8s [&hellip;]<\/p>\n","protected":false},"author":1,"featured_media":0,"comment_status":"open","ping_status":"open","sticky":false,"template":"","format":"standard","meta":{"_monsterinsights_skip_tracking":false,"_uf_show_specific_survey":0,"_uf_disable_surveys":false,"footnotes":""},"categories":[34],"tags":[],"class_list":["post-2248","post","type-post","status-publish","format-standard","hentry","category-mouvement-droite-moderniste"],"_links":{"self":[{"href":"https:\/\/droitemoderniste.be\/index.php\/wp-json\/wp\/v2\/posts\/2248","targetHints":{"allow":["GET"]}}],"collection":[{"href":"https:\/\/droitemoderniste.be\/index.php\/wp-json\/wp\/v2\/posts"}],"about":[{"href":"https:\/\/droitemoderniste.be\/index.php\/wp-json\/wp\/v2\/types\/post"}],"author":[{"embeddable":true,"href":"https:\/\/droitemoderniste.be\/index.php\/wp-json\/wp\/v2\/users\/1"}],"replies":[{"embeddable":true,"href":"https:\/\/droitemoderniste.be\/index.php\/wp-json\/wp\/v2\/comments?post=2248"}],"version-history":[{"count":1,"href":"https:\/\/droitemoderniste.be\/index.php\/wp-json\/wp\/v2\/posts\/2248\/revisions"}],"predecessor-version":[{"id":2250,"href":"https:\/\/droitemoderniste.be\/index.php\/wp-json\/wp\/v2\/posts\/2248\/revisions\/2250"}],"wp:attachment":[{"href":"https:\/\/droitemoderniste.be\/index.php\/wp-json\/wp\/v2\/media?parent=2248"}],"wp:term":[{"taxonomy":"category","embeddable":true,"href":"https:\/\/droitemoderniste.be\/index.php\/wp-json\/wp\/v2\/categories?post=2248"},{"taxonomy":"post_tag","embeddable":true,"href":"https:\/\/droitemoderniste.be\/index.php\/wp-json\/wp\/v2\/tags?post=2248"}],"curies":[{"name":"wp","href":"https:\/\/api.w.org\/{rel}","templated":true}]}}