{"id":2245,"date":"2025-12-10T14:30:14","date_gmt":"2025-12-10T13:30:14","guid":{"rendered":"https:\/\/droitemoderniste.be\/?p=2245"},"modified":"2025-12-10T14:30:14","modified_gmt":"2025-12-10T13:30:14","slug":"gauche-progressiste-ou-droite-moderniste","status":"publish","type":"post","link":"https:\/\/droitemoderniste.be\/index.php\/2025\/12\/10\/gauche-progressiste-ou-droite-moderniste\/","title":{"rendered":"Gauche progressiste ou droite moderniste?"},"content":{"rendered":"\n<figure class=\"wp-block-image size-full\"><img loading=\"lazy\" decoding=\"async\" width=\"275\" height=\"183\" src=\"https:\/\/droitemoderniste.be\/wp-content\/uploads\/2025\/12\/progres-social0.jpg\" alt=\"\" class=\"wp-image-2246\"\/><\/figure>\n\n\n\n<p class=\"wp-block-paragraph\"><strong>Laquelle des deux d\u00e9fend le mieux le progr\u00e8s social\u00a0?<\/strong><\/p>\n\n\n\n<p class=\"wp-block-paragraph\">L<strong>e <mark style=\"background-color:rgba(0, 0, 0, 0);color:#ff6900\" class=\"has-inline-color\">Mouvement Droite Moderniste (MDM) <\/mark>pr\u00f4ne un progr\u00e8s social m\u00e9ritocratique<\/strong>, centrant son programme sur la valorisation du m\u00e9rite individuel, de la responsabilit\u00e9 personnelle et de la productivit\u00e9 comme fondements d\u2019une soci\u00e9t\u00e9 juste.<\/p>\n\n\n\n<p class=\"wp-block-paragraph\">Le <mark style=\"background-color:rgba(0, 0, 0, 0);color:#ff6900\" class=\"has-inline-color\">MDM<\/mark> met l&rsquo;accent sur une fiscalit\u00e9 m\u00e9ritocratique, un \u00c9tat-providence modernis\u00e9 mais responsabilisant, et une solidarit\u00e9 qui sert \u00e0 accompagner ceux qui s&rsquo;engagent vers l&rsquo;autonomie et la r\u00e9ussite, tout en luttant contre l&rsquo;assistanat excessif.<\/p>\n\n\n\n<p class=\"wp-block-paragraph\">\u200bEn revanche, la gauche progressiste d\u00e9fend plus classiquement un progr\u00e8s social \u00e9galitariste, fond\u00e9 sur la r\u00e9duction des in\u00e9galit\u00e9s par la redistribution, la justice sociale et l\u2019extension des droits sociaux universels.<\/p>\n\n\n\n<p class=\"wp-block-paragraph\">Elle met l&rsquo;accent sur l&rsquo;intervention \u00e9tatique directe pour garantir une \u00e9galit\u00e9 des conditions et des chances, visant une soci\u00e9t\u00e9 plus \u00e9galitaire par l\u2019augmentation des protections sociales et des m\u00e9canismes d\u2019inclusion.<\/p>\n\n\n\n<p class=\"wp-block-paragraph\">\u200bAinsi, le <mark style=\"background-color:rgba(0, 0, 0, 0);color:#ff6900\" class=\"has-inline-color\">MDM <\/mark>repr\u00e9sente une droite moderniste innovante, qui cherche \u00e0 concilier modernisation \u00e9conomique, responsabilit\u00e9 individuelle et protection sociale adapt\u00e9e, tandis que la gauche progressiste applique une approche traditionnellement plus \u00e9galitariste et redistributive au progr\u00e8s social.<\/p>\n\n\n\n<p class=\"wp-block-paragraph\">Cette distinction refl\u00e8te une diff\u00e9rence majeure dans les valeurs sous-jacentes et les politiques publiques envisag\u00e9es.<\/p>\n\n\n\n<p class=\"wp-block-paragraph\">Ce r\u00e9sum\u00e9 capture bien la diff\u00e9rence essentielle de philosophie sociale entre le <mark style=\"background-color:rgba(0, 0, 0, 0);color:#ff6900\" class=\"has-inline-color\">MDM<\/mark> et la gauche progressiste en Belgique aujourd\u2019hui.<\/p>\n\n\n\n<p class=\"wp-block-paragraph\"><\/p>\n","protected":false},"excerpt":{"rendered":"<p>Laquelle des deux d\u00e9fend le mieux le progr\u00e8s social\u00a0? Le Mouvement Droite Moderniste (MDM) pr\u00f4ne un progr\u00e8s social m\u00e9ritocratique, centrant son programme sur la valorisation du m\u00e9rite individuel, de la responsabilit\u00e9 personnelle et de la productivit\u00e9 comme fondements d\u2019une soci\u00e9t\u00e9 juste. Le MDM met l&rsquo;accent sur une fiscalit\u00e9 m\u00e9ritocratique, un \u00c9tat-providence modernis\u00e9 mais responsabilisant, et [&hellip;]<\/p>\n","protected":false},"author":1,"featured_media":0,"comment_status":"open","ping_status":"open","sticky":false,"template":"","format":"standard","meta":{"_monsterinsights_skip_tracking":false,"_uf_show_specific_survey":0,"_uf_disable_surveys":false,"footnotes":""},"categories":[24],"tags":[],"class_list":["post-2245","post","type-post","status-publish","format-standard","hentry","category-justice-sociale"],"_links":{"self":[{"href":"https:\/\/droitemoderniste.be\/index.php\/wp-json\/wp\/v2\/posts\/2245","targetHints":{"allow":["GET"]}}],"collection":[{"href":"https:\/\/droitemoderniste.be\/index.php\/wp-json\/wp\/v2\/posts"}],"about":[{"href":"https:\/\/droitemoderniste.be\/index.php\/wp-json\/wp\/v2\/types\/post"}],"author":[{"embeddable":true,"href":"https:\/\/droitemoderniste.be\/index.php\/wp-json\/wp\/v2\/users\/1"}],"replies":[{"embeddable":true,"href":"https:\/\/droitemoderniste.be\/index.php\/wp-json\/wp\/v2\/comments?post=2245"}],"version-history":[{"count":1,"href":"https:\/\/droitemoderniste.be\/index.php\/wp-json\/wp\/v2\/posts\/2245\/revisions"}],"predecessor-version":[{"id":2247,"href":"https:\/\/droitemoderniste.be\/index.php\/wp-json\/wp\/v2\/posts\/2245\/revisions\/2247"}],"wp:attachment":[{"href":"https:\/\/droitemoderniste.be\/index.php\/wp-json\/wp\/v2\/media?parent=2245"}],"wp:term":[{"taxonomy":"category","embeddable":true,"href":"https:\/\/droitemoderniste.be\/index.php\/wp-json\/wp\/v2\/categories?post=2245"},{"taxonomy":"post_tag","embeddable":true,"href":"https:\/\/droitemoderniste.be\/index.php\/wp-json\/wp\/v2\/tags?post=2245"}],"curies":[{"name":"wp","href":"https:\/\/api.w.org\/{rel}","templated":true}]}}