{"id":2242,"date":"2025-12-10T12:06:26","date_gmt":"2025-12-10T11:06:26","guid":{"rendered":"https:\/\/droitemoderniste.be\/?p=2242"},"modified":"2025-12-10T12:06:26","modified_gmt":"2025-12-10T11:06:26","slug":"modernisme-societal-du-mdm-concernant-lavortement","status":"publish","type":"post","link":"https:\/\/droitemoderniste.be\/index.php\/2025\/12\/10\/modernisme-societal-du-mdm-concernant-lavortement\/","title":{"rendered":"Modernisme soci\u00e9tal du MDM concernant l&rsquo;avortement"},"content":{"rendered":"\n<figure class=\"wp-block-image size-full\"><img loading=\"lazy\" decoding=\"async\" width=\"318\" height=\"159\" src=\"https:\/\/droitemoderniste.be\/wp-content\/uploads\/2025\/12\/avortement1-1.jpg\" alt=\"\" class=\"wp-image-2243\" srcset=\"https:\/\/droitemoderniste.be\/wp-content\/uploads\/2025\/12\/avortement1-1.jpg 318w, https:\/\/droitemoderniste.be\/wp-content\/uploads\/2025\/12\/avortement1-1-300x150.jpg 300w\" sizes=\"auto, (max-width: 318px) 100vw, 318px\" \/><\/figure>\n\n\n\n<h5 class=\"wp-block-heading\"><strong>Un \u00e9quilibre moderniste : libert\u00e9, dignit\u00e9 humaine et progr\u00e8s social<\/strong><\/h5>\n\n\n\n<p class=\"wp-block-paragraph\">Le <mark style=\"background-color:rgba(0, 0, 0, 0);color:#ff6900\" class=\"has-inline-color\">Mouvement Droite Moderniste<\/mark> adopte une position <strong>humaniste, pragmatique et scientifiquement \u00e9clair\u00e9e<\/strong> sur l\u2019interruption volontaire de grossesse (IVG). Fid\u00e8le \u00e0 ses principes de modernisme soci\u00e9tal, de spiritualisme la\u00efc et de justicialisme social, le <mark style=\"background-color:rgba(0, 0, 0, 0);color:#ff6900\" class=\"has-inline-color\">MDM<\/mark> entend concilier <strong>libert\u00e9 personnelle<\/strong>, <strong>responsabilit\u00e9 individuelle<\/strong> et <strong>respect progressif de la vie humaine<\/strong>.<\/p>\n\n\n\n<h6 class=\"wp-block-heading\"><strong>1. Libert\u00e9 garantie et non-stigmatisation<\/strong><\/h6>\n\n\n\n<p class=\"wp-block-paragraph\">Le <mark style=\"background-color:rgba(0, 0, 0, 0);color:#ff6900\" class=\"has-inline-color\">MDM<\/mark> r\u00e9affirme clairement le droit des femmes \u00e0 d\u00e9cider de poursuivre ou non une grossesse, dans le cadre fix\u00e9 par la loi.<br>Le mouvement s\u2019oppose \u00e0 toute culpabilisation, \u00e0 toute pression morale et \u00e0 toute entrave id\u00e9ologique.<br>L\u2019accent est mis sur la <strong>conscience \u00e9clair\u00e9e<\/strong> et l\u2019accompagnement, jamais sur la contrainte.<\/p>\n\n\n\n<h6 class=\"wp-block-heading\"><strong>2. R\u00e9duire les avortements par la pr\u00e9vention intelligente<\/strong><\/h6>\n\n\n\n<p class=\"wp-block-paragraph\">Plut\u00f4t que de restreindre la libert\u00e9, le <mark style=\"background-color:rgba(0, 0, 0, 0);color:#ff6900\" class=\"has-inline-color\">MDM<\/mark> vise \u00e0 <strong>r\u00e9duire le nombre d\u2019IVG par la pr\u00e9vention, l\u2019\u00e9ducation et l\u2019innovation<\/strong>.<\/p>\n\n\n\n<ul class=\"wp-block-list\">\n<li>Renforcement de l\u2019\u00e9ducation sexuelle modernis\u00e9e, centr\u00e9e sur les faits, la maturit\u00e9 affective et le consentement.<\/li>\n\n\n\n<li>Remboursement complet des contraceptifs les plus efficaces pour les jeunes et soutien \u00e0 la contraception masculine.<\/li>\n\n\n\n<li>Am\u00e9lioration de l\u2019acc\u00e8s \u00e0 l\u2019IVG pr\u00e9coce via un parcours fluide, rapide et d\u00e9complex\u00e9.<\/li>\n<\/ul>\n\n\n\n<h6 class=\"wp-block-heading\"><strong>3. Respect progressif de la vie humaine<\/strong><\/h6>\n\n\n\n<p class=\"wp-block-paragraph\">Le <mark style=\"background-color:rgba(0, 0, 0, 0);color:#ff6900\" class=\"has-inline-color\">MDM<\/mark> adopte une \u00e9thique moderne :<br>le respect d\u00fb au f\u0153tus <strong>cro\u00eet avec son d\u00e9veloppement<\/strong>, et l\u2019\u00c9tat encourage la pr\u00e9vention des IVG tardives.<br>Pour cela :<\/p>\n\n\n\n<ul class=\"wp-block-list\">\n<li>acc\u00e9l\u00e9ration de l\u2019acc\u00e8s aux consultations d\u2019IVG ;<\/li>\n\n\n\n<li>syst\u00e8mes de prise en charge prioritaire en cas de grossesse avanc\u00e9e ;<\/li>\n\n\n\n<li>d\u00e9veloppement d\u2019outils de diagnostic plus pr\u00e9coces.<\/li>\n<\/ul>\n\n\n\n<p class=\"wp-block-paragraph\">Cette approche n\u2019impose aucune restriction nouvelle, mais elle <strong>r\u00e9duit concr\u00e8tement les situations complexes<\/strong>.<\/p>\n\n\n\n<h6 class=\"wp-block-heading\"><strong>4. Soutien social : l\u2019autonomie r\u00e9elle<\/strong><\/h6>\n\n\n\n<p class=\"wp-block-paragraph\">Parce que la libert\u00e9 n\u2019est r\u00e9elle que si les conditions mat\u00e9rielles le permettent, le <mark style=\"background-color:rgba(0, 0, 0, 0);color:#ff6900\" class=\"has-inline-color\">MDM<\/mark> promeut :<\/p>\n\n\n\n<ul class=\"wp-block-list\">\n<li>des aides sociales cibl\u00e9es pour les femmes en situation pr\u00e9caire ;<\/li>\n\n\n\n<li>un accompagnement psychologique gratuit ;<\/li>\n\n\n\n<li>des dispositifs facilitant le maintien des \u00e9tudes ou de l\u2019emploi ;<\/li>\n\n\n\n<li>un programme d\u2019accompagnement \u201cAucune femme seule\u201d coordonnant soutien m\u00e9dical, social et administratif.<\/li>\n<\/ul>\n\n\n\n<h6 class=\"wp-block-heading\"><strong>5. Science, recherche et technologies au service de l\u2019\u00e9thique<\/strong><\/h6>\n\n\n\n<p class=\"wp-block-paragraph\">Le <mark style=\"background-color:rgba(0, 0, 0, 0);color:#ff6900\" class=\"has-inline-color\">MDM<\/mark> soutient la recherche sur :<\/p>\n\n\n\n<ul class=\"wp-block-list\">\n<li>les nouvelles contraceptions, f\u00e9minines et masculines ;<\/li>\n\n\n\n<li>le d\u00e9veloppement embryonnaire pour mieux \u00e9clairer les d\u00e9cisions \u00e9thiques ;<\/li>\n\n\n\n<li>les outils num\u00e9riques permettant une prise en charge plus rapide et plus s\u00fbre (t\u00e9l\u00e9m\u00e9decine encadr\u00e9e, diagnostics pr\u00e9coces).<\/li>\n<\/ul>\n\n\n\n<h6 class=\"wp-block-heading\"><strong>6. Clause de conscience \u00e9quilibr\u00e9e<\/strong><\/h6>\n\n\n\n<p class=\"wp-block-paragraph\">Le <mark style=\"background-color:rgba(0, 0, 0, 0);color:#ff6900\" class=\"has-inline-color\">MDM<\/mark> maintient la clause de conscience des soignants, mais impose une <strong>obligation stricte de r\u00e9orientation imm\u00e9diate<\/strong> vers un praticien disponible, afin de garantir l\u2019acc\u00e8s effectif au droit.<\/p>\n\n\n\n<hr class=\"wp-block-separator has-alpha-channel-opacity\"\/>\n\n\n\n<h6 class=\"wp-block-heading\"><strong>Position officielle du <mark style=\"background-color:rgba(0, 0, 0, 0);color:#ff6900\" class=\"has-inline-color\">MDM<\/mark><\/strong><\/h6>\n\n\n\n<p class=\"wp-block-paragraph\"><strong>\u201cLe <mark style=\"background-color:rgba(0, 0, 0, 0);color:#ff6900\" class=\"has-inline-color\">MDM<\/mark> d\u00e9fend une politique de libert\u00e9 responsable : garantir le droit des femmes, r\u00e9duire les d\u00e9tresses, pr\u00e9venir les situations difficiles, et valoriser une \u00e9thique moderne fond\u00e9e sur la dignit\u00e9 humaine et le progr\u00e8s scientifique.\u201d<\/strong><\/p>\n\n\n\n<p class=\"wp-block-paragraph\"><\/p>\n","protected":false},"excerpt":{"rendered":"<p>Un \u00e9quilibre moderniste : libert\u00e9, dignit\u00e9 humaine et progr\u00e8s social Le Mouvement Droite Moderniste adopte une position humaniste, pragmatique et scientifiquement \u00e9clair\u00e9e sur l\u2019interruption volontaire de grossesse (IVG). Fid\u00e8le \u00e0 ses principes de modernisme soci\u00e9tal, de spiritualisme la\u00efc et de justicialisme social, le MDM entend concilier libert\u00e9 personnelle, responsabilit\u00e9 individuelle et respect progressif de la [&hellip;]<\/p>\n","protected":false},"author":1,"featured_media":0,"comment_status":"open","ping_status":"open","sticky":false,"template":"","format":"standard","meta":{"_monsterinsights_skip_tracking":false,"_uf_show_specific_survey":0,"_uf_disable_surveys":false,"footnotes":""},"categories":[46],"tags":[],"class_list":["post-2242","post","type-post","status-publish","format-standard","hentry","category-avortement"],"_links":{"self":[{"href":"https:\/\/droitemoderniste.be\/index.php\/wp-json\/wp\/v2\/posts\/2242","targetHints":{"allow":["GET"]}}],"collection":[{"href":"https:\/\/droitemoderniste.be\/index.php\/wp-json\/wp\/v2\/posts"}],"about":[{"href":"https:\/\/droitemoderniste.be\/index.php\/wp-json\/wp\/v2\/types\/post"}],"author":[{"embeddable":true,"href":"https:\/\/droitemoderniste.be\/index.php\/wp-json\/wp\/v2\/users\/1"}],"replies":[{"embeddable":true,"href":"https:\/\/droitemoderniste.be\/index.php\/wp-json\/wp\/v2\/comments?post=2242"}],"version-history":[{"count":1,"href":"https:\/\/droitemoderniste.be\/index.php\/wp-json\/wp\/v2\/posts\/2242\/revisions"}],"predecessor-version":[{"id":2244,"href":"https:\/\/droitemoderniste.be\/index.php\/wp-json\/wp\/v2\/posts\/2242\/revisions\/2244"}],"wp:attachment":[{"href":"https:\/\/droitemoderniste.be\/index.php\/wp-json\/wp\/v2\/media?parent=2242"}],"wp:term":[{"taxonomy":"category","embeddable":true,"href":"https:\/\/droitemoderniste.be\/index.php\/wp-json\/wp\/v2\/categories?post=2242"},{"taxonomy":"post_tag","embeddable":true,"href":"https:\/\/droitemoderniste.be\/index.php\/wp-json\/wp\/v2\/tags?post=2242"}],"curies":[{"name":"wp","href":"https:\/\/api.w.org\/{rel}","templated":true}]}}